{"id":15495,"date":"2023-01-20T11:02:36","date_gmt":"2023-01-20T11:02:36","guid":{"rendered":"https:\/\/www.automakersnews.cz\/?p=15495"},"modified":"2023-01-20T11:02:36","modified_gmt":"2023-01-20T11:02:36","slug":"zemrel-zakladatel-leasingu-frantisek-fridrich","status":"publish","type":"post","link":"https:\/\/www.automakersnews.cz\/index.php\/2023\/01\/20\/zemrel-zakladatel-leasingu-frantisek-fridrich\/","title":{"rendered":"Zem\u0159el zakladatel leasingu Franti\u0161ek Fridrich"},"content":{"rendered":"<p><strong>\u010clenov\u00e9 \u010cesk\u00e9 leasingov\u00e9 a finan\u010dn\u00ed asociace (\u010cLFA) p\u0159ijali s hlubok\u00fdm z\u00e1rmutkem informaci o \u00famrt\u00ed JUDr. Franti\u0161ka Fridricha, kter\u00e9ho lze bez nads\u00e1zky ozna\u010dit za zakladatele leasingov\u00e9ho financov\u00e1n\u00ed v\u00a0\u010cesk\u00e9 republice.<\/strong><!--more--><\/p>\n<p>Ji\u017e v\u00a0roce 1991 byl Franti\u0161ek Fridrich inici\u00e1torem vzniku jedn\u00e9 z\u00a0prvn\u00edch oborov\u00fdch asociac\u00ed v\u00a0tehdej\u0161\u00ed \u010cesk\u00e9 a Slovensk\u00e9 Federativn\u00ed Republice. K\u00a0samotn\u00e9mu zalo\u017een\u00ed Asociace leasingov\u00fdch spole\u010dnosti \u010cSFR (ALS \u010cSFR, p\u0159edch\u016fdkyn\u011b \u010cesk\u00e9 leasingov\u00e9 a finan\u010dn\u00ed asociace) do\u0161lo 17. z\u00e1\u0159\u00ed 1991, kdy byla svol\u00e1na prvn\u00ed \u010dlensk\u00e1 sch\u016fze.<\/p>\n<p>V\u00a0\u010dele ALS \u010cSFR a pozd\u011bji ALS \u010cR p\u016fsobil Franti\u0161ek Fridrich a\u017e do roku 1994. Franti\u0161ek Fridrich zem\u0159el po kr\u00e1tk\u00e9 nemoci v sobotu 14. ledna 2023 ve v\u011bku 81 let.<\/p>\n<p><em>\u201eJm\u00e9nem \u010dlen\u016f \u010cesk\u00e9 leasingov\u00e9 a finan\u010dn\u00ed asociace bych cht\u011bla v\u0161em poz\u016fstal\u00fdm vyj\u00e1d\u0159it up\u0159\u00edmnou soustrast. Bez pr\u016fkopnictv\u00ed Franti\u0161ka Fridricha by leasingov\u00e9 financov\u00e1n\u00ed v \u010cesku nem\u011blo tak v\u00fdznamn\u00e9 postaven\u00ed, jak\u00e9 dnes bezesporu m\u00e1. Velmi dob\u0159e si pamatuji na reklamy ze za\u010d\u00e1tku 90. let, kdy se za\u010d\u00ednalo budovat pov\u011bdom\u00ed o leasingu, kter\u00fd v t\u00e9 dob\u011b d\u00e1val z\u00e1jemc\u016fm o podnik\u00e1n\u00ed bez kapit\u00e1lu nad\u011bji na zalo\u017een\u00ed vlastn\u00edho byznysu. Leasing je dnes naprosto standardn\u00edm zp\u016fsobem financov\u00e1n\u00ed podnikatel\u016f a firem v \u010cR a v\u00fdznamn\u011b p\u0159isp\u00edv\u00e1 k ekonomick\u00e9mu rozvoji na\u0161\u00ed spole\u010dnosti. I za to pat\u0159\u00ed na\u0161e pod\u011bkov\u00e1n\u00ed Franti\u0161kovi Fridrichovi,\u201c <\/em>uvedla Jana Hanu\u0161ov\u00e1, p\u0159edsedkyn\u011b p\u0159edstavenstva \u010cLFA.<\/p>\n","protected":false},"excerpt":{"rendered":"<div class=\"mh-excerpt\"><p>\u010clenov\u00e9 \u010cesk\u00e9 leasingov\u00e9 a finan\u010dn\u00ed asociace (\u010cLFA) p\u0159ijali s hlubok\u00fdm z\u00e1rmutkem informaci o \u00famrt\u00ed JUDr. Franti\u0161ka Fridricha, kter\u00e9ho lze bez nads\u00e1zky ozna\u010dit za zakladatele leasingov\u00e9ho <a class=\"mh-excerpt-more\" href=\"https:\/\/www.automakersnews.cz\/index.php\/2023\/01\/20\/zemrel-zakladatel-leasingu-frantisek-fridrich\/\" title=\"Zem\u0159el zakladatel leasingu Franti\u0161ek Fridrich\">[&#8230;]<\/a><\/p>\n<\/div>","protected":false},"author":1,"featured_media":15496,"comment_status":"open","ping_status":"open","sticky":false,"template":"","format":"standard","meta":{"footnotes":""},"categories":[3],"tags":[],"class_list":["post-15495","post","type-post","status-publish","format-standard","has-post-thumbnail","hentry","category-personalie"],"_links":{"self":[{"href":"https:\/\/www.automakersnews.cz\/index.php\/wp-json\/wp\/v2\/posts\/15495","targetHints":{"allow":["GET"]}}],"collection":[{"href":"https:\/\/www.automakersnews.cz\/index.php\/wp-json\/wp\/v2\/posts"}],"about":[{"href":"https:\/\/www.automakersnews.cz\/index.php\/wp-json\/wp\/v2\/types\/post"}],"author":[{"embeddable":true,"href":"https:\/\/www.automakersnews.cz\/index.php\/wp-json\/wp\/v2\/users\/1"}],"replies":[{"embeddable":true,"href":"https:\/\/www.automakersnews.cz\/index.php\/wp-json\/wp\/v2\/comments?post=15495"}],"version-history":[{"count":0,"href":"https:\/\/www.automakersnews.cz\/index.php\/wp-json\/wp\/v2\/posts\/15495\/revisions"}],"wp:featuredmedia":[{"embeddable":true,"href":"https:\/\/www.automakersnews.cz\/index.php\/wp-json\/wp\/v2\/media\/15496"}],"wp:attachment":[{"href":"https:\/\/www.automakersnews.cz\/index.php\/wp-json\/wp\/v2\/media?parent=15495"}],"wp:term":[{"taxonomy":"category","embeddable":true,"href":"https:\/\/www.automakersnews.cz\/index.php\/wp-json\/wp\/v2\/categories?post=15495"},{"taxonomy":"post_tag","embeddable":true,"href":"https:\/\/www.automakersnews.cz\/index.php\/wp-json\/wp\/v2\/tags?post=15495"}],"curies":[{"name":"wp","href":"https:\/\/api.w.org\/{rel}","templated":true}]}}