{"id":15499,"date":"2023-01-20T11:07:36","date_gmt":"2023-01-20T11:07:36","guid":{"rendered":"https:\/\/www.automakersnews.cz\/?p=15499"},"modified":"2023-01-20T11:08:09","modified_gmt":"2023-01-20T11:08:09","slug":"historicke-skodovky-ovladnou-olympii-i-arkady","status":"publish","type":"post","link":"https:\/\/www.automakersnews.cz\/index.php\/2023\/01\/20\/historicke-skodovky-ovladnou-olympii-i-arkady\/","title":{"rendered":"Historick\u00e9 \u0161kodovky ovl\u00e1dnou Olympii"},"content":{"rendered":"<p align=\"JUSTIFY\"><span style=\"font-family: Calibri, serif;\"><span style=\"font-size: medium;\"><b>Simply Clever a Simply the Best. Od 9. do 26. \u00fanora si v brn\u011bnsk\u00e9m n\u00e1kupn\u00edm centru Olympia daj\u00ed dostaven\u00ed\u010dko ty nejv\u011bt\u0161\u00ed perly z historie automobilky \u0160KODA.<\/b><\/span><\/span><!--more--><\/p>\n<p align=\"JUSTIFY\"><span style=\"font-family: Calibri, serif;\"><span style=\"font-size: medium;\">P\u0159edstav\u00ed se na t\u0159i des\u00edtky historick\u00fdch automobilov\u00fdch a motocyklov\u00fdch skvost\u016f, kter\u00e9 psaly d\u011bjiny zna\u010dky. T\u00e9m\u011b\u0159 deset laurinek v \u010dele s modelem Voiturette z roku 1905, jedn\u00edm z prvn\u00edch automobil\u016f zna\u010dky v\u016fbec, z\u00e1vodn\u00ed speci\u00e1l hrab\u011bte Kolowrata z roku 1907, ikonick\u00e9 modely Popular, Tudor, Rapid, Octavie \u010di kabriolet Felicie, ale tak\u00e9 z\u00e1vodn\u00ed speci\u00e1ly ze sv\u011bta motorsportu. <\/span><\/span><\/p>\n<p align=\"JUSTIFY\"><span style=\"font-family: Calibri, serif;\"><span style=\"font-size: medium;\">Brn\u011bnsk\u00e9 n\u00e1kupn\u00ed centrum tradi\u010dn\u011b p\u0159ipravuje pro sv\u00e9 n\u00e1v\u0161t\u011bvn\u00edky doprovodn\u00e9 akce, mezi kter\u00e9 pat\u0159\u00ed v\u00fdstavy, nau\u010dn\u00e9 besedy \u010di sout\u011b\u017ee o hodnotn\u00e9 ceny. N\u00e1v\u0161t\u011bvn\u00edci v\u00fdstavy \u0160koda v Olympii maj\u00ed jedine\u010dnou mo\u017enost b\u011bhem t\u0159\u00ed t\u00fddn\u016f za\u017e\u00edt v\u0161e nar\u00e1z.<\/span><\/span><\/p>\n<p align=\"JUSTIFY\"><span style=\"font-family: Calibri, serif;\"><span style=\"font-size: medium;\">\u201c<\/span><\/span><span style=\"font-family: Calibri, serif;\"><span style=\"font-size: medium;\"><i>Jsou to t\u00e9m\u011b\u0159 dva roky, co jsme za\u010dali pl\u00e1novat tuto akci a te\u010f v\u00e1m ji spole\u010dn\u011b se sv\u00fdm t\u00fdmem r\u00e1di p\u0159edstav\u00edme v pln\u00e9 kr\u00e1se a s pat\u0159i\u010dnou hrdost\u00ed, nebo\u0165 se jedn\u00e1 o prvn\u00ed zast\u00e1vku t\u00e9to putovn\u00ed v\u00fdstavy, kter\u00e1 d\u00e1le pokra\u010duje po \u010desk\u00fdch \u010di polsk\u00fdch centrech. Opravdov\u00e9 automobilov\u00e9 a motocyklov\u00e9 perly, kter\u00e9 br\u00e1zd\u00ed na\u0161e silnice ji\u017e sto let, si pamatuj\u00ed nejen na\u0161i tat\u00ednci, ale i d\u011bde\u010dkov\u00e9 a prad\u011bde\u010dkov\u00e9. A my v\u0161echny u n\u00e1s v Olympii r\u00e1di p\u0159iv\u00edt\u00e1me a v\u011b\u0159\u00edme, \u017ee si odnesou nezapomenuteln\u00e9 z\u00e1\u017eitky a t\u0159eba tak\u00e9 n\u011bjakou v\u00fdhru v doprovodn\u00fdch sout\u011b\u017e\u00edch,\u201d <\/i><\/span><\/span><span style=\"font-family: Calibri, serif;\"><span style=\"font-size: medium;\">\u0159\u00edk\u00e1 \u0159editel centra Jan Pazour.<\/span><\/span><span style=\"font-family: Calibri, serif;\"><span style=\"font-size: medium;\"><i> \u201cR\u00e1d bych tak\u00e9 pod\u011bkoval panu Samoh\u00fdlovi, kter\u00fd n\u00e1m tyto expon\u00e1ty zap\u016fj\u010dil a bez kter\u00e9ho bychom tuto akci neuspo\u0159\u00e1dali,\u201d <\/i><\/span><\/span><span style=\"font-family: Calibri, serif;\"><span style=\"font-size: medium;\">dod\u00e1v\u00e1.<\/span><\/span><\/p>\n<p align=\"JUSTIFY\">\u201c<span style=\"font-family: Calibri, serif;\"><span style=\"font-size: medium;\"><i>Kdy\u017e jsem byl osloven spolupracovat na t\u00e9to akci, tak jsem nev\u00e1hal a hned se do toho pustil a za\u010dal sestavovat seznamy aut a motocykl\u016f, kter\u00e9 na v\u00fdstavy zap\u016fj\u010d\u00edme. V\u011b\u0159te mi, \u017ee vybrat t\u00e9m\u011b\u0159 ze sta nasb\u00edran\u00fdch expon\u00e1t\u016f \u0160KODA &#8211; Laurin &amp; Klement bylo hor\u0161\u00ed, ne\u017e ke ka\u017ed\u00e9mu autu napsat jeho p\u0159\u00edb\u011bh. Vyzdvihnul bych ur\u010dit\u011b model L&amp;K G z roku 1909, kter\u00fdm m\u016fj otec Alois podnikl spole\u010dn\u011b s Eli\u0161kou Junkovou j\u00edzdu na 60. v\u00fdro\u010d\u00ed z\u00e1vodu Targa Florio \u010di spanilou j\u00edzdu ke 100. v\u00fdro\u010d\u00ed Monte Carla. V\u00fdstavu v Olympii Brno si ur\u010dit\u011b nenechte uj\u00edt a v\u011b\u0159\u00edm, \u017ee se i osobn\u011b potk\u00e1me, proto\u017ee budu pravideln\u011b chodit kontrolovat sv\u00e1 auta,\u201d <\/i><\/span><\/span><span style=\"font-family: Calibri, serif;\"><span style=\"font-size: medium;\">\u0159\u00edk\u00e1 sb\u011bratel Ladislav Samoh\u00fdl. <\/span><\/span><\/p>\n<p>Vstup na v\u00fdstavu je zdarma.<\/p>\n<p>V\u00fdstava historick\u00fdch voz\u016f \u0160koda Auto n\u00e1sledn\u011b zam\u00ed\u0159\u00ed do pra\u017esk\u00e9ho obchodn\u00edho centra Ark\u00e1dy Pankr\u00e1c, kde bude k vid\u011bn\u00ed v b\u0159eznu.<\/p>\n<p><strong>Zdroj: Petr Vurbs<\/strong><\/p>\n","protected":false},"excerpt":{"rendered":"<div class=\"mh-excerpt\"><p>Simply Clever a Simply the Best. Od 9. do 26. \u00fanora si v brn\u011bnsk\u00e9m n\u00e1kupn\u00edm centru Olympia daj\u00ed dostaven\u00ed\u010dko ty nejv\u011bt\u0161\u00ed perly z historie automobilky <a class=\"mh-excerpt-more\" href=\"https:\/\/www.automakersnews.cz\/index.php\/2023\/01\/20\/historicke-skodovky-ovladnou-olympii-i-arkady\/\" title=\"Historick\u00e9 \u0161kodovky ovl\u00e1dnou Olympii\">[&#8230;]<\/a><\/p>\n<\/div>","protected":false},"author":1,"featured_media":15500,"comment_status":"open","ping_status":"open","sticky":false,"template":"","format":"standard","meta":{"footnotes":""},"categories":[53,28],"tags":[],"class_list":["post-15499","post","type-post","status-publish","format-standard","has-post-thumbnail","hentry","category-veterani","category-vystavy"],"_links":{"self":[{"href":"https:\/\/www.automakersnews.cz\/index.php\/wp-json\/wp\/v2\/posts\/15499","targetHints":{"allow":["GET"]}}],"collection":[{"href":"https:\/\/www.automakersnews.cz\/index.php\/wp-json\/wp\/v2\/posts"}],"about":[{"href":"https:\/\/www.automakersnews.cz\/index.php\/wp-json\/wp\/v2\/types\/post"}],"author":[{"embeddable":true,"href":"https:\/\/www.automakersnews.cz\/index.php\/wp-json\/wp\/v2\/users\/1"}],"replies":[{"embeddable":true,"href":"https:\/\/www.automakersnews.cz\/index.php\/wp-json\/wp\/v2\/comments?post=15499"}],"version-history":[{"count":0,"href":"https:\/\/www.automakersnews.cz\/index.php\/wp-json\/wp\/v2\/posts\/15499\/revisions"}],"wp:featuredmedia":[{"embeddable":true,"href":"https:\/\/www.automakersnews.cz\/index.php\/wp-json\/wp\/v2\/media\/15500"}],"wp:attachment":[{"href":"https:\/\/www.automakersnews.cz\/index.php\/wp-json\/wp\/v2\/media?parent=15499"}],"wp:term":[{"taxonomy":"category","embeddable":true,"href":"https:\/\/www.automakersnews.cz\/index.php\/wp-json\/wp\/v2\/categories?post=15499"},{"taxonomy":"post_tag","embeddable":true,"href":"https:\/\/www.automakersnews.cz\/index.php\/wp-json\/wp\/v2\/tags?post=15499"}],"curies":[{"name":"wp","href":"https:\/\/api.w.org\/{rel}","templated":true}]}}