{"id":15504,"date":"2023-01-20T11:13:25","date_gmt":"2023-01-20T11:13:25","guid":{"rendered":"https:\/\/www.automakersnews.cz\/?p=15504"},"modified":"2023-01-20T11:14:18","modified_gmt":"2023-01-20T11:14:18","slug":"cez-nabidl-ekodobijecky-ve-stechovicich","status":"publish","type":"post","link":"https:\/\/www.automakersnews.cz\/index.php\/2023\/01\/20\/cez-nabidl-ekodobijecky-ve-stechovicich\/","title":{"rendered":"\u010cEZ nab\u00eddl ekodob\u00edje\u010dky ve \u0160t\u011bchovic\u00edch"},"content":{"rendered":"<p align=\"JUSTIFY\"><strong><span style=\"color: #63666a;\"><span style=\"font-size: medium;\">Doplnit energii po cest\u011b Povltav\u00edm m\u016f\u017eou od poloviny ledna \u0159idi\u010di elektromobil\u016f pobl\u00ed\u017e vodn\u00ed elektr\u00e1rny ve st\u0159edo\u010desk\u00fdch \u0160t\u011bchovic\u00edch. U dvou stojan\u016f tu na\u010derpaj\u00ed certifikovanou elekt\u0159inu z obnoviteln\u00fdch zdroj\u016f poch\u00e1zej\u00edc\u00ed p\u0159\u00edmo ze zelen\u00fdch elektr\u00e1ren, kter\u00e9 \u010cEZ provozuje na tomto stupni Vltavsk\u00e9 kask\u00e1dy.<\/span><\/span><\/strong><!--more--><\/p>\n<p align=\"JUSTIFY\"><span style=\"color: #63666a;\"><span style=\"font-size: medium;\"> Nejv\u011bt\u0161\u00ed \u010desk\u00e1 s\u00ed\u0165 ve\u0159ejn\u00fdch dob\u00edjec\u00edch stojan\u016f nab\u00edz\u00ed celkov\u011b ve st\u0159edn\u00edch \u010cech\u00e1ch v\u00edce ne\u017e 70 dob\u00edjec\u00edch stanic.<\/span><\/span><\/p>\n<p align=\"JUSTIFY\"><span style=\"color: #63666a;\">\u201e<i>Po\u010det elektromobil\u016f v \u010cesk\u00e9 republice dynamicky roste a v\u00a0p\u0159\u00ed\u0161t\u00edch letech p\u016fjde o des\u00edtky tis\u00edc nov\u00fdch elektrick\u00fdch aut ro\u010dn\u011b. Ve\u0159ejn\u00e1 dob\u00edjec\u00ed infrastruktura mus\u00ed b\u00fdt na takovou popt\u00e1vku p\u0159ipravena nejen ve m\u011bstech a u hlavn\u00edch tah\u016f, ale tak\u00e9 plo\u0161n\u011b v\u00a0dal\u0161\u00edch m\u00edstech jako jsou pr\u00e1v\u011b \u0160t\u011bchovice. V\u00a0posledn\u00edch dvou letech jsme poka\u017ed\u00e9 postavili p\u0159es 100 nov\u00fdch stanic a vysok\u00e9 tempo zahu\u0161\u0165ov\u00e1n\u00ed ve\u0159ejn\u00e9 s\u00edt\u011b chceme udr\u017eet i letos. \u0158idi\u010d\u016fm nav\u00edc d\u00edky certifikaci p\u016fvodu elekt\u0159iny z obnoviteln\u00fdch zdroj\u016f garantujeme odb\u011br skute\u010dn\u011b bezemisn\u00ed energie,\u201c<\/i><\/span><span style=\"color: #63666a;\"> \u0159\u00edk\u00e1 <\/span><span style=\"color: #63666a;\"><b>\u0159editel \u00fatvaru<\/b><\/span> <span style=\"color: #63666a;\"><b>elektromobilita Tom\u00e1\u0161 Dzurilla<\/b><\/span><span style=\"color: #63666a;\">.<\/span><\/p>\n<p align=\"JUSTIFY\"><span style=\"color: #63666a;\">\u201e<i>Ve \u0160t\u011bchovic\u00edch vyrob\u00edme v\u00a0obnoviteln\u00fdch zdroj\u00edch ka\u017edoro\u010dn\u011b des\u00edtky tis\u00edc MWh elekt\u0159iny. V\u00a0dob\u011b, kdy energetika i doprava sm\u011b\u0159uj\u00ed k\u00a0decentralizaci a dekarbonizaci je naprosto p\u0159irozen\u00e9, \u017ee <\/i><\/span><\/p>\n<p align=\"JUSTIFY\"><span style=\"color: #63666a;\"><i>\u00e1st t\u00e9to bezemisn\u00ed energie nyn\u00ed proud\u00ed do bateri\u00ed aut obyvatel a n\u00e1v\u0161t\u011bvn\u00edk\u016f \u0160t\u011bchovic. V\u011b\u0159\u00edm tak\u00e9, \u017ee stojany si obl\u00edb\u00ed i na\u0161i zam\u011bstnanci, kte\u0159\u00ed vyu\u017e\u00edvaj\u00ed elektromobily st\u00e1le \u010dast\u011bji,\u201c<\/i><\/span><span style=\"color: #63666a;\"> \u0159\u00edk\u00e1<\/span><i> <\/i><span style=\"color: #63666a;\"><b>\u0159editel vodn\u00edch elektr\u00e1ren \u010cEZ Robert Heczko<\/b><\/span><span style=\"color: #63666a;\"><i>.<\/i><\/span><\/p>\n<p align=\"JUSTIFY\"><span style=\"color: #63666a;\">Ve \u0160t\u011bchovic\u00edch \u010cEZ provozuje vedle klasick\u00e9 elektr\u00e1rny Vltavsk\u00e9 kask\u00e1dy tak\u00e9 p\u0159e\u010derp\u00e1vac\u00ed vodn\u00ed elektr\u00e1rnu, velkou akumula\u010dn\u00ed baterii, kter\u00e1 um\u00ed b\u011bhem dvou minut od povelu za\u010d\u00edt do \u010desk\u00e9 energetick\u00e9 soustavy po \u010dty\u0159i hodiny pumpovat v\u00fdkon 50 MW. Na hladin\u011b horn\u00ed n\u00e1dr\u017ee p\u0159e\u010derp\u00e1vac\u00ed energetici tak\u00e9 testuj\u00ed prvn\u00ed \u010deskou plovouc\u00ed fotovoltaickou elektr\u00e1rnu. Ve \u0160t\u011bchovic\u00edch je nav\u00edc um\u00edst\u011bn centr\u00e1ln\u00ed dispe\u010dink, kter\u00fd z\u00a0jednoho m\u00edsta jako jednu elektr\u00e1rnu \u0159\u00edd\u00ed v\u00edce ne\u017e 700 MW v\u00fdkonu vltavsk\u00fdch vodn\u00edch zdroj\u016f.<\/span><\/p>\n<p align=\"JUSTIFY\"><span style=\"color: #63666a;\"><i><b>\u0160t\u011bchovice: ekologick\u00e1 energetika \u010cEZ na jednom m\u00edst\u011b<\/b><\/i><\/span><\/p>\n<table border=\"1\" width=\"614\" cellspacing=\"0\" cellpadding=\"7\">\n<tbody>\n<tr valign=\"TOP\">\n<td width=\"221\">\n<p align=\"JUSTIFY\"><span style=\"color: #5f6163;\"><span style=\"font-family: Arial, serif;\"><b>Za\u0159\u00edzen\u00ed<\/b><\/span><\/span><\/p>\n<\/td>\n<td width=\"175\">\n<p align=\"JUSTIFY\"><span style=\"color: #5f6163;\"><span style=\"font-family: Arial, serif;\"><b>V\u00fdkon<\/b><\/span><\/span><\/p>\n<\/td>\n<td width=\"174\">\n<p align=\"JUSTIFY\"><span style=\"color: #5f6163;\"><span style=\"font-family: Arial, serif;\"><b>Datum zprovozn\u011bn\u00ed<\/b><\/span><\/span><\/p>\n<\/td>\n<\/tr>\n<tr valign=\"TOP\">\n<td width=\"221\">\n<p align=\"JUSTIFY\"><span style=\"color: #5f6163;\"><span style=\"font-family: Arial, serif;\">Vodn\u00ed elektr\u00e1rna<\/span><\/span><\/p>\n<\/td>\n<td width=\"175\"><span style=\"color: #5f6163;\"><span style=\"font-family: Arial, serif;\">2 x 11,25 MW<\/span><\/span><\/td>\n<td width=\"174\">\n<p align=\"JUSTIFY\"><span style=\"color: #5f6163;\"><span style=\"font-family: Arial, serif;\">1943-44<\/span><\/span><\/p>\n<\/td>\n<\/tr>\n<tr valign=\"TOP\">\n<td width=\"221\">\n<p align=\"JUSTIFY\"><span style=\"color: #5f6163;\"><span style=\"font-family: Arial, serif;\">P\u0159e\u010derp\u00e1vac\u00ed vodn\u00ed elektr\u00e1rna<\/span><\/span><\/p>\n<\/td>\n<td width=\"175\"><span style=\"color: #5f6163;\"><span style=\"font-family: Arial, serif;\">45 MW<\/span><\/span><\/td>\n<td width=\"174\">\n<p align=\"JUSTIFY\"><span style=\"color: #5f6163;\"><span style=\"font-family: Arial, serif;\">1947 (modernizace 1996)<\/span><\/span><\/p>\n<\/td>\n<\/tr>\n<tr valign=\"TOP\">\n<td width=\"221\">\n<p align=\"JUSTIFY\"><span style=\"color: #5f6163;\"><span style=\"font-family: Arial, serif;\">Plovouc\u00ed fotovoltaick\u00e1 elektr\u00e1rna<\/span><\/span><\/p>\n<\/td>\n<td width=\"175\"><span style=\"color: #5f6163;\"><span style=\"font-family: Arial, serif;\">21,6 kW (ostrovn\u00ed provoz)<\/span><\/span><\/td>\n<td width=\"174\">\n<p align=\"JUSTIFY\"><span style=\"color: #5f6163;\"><span style=\"font-family: Arial, serif;\">2021<\/span><\/span><\/p>\n<\/td>\n<\/tr>\n<tr valign=\"TOP\">\n<td width=\"221\">\n<p align=\"JUSTIFY\"><span style=\"color: #5f6163;\"><span style=\"font-family: Arial, serif;\">Dob\u00edjec\u00ed stanice pro elektromobily<\/span><\/span><\/p>\n<\/td>\n<td width=\"175\"><span style=\"color: #5f6163;\"><span style=\"font-family: Arial, serif;\">72 kW + 44 kW<\/span><\/span><\/td>\n<td width=\"174\">\n<p align=\"JUSTIFY\"><span style=\"color: #5f6163;\"><span style=\"font-family: Arial, serif;\">2023<\/span><\/span><\/p>\n<\/td>\n<\/tr>\n<\/tbody>\n<\/table>\n<p align=\"JUSTIFY\"><span style=\"color: #63666a;\">Nejv\u011bt\u0161\u00ed dom\u00e1c\u00ed s\u00ed\u0165 ve\u0159ejn\u00fdch dob\u00edjec\u00edch stojan\u016f srovnateln\u00e1 se st\u0159edn\u011b velk\u00fdmi \u0159et\u011bzci \u010derpac\u00edch stanic m\u016f\u017ee v jednu chv\u00edli obslou\u017eit a\u017e 1000 e-aut. Celkov\u00fd instalovan\u00fd v\u00fdkon v\u0161ech stojan\u016f p\u0159es\u00e1hl na za\u010d\u00e1tku roku 35 MW, co\u017e je nap\u0159. ekvivalent st\u0159edn\u011b velk\u00e9 vodn\u00ed elektr\u00e1rny z\u00e1sobuj\u00edc\u00ed elekt\u0159inou dom\u00e1cnosti 80tis\u00edcov\u00e9ho m\u011bsta. \u010cEZ chce do roku 2030 zv\u00fd\u0161it v\u00fdkon s\u00edt\u011b v\u00edce ne\u017e \u010dty\u0159n\u00e1sobn\u011b, a to zejm\u00e9na rozvojem vysokov\u00fdkonn\u00fdch hub\u016f. P\u0159es 200 stanic s\u00edt\u011b vyrostlo i d\u00edky evropsk\u00e9mu grantu Connecting Europe Facility (CEF) a Opera\u010dn\u00edmu programu doprava, dal\u0161\u00ed des\u00edtky \u010cEZ postavil z vlastn\u00edch prost\u0159edk\u016f. <\/span><\/p>\n<p align=\"JUSTIFY\"><span style=\"color: #63666a;\">P\u0159i vyu\u017e\u00edv\u00e1n\u00ed s\u00edt\u011b se u\u017eivatel p\u0159ed dob\u00edjen\u00edm identifikuje RFID kartou nebo pomoc\u00ed aplikace FUTUR\/E\/GO. Ta zefektiv\u0148uje dob\u00edjen\u00ed d\u00edky sp\u00e1rov\u00e1n\u00ed mobiln\u00edho telefonu s dob\u00edjec\u00ed stanic\u00ed, vyhled\u00e1 nejbli\u017e\u0161\u00ed dob\u00edjec\u00ed m\u00edsto v\u010detn\u011b aktu\u00e1ln\u00ed doby dojezdu nebo uk\u00e1\u017ee aktu\u00e1ln\u00ed obsazenost stojan\u016f. V\u00edce ne\u017e 80% s\u00edt\u011b \u010cEZ tvo\u0159\u00ed dnes dob\u00edjec\u00ed stojany o v\u00fdkonu 50 kW, v budoucnu ale poroste pod\u00edl ultrarychl\u00fdch stanic.<\/span><\/p>\n","protected":false},"excerpt":{"rendered":"<div class=\"mh-excerpt\"><p>Doplnit energii po cest\u011b Povltav\u00edm m\u016f\u017eou od poloviny ledna \u0159idi\u010di elektromobil\u016f pobl\u00ed\u017e vodn\u00ed elektr\u00e1rny ve st\u0159edo\u010desk\u00fdch \u0160t\u011bchovic\u00edch. U dvou stojan\u016f tu na\u010derpaj\u00ed certifikovanou elekt\u0159inu z <a class=\"mh-excerpt-more\" href=\"https:\/\/www.automakersnews.cz\/index.php\/2023\/01\/20\/cez-nabidl-ekodobijecky-ve-stechovicich\/\" title=\"\u010cEZ nab\u00eddl ekodob\u00edje\u010dky ve \u0160t\u011bchovic\u00edch\">[&#8230;]<\/a><\/p>\n<\/div>","protected":false},"author":1,"featured_media":15506,"comment_status":"open","ping_status":"open","sticky":false,"template":"","format":"standard","meta":{"footnotes":""},"categories":[22],"tags":[],"class_list":["post-15504","post","type-post","status-publish","format-standard","has-post-thumbnail","hentry","category-elektromobily"],"_links":{"self":[{"href":"https:\/\/www.automakersnews.cz\/index.php\/wp-json\/wp\/v2\/posts\/15504","targetHints":{"allow":["GET"]}}],"collection":[{"href":"https:\/\/www.automakersnews.cz\/index.php\/wp-json\/wp\/v2\/posts"}],"about":[{"href":"https:\/\/www.automakersnews.cz\/index.php\/wp-json\/wp\/v2\/types\/post"}],"author":[{"embeddable":true,"href":"https:\/\/www.automakersnews.cz\/index.php\/wp-json\/wp\/v2\/users\/1"}],"replies":[{"embeddable":true,"href":"https:\/\/www.automakersnews.cz\/index.php\/wp-json\/wp\/v2\/comments?post=15504"}],"version-history":[{"count":0,"href":"https:\/\/www.automakersnews.cz\/index.php\/wp-json\/wp\/v2\/posts\/15504\/revisions"}],"wp:featuredmedia":[{"embeddable":true,"href":"https:\/\/www.automakersnews.cz\/index.php\/wp-json\/wp\/v2\/media\/15506"}],"wp:attachment":[{"href":"https:\/\/www.automakersnews.cz\/index.php\/wp-json\/wp\/v2\/media?parent=15504"}],"wp:term":[{"taxonomy":"category","embeddable":true,"href":"https:\/\/www.automakersnews.cz\/index.php\/wp-json\/wp\/v2\/categories?post=15504"},{"taxonomy":"post_tag","embeddable":true,"href":"https:\/\/www.automakersnews.cz\/index.php\/wp-json\/wp\/v2\/tags?post=15504"}],"curies":[{"name":"wp","href":"https:\/\/api.w.org\/{rel}","templated":true}]}}