{"id":15508,"date":"2023-01-20T11:36:52","date_gmt":"2023-01-20T11:36:52","guid":{"rendered":"https:\/\/www.automakersnews.cz\/?p=15508"},"modified":"2023-01-20T12:19:29","modified_gmt":"2023-01-20T12:19:29","slug":"opel-astra-sports-tourer-se-blyskl-v-loftu","status":"publish","type":"post","link":"https:\/\/www.automakersnews.cz\/index.php\/2023\/01\/20\/opel-astra-sports-tourer-se-blyskl-v-loftu\/","title":{"rendered":"Opel Astra Sports Tourer se bl\u00fdskl v loftu"},"content":{"rendered":"<p class=\"xmprfx_MsoNoSpacing\"><strong>Loft BUB-NY v pra\u017esk\u00fdch Hole\u0161ovic\u00edch hostil 19. ledna novin\u00e1\u0159skou premi\u00e9ru nov\u00e9 Astry Sports Tourer. V\u016fz p\u0159edstavil country mana\u017eer zna\u010dky Josef \u0160op\u00edk. Hodnotil tak\u00e9 lo\u0148sk\u00e9 prodeje Opelu a uk\u00e1zal novou produktovou mana\u017eerku.<\/strong><!--more--><\/p>\n<p class=\"xmprfx_MsoNoSpacing\"><span style=\"font-family: Opel Next, serif;\"><span style=\"font-size: medium;\"><span lang=\"cs-CZ\">Opel loni podle \u0161\u00e9fa importu zv\u00fd\u0161il na sl\u00e1bnouc\u00edm tuzemsk\u00e9m trhu sv\u016fj tr\u017en\u00ed pod\u00edl a posunul se na \u017eeb\u0159\u00ed\u010dku import\u00e9r\u016f z\u0159eteln\u011b vzh\u016fru!<\/span><\/span><\/span><\/p>\n<p class=\"xmprfx_MsoNoSpacing\"><span style=\"font-family: Opel Next, serif;\"><span style=\"font-size: medium;\"><span lang=\"cs-CZ\">&#8222;I p\u0159es klesaj\u00edc\u00ed trh jsme v roce 2022 dok\u00e1zali v \u010cR zv\u00fd\u0161it prodeje OA+LUV model\u016f a\u017e na 5409 voz\u016f, \u010d\u00edm\u017e se n\u00e1m poda\u0159ilo meziro\u010dn\u011b vylep\u0161it tr\u017en\u00ed pod\u00edl, kter\u00fd se vy\u0161plhal z 2,36 procent na 2,59 procenta<i>,\u201c<\/i><\/span><\/span><\/span><span style=\"font-family: Opel Next, serif;\"><span style=\"font-size: medium;\"><span lang=\"cs-CZ\"> p\u0159ipomn\u011bl \u0160op\u00edk.<\/span><\/span><\/span><\/p>\n<p><strong>Prodeje t\u00e1hl Crossland<\/strong><\/p>\n<p><span style=\"font-family: Opel Next, serif;\"><span style=\"font-size: medium;\"><span lang=\"cs-CZ\">Za v\u00fdsledky na sl\u00e1bnouc\u00edm \u010desk\u00e9m trhu vd\u011b\u010d\u00ed Opel podle jeho slov kompaktn\u00edmu SUV Crossland, kter\u00e9 se stalo nejprod\u00e1van\u011bj\u0161\u00edm Opelem na tuzemsk\u00e9m trhu \u2013 z\u00e1kazn\u00edci si jich vloni odvezli celkem 1580 a Crossland se tak stal druh\u00fdm nejprod\u00e1van\u011bj\u0161\u00edm vozem cel\u00e9 sv\u00e9 B-SUV t\u0159\u00eddy. <\/span><\/span><\/span><span style=\"font-family: Opel Next, serif;\"><span style=\"font-size: medium;\"><span lang=\"cs-CZ\">Titul \u201eskokana roku\u201c si Opel m\u016f\u017ee p\u0159ipsat v segmentu lehk\u00fdch u\u017eitkov\u00fdch voz\u016f. <\/span><\/span><\/span><\/p>\n<p><img loading=\"lazy\" decoding=\"async\" class=\"alignnone size-large wp-image-15545\" src=\"http:\/\/www.automakersnews.cz\/wp-content\/uploads\/2023\/01\/Opel-Astra-Sports-Tourer-1024x768.jpg\" alt=\"\" width=\"1024\" height=\"768\" srcset=\"https:\/\/www.automakersnews.cz\/wp-content\/uploads\/2023\/01\/Opel-Astra-Sports-Tourer-1024x768.jpg 1024w, https:\/\/www.automakersnews.cz\/wp-content\/uploads\/2023\/01\/Opel-Astra-Sports-Tourer-300x225.jpg 300w, https:\/\/www.automakersnews.cz\/wp-content\/uploads\/2023\/01\/Opel-Astra-Sports-Tourer-768x576.jpg 768w, https:\/\/www.automakersnews.cz\/wp-content\/uploads\/2023\/01\/Opel-Astra-Sports-Tourer-1536x1152.jpg 1536w, https:\/\/www.automakersnews.cz\/wp-content\/uploads\/2023\/01\/Opel-Astra-Sports-Tourer-678x509.jpg 678w, https:\/\/www.automakersnews.cz\/wp-content\/uploads\/2023\/01\/Opel-Astra-Sports-Tourer-326x245.jpg 326w, https:\/\/www.automakersnews.cz\/wp-content\/uploads\/2023\/01\/Opel-Astra-Sports-Tourer-80x60.jpg 80w, https:\/\/www.automakersnews.cz\/wp-content\/uploads\/2023\/01\/Opel-Astra-Sports-Tourer.jpg 2040w\" sizes=\"auto, (max-width: 1024px) 100vw, 1024px\" \/><\/p>\n<p><strong><span lang=\"cs-CZ\">\u0160op\u00edk <\/span><span lang=\"cs-CZ\">si v\u011b\u0159\u00ed i pro rok 2023: <\/span><span lang=\"cs-CZ\">\u201ePo\u010d\u00edt\u00e1me, \u017ee r\u016fstov\u00fd trend si udr\u017e\u00edme i v nadch\u00e1zej\u00edc\u00edm roce &#8211; v\u011b\u0159\u00edme si i proto, \u017ee letos uvedeme hned n\u011bkolik velmi v\u00fdrazn\u00fdch novinek. Jako prvn\u00ed p\u0159ich\u00e1z\u00ed kombi Astra Sports Tourer, kter\u00e9 ur\u010dit\u011b oslov\u00ed i flotilov\u00e9 klienty!&#8220;<\/span><\/strong><\/p>\n<figure id=\"attachment_15539\" aria-describedby=\"caption-attachment-15539\" style=\"width: 768px\" class=\"wp-caption alignnone\"><img loading=\"lazy\" decoding=\"async\" class=\"size-large wp-image-15539\" src=\"http:\/\/www.automakersnews.cz\/wp-content\/uploads\/2023\/01\/Opel-Astra-Sopik-Chmelikova-768x1024.jpg\" alt=\"\" width=\"768\" height=\"1024\" srcset=\"https:\/\/www.automakersnews.cz\/wp-content\/uploads\/2023\/01\/Opel-Astra-Sopik-Chmelikova-768x1024.jpg 768w, https:\/\/www.automakersnews.cz\/wp-content\/uploads\/2023\/01\/Opel-Astra-Sopik-Chmelikova-225x300.jpg 225w, https:\/\/www.automakersnews.cz\/wp-content\/uploads\/2023\/01\/Opel-Astra-Sopik-Chmelikova-1152x1536.jpg 1152w, https:\/\/www.automakersnews.cz\/wp-content\/uploads\/2023\/01\/Opel-Astra-Sopik-Chmelikova.jpg 1530w\" sizes=\"auto, (max-width: 768px) 100vw, 768px\" \/><figcaption id=\"caption-attachment-15539\" class=\"wp-caption-text\">Josef \u0160op\u00edk uk\u00e1zal novou produktovou mana\u017eerku M\u00ed\u0161u Chmel\u00edkovou, kter\u00e1 nahradila Tom\u00e1\u0161e Zahela (loni p\u0159e\u0161el k Fiatu). Program ve\u010dera pak zakon\u010dila pozitivn\u00ed Opel Astra ST Party<\/figcaption><\/figure>\n<p><img loading=\"lazy\" decoding=\"async\" class=\"alignnone size-large wp-image-15547\" src=\"http:\/\/www.automakersnews.cz\/wp-content\/uploads\/2023\/01\/Opel-Astra-party-1024x768.jpg\" alt=\"\" width=\"1024\" height=\"768\" srcset=\"https:\/\/www.automakersnews.cz\/wp-content\/uploads\/2023\/01\/Opel-Astra-party-1024x768.jpg 1024w, https:\/\/www.automakersnews.cz\/wp-content\/uploads\/2023\/01\/Opel-Astra-party-300x225.jpg 300w, https:\/\/www.automakersnews.cz\/wp-content\/uploads\/2023\/01\/Opel-Astra-party-768x576.jpg 768w, https:\/\/www.automakersnews.cz\/wp-content\/uploads\/2023\/01\/Opel-Astra-party-1536x1152.jpg 1536w, https:\/\/www.automakersnews.cz\/wp-content\/uploads\/2023\/01\/Opel-Astra-party-678x509.jpg 678w, https:\/\/www.automakersnews.cz\/wp-content\/uploads\/2023\/01\/Opel-Astra-party-326x245.jpg 326w, https:\/\/www.automakersnews.cz\/wp-content\/uploads\/2023\/01\/Opel-Astra-party-80x60.jpg 80w, https:\/\/www.automakersnews.cz\/wp-content\/uploads\/2023\/01\/Opel-Astra-party.jpg 2040w\" sizes=\"auto, (max-width: 1024px) 100vw, 1024px\" \/><\/p>\n<p><span style=\"font-family: Opel Next, serif;\"><span style=\"font-size: medium;\"><span lang=\"cs-CZ\">\u00a0<\/span><\/span><\/span><\/p>\n<p>&nbsp;<\/p>\n","protected":false},"excerpt":{"rendered":"<div class=\"mh-excerpt\"><p>Loft BUB-NY v pra\u017esk\u00fdch Hole\u0161ovic\u00edch hostil 19. ledna novin\u00e1\u0159skou premi\u00e9ru nov\u00e9 Astry Sports Tourer. V\u016fz p\u0159edstavil country mana\u017eer zna\u010dky Josef \u0160op\u00edk. Hodnotil tak\u00e9 lo\u0148sk\u00e9 prodeje <a class=\"mh-excerpt-more\" href=\"https:\/\/www.automakersnews.cz\/index.php\/2023\/01\/20\/opel-astra-sports-tourer-se-blyskl-v-loftu\/\" title=\"Opel Astra Sports Tourer se bl\u00fdskl v loftu\">[&#8230;]<\/a><\/p>\n<\/div>","protected":false},"author":1,"featured_media":15538,"comment_status":"open","ping_status":"open","sticky":false,"template":"","format":"standard","meta":{"footnotes":""},"categories":[2],"tags":[],"class_list":["post-15508","post","type-post","status-publish","format-standard","has-post-thumbnail","hentry","category-news"],"_links":{"self":[{"href":"https:\/\/www.automakersnews.cz\/index.php\/wp-json\/wp\/v2\/posts\/15508","targetHints":{"allow":["GET"]}}],"collection":[{"href":"https:\/\/www.automakersnews.cz\/index.php\/wp-json\/wp\/v2\/posts"}],"about":[{"href":"https:\/\/www.automakersnews.cz\/index.php\/wp-json\/wp\/v2\/types\/post"}],"author":[{"embeddable":true,"href":"https:\/\/www.automakersnews.cz\/index.php\/wp-json\/wp\/v2\/users\/1"}],"replies":[{"embeddable":true,"href":"https:\/\/www.automakersnews.cz\/index.php\/wp-json\/wp\/v2\/comments?post=15508"}],"version-history":[{"count":0,"href":"https:\/\/www.automakersnews.cz\/index.php\/wp-json\/wp\/v2\/posts\/15508\/revisions"}],"wp:featuredmedia":[{"embeddable":true,"href":"https:\/\/www.automakersnews.cz\/index.php\/wp-json\/wp\/v2\/media\/15538"}],"wp:attachment":[{"href":"https:\/\/www.automakersnews.cz\/index.php\/wp-json\/wp\/v2\/media?parent=15508"}],"wp:term":[{"taxonomy":"category","embeddable":true,"href":"https:\/\/www.automakersnews.cz\/index.php\/wp-json\/wp\/v2\/categories?post=15508"},{"taxonomy":"post_tag","embeddable":true,"href":"https:\/\/www.automakersnews.cz\/index.php\/wp-json\/wp\/v2\/tags?post=15508"}],"curies":[{"name":"wp","href":"https:\/\/api.w.org\/{rel}","templated":true}]}}