{"id":1558,"date":"2022-11-02T12:33:27","date_gmt":"2022-11-02T12:33:27","guid":{"rendered":"https:\/\/www.automakersnews.cz\/?p=1558"},"modified":"2022-11-02T12:33:27","modified_gmt":"2022-11-02T12:33:27","slug":"porsche-inter-auto-cz-vybrala-na-ukrajinu","status":"publish","type":"post","link":"https:\/\/www.automakersnews.cz\/index.php\/2022\/11\/02\/porsche-inter-auto-cz-vybrala-na-ukrajinu\/","title":{"rendered":"Porsche Inter Auto CZ vybrala na Ukrajinu"},"content":{"rendered":"<p><strong> Porsche Inter Auto CZ finan\u010dn\u011b pom\u016f\u017ee ob\u011btem rusk\u00e9 agrese na Ukrajin\u011b prost\u0159ednictv\u00edm \u010clov\u011bka v t\u00edsni. <\/strong><strong>Management firmy se spolu se zam\u011bstnanci, kte\u0159\u00ed mezi sebou uspo\u0159\u00e1dali sb\u00edrku, rozhodl finan\u010dn\u011b podpo\u0159it v\u00e1lkou posti\u017een\u00e9 zemi p\u0159\u00edsp\u011bvkem 200 000 K\u010d, ur\u010den\u00fdm pro pomoc ob\u011btem konfliktu.<\/strong><\/p>\n<p><!--more--><\/p>\n<p>\u201eTo, co se d\u011bje jen n\u011bkolik set kilometr\u016f od na\u0161ich hranic, bereme s nejvy\u0161\u0161\u00ed v\u00e1\u017enost\u00ed. V\u00e1le\u010dn\u00fd konflikt na Ukrajin\u011b je t\u00edm nejbolestiv\u011bj\u0161\u00edm aktu\u00e1ln\u00edm probl\u00e9mem cel\u00e9 z\u00e1padn\u00ed spole\u010dnosti, do kter\u00e9 se \u0159ad\u00edme. Proto jsme se rozhodli nab\u00eddnout pomoc tamn\u00edm ob\u010dan\u016fm finan\u010dn\u00edm p\u0159\u00edsp\u011bvkem dv\u011b st\u011b tis\u00edc korun, realizovan\u00fdm obecn\u011b prosp\u011b\u0161nou spole\u010dnost\u00ed \u010clov\u011bk v t\u00edsni,\u201c \u0159ekl Michael Antosch, jednatel Porsche Inter Auto CZ.<\/p>\n<p>\u201eJsem velmi r\u00e1d, \u017ee se do sb\u00edrky krom\u011b na\u0161\u00ed firmy zapojili tak\u00e9 zam\u011bstnanci, kter\u00fdm nen\u00ed lhostejn\u00fd osud v\u00e1le\u010dn\u00fdm konfliktem su\u017eovan\u00e9 Ukrajiny.\u201c<\/p>\n<p>Spole\u010dnost Porsche Inter Auto CZ pat\u0159\u00ed mezi velmi odpov\u011bdn\u00e9 firmy, kter\u00e1 pom\u00e1h\u00e1 v dob\u011b infla\u010dn\u00ed krize nejen sv\u00fdm zam\u011bstnanc\u016fm vypl\u00e1cen\u00edm mimo\u0159\u00e1dn\u00fdch finan\u010dn\u00edch bonus\u016f, ale jej\u00ed\u017e pomoc jde nap\u0159\u00edklad na Ukrajinu.<\/p>\n<p>Prost\u0159ednictv\u00edm organizace \u010clov\u011bk v t\u00edsni p\u016fjde finan\u010dn\u00ed pomoc c\u00edlen\u011b a v\u00fdhradn\u011b ob\u011btem ozbrojen\u00e9ho konfliktu na Ukrajin\u011b.<\/p>\n","protected":false},"excerpt":{"rendered":"<div class=\"mh-excerpt\"><p>Porsche Inter Auto CZ finan\u010dn\u011b pom\u016f\u017ee ob\u011btem rusk\u00e9 agrese na Ukrajin\u011b prost\u0159ednictv\u00edm \u010clov\u011bka v t\u00edsni. Management firmy se spolu se zam\u011bstnanci, kte\u0159\u00ed mezi sebou uspo\u0159\u00e1dali <a class=\"mh-excerpt-more\" href=\"https:\/\/www.automakersnews.cz\/index.php\/2022\/11\/02\/porsche-inter-auto-cz-vybrala-na-ukrajinu\/\" title=\"Porsche Inter Auto CZ vybrala na Ukrajinu\">[&#8230;]<\/a><\/p>\n<\/div>","protected":false},"author":1,"featured_media":1559,"comment_status":"open","ping_status":"open","sticky":false,"template":"","format":"standard","meta":{"footnotes":""},"categories":[18],"tags":[],"class_list":["post-1558","post","type-post","status-publish","format-standard","has-post-thumbnail","hentry","category-sponzoring"],"_links":{"self":[{"href":"https:\/\/www.automakersnews.cz\/index.php\/wp-json\/wp\/v2\/posts\/1558","targetHints":{"allow":["GET"]}}],"collection":[{"href":"https:\/\/www.automakersnews.cz\/index.php\/wp-json\/wp\/v2\/posts"}],"about":[{"href":"https:\/\/www.automakersnews.cz\/index.php\/wp-json\/wp\/v2\/types\/post"}],"author":[{"embeddable":true,"href":"https:\/\/www.automakersnews.cz\/index.php\/wp-json\/wp\/v2\/users\/1"}],"replies":[{"embeddable":true,"href":"https:\/\/www.automakersnews.cz\/index.php\/wp-json\/wp\/v2\/comments?post=1558"}],"version-history":[{"count":0,"href":"https:\/\/www.automakersnews.cz\/index.php\/wp-json\/wp\/v2\/posts\/1558\/revisions"}],"wp:featuredmedia":[{"embeddable":true,"href":"https:\/\/www.automakersnews.cz\/index.php\/wp-json\/wp\/v2\/media\/1559"}],"wp:attachment":[{"href":"https:\/\/www.automakersnews.cz\/index.php\/wp-json\/wp\/v2\/media?parent=1558"}],"wp:term":[{"taxonomy":"category","embeddable":true,"href":"https:\/\/www.automakersnews.cz\/index.php\/wp-json\/wp\/v2\/categories?post=1558"},{"taxonomy":"post_tag","embeddable":true,"href":"https:\/\/www.automakersnews.cz\/index.php\/wp-json\/wp\/v2\/tags?post=1558"}],"curies":[{"name":"wp","href":"https:\/\/api.w.org\/{rel}","templated":true}]}}