{"id":156,"date":"2022-06-13T21:06:19","date_gmt":"2022-06-13T21:06:19","guid":{"rendered":"http:\/\/www.automakersnews.cz\/?p=156"},"modified":"2022-06-13T21:06:19","modified_gmt":"2022-06-13T21:06:19","slug":"avtovaz-obnovuje-vyrobu-lady","status":"publish","type":"post","link":"https:\/\/www.automakersnews.cz\/index.php\/2022\/06\/13\/avtovaz-obnovuje-vyrobu-lady\/","title":{"rendered":"AvtoVAZ obnovuje v\u00fdrobu Lady"},"content":{"rendered":"<p><strong>Nejv\u011bt\u0161\u00ed rusk\u00e1 automobilka AvtoVAZ obnovuje v\u00fdrobu sv\u00e9ho nejprod\u00e1van\u011bj\u0161\u00edho modelu Lada Granta. S odkazem na sd\u011blen\u00ed firmy to uvedla agentura Reuters.<\/strong><span id=\"more-152646\"><\/span><!--more--><\/p>\n<p>AvtoVAZ v b\u0159eznu musel omezit sv\u00e9 v\u00fdrobn\u00ed aktivity kv\u016fli nedostatku elektronick\u00fdch sou\u010d\u00e1stek v d\u016fsledku sankc\u00ed, kter\u00e9 v\u016f\u010di Rusku zavedly z\u00e1padn\u00ed zem\u011b.<\/p>\n<p>Francouzsk\u00e1 automobilka\u00a0Renault\u00a0se minul\u00fd m\u011bs\u00edc dohodla na p\u0159evodu sv\u00e9ho v\u011bt\u0161inov\u00e9ho pod\u00edlu ve spole\u010dnosti\u00a0AvtoVAZ\u00a0na rusk\u00fd v\u00fdzkumn\u00fd\u00a0automobilov\u00fd\u00a0institut\u00a0NAMI, podle m\u00e9di\u00ed za symbolick\u00fd jeden rubl. Sou\u010d\u00e1st\u00ed dohody je opce, d\u00edky kter\u00e9 m\u016f\u017ee\u00a0Renault\u00a0v pr\u016fb\u011bhu p\u0159\u00ed\u0161t\u00edch \u0161esti let koupit pod\u00edl zp\u011bt.<\/p>\n<p>Automobilce AvtoVAZ podle \u00fadaj\u016f podnikatelsk\u00e9ho sdru\u017een\u00ed AEB v obdob\u00ed od ledna do dubna klesl prodej na dom\u00e1c\u00edm trhu meziro\u010dn\u011b o polovinu na 61 128 voz\u016f. V samotn\u00e9m dubnu prodej klesl o 78 procent na 8 506 voz\u016f.<\/p>\n","protected":false},"excerpt":{"rendered":"<div class=\"mh-excerpt\"><p>Nejv\u011bt\u0161\u00ed rusk\u00e1 automobilka AvtoVAZ obnovuje v\u00fdrobu sv\u00e9ho nejprod\u00e1van\u011bj\u0161\u00edho modelu Lada Granta. S odkazem na sd\u011blen\u00ed firmy to uvedla agentura Reuters.<\/p>\n<\/div>","protected":false},"author":1,"featured_media":157,"comment_status":"open","ping_status":"open","sticky":false,"template":"","format":"standard","meta":{"footnotes":""},"categories":[2],"tags":[],"class_list":["post-156","post","type-post","status-publish","format-standard","has-post-thumbnail","hentry","category-news"],"_links":{"self":[{"href":"https:\/\/www.automakersnews.cz\/index.php\/wp-json\/wp\/v2\/posts\/156","targetHints":{"allow":["GET"]}}],"collection":[{"href":"https:\/\/www.automakersnews.cz\/index.php\/wp-json\/wp\/v2\/posts"}],"about":[{"href":"https:\/\/www.automakersnews.cz\/index.php\/wp-json\/wp\/v2\/types\/post"}],"author":[{"embeddable":true,"href":"https:\/\/www.automakersnews.cz\/index.php\/wp-json\/wp\/v2\/users\/1"}],"replies":[{"embeddable":true,"href":"https:\/\/www.automakersnews.cz\/index.php\/wp-json\/wp\/v2\/comments?post=156"}],"version-history":[{"count":0,"href":"https:\/\/www.automakersnews.cz\/index.php\/wp-json\/wp\/v2\/posts\/156\/revisions"}],"wp:featuredmedia":[{"embeddable":true,"href":"https:\/\/www.automakersnews.cz\/index.php\/wp-json\/wp\/v2\/media\/157"}],"wp:attachment":[{"href":"https:\/\/www.automakersnews.cz\/index.php\/wp-json\/wp\/v2\/media?parent=156"}],"wp:term":[{"taxonomy":"category","embeddable":true,"href":"https:\/\/www.automakersnews.cz\/index.php\/wp-json\/wp\/v2\/categories?post=156"},{"taxonomy":"post_tag","embeddable":true,"href":"https:\/\/www.automakersnews.cz\/index.php\/wp-json\/wp\/v2\/tags?post=156"}],"curies":[{"name":"wp","href":"https:\/\/api.w.org\/{rel}","templated":true}]}}