{"id":1562,"date":"2022-11-02T12:52:41","date_gmt":"2022-11-02T12:52:41","guid":{"rendered":"https:\/\/www.automakersnews.cz\/?p=1562"},"modified":"2022-11-02T12:52:41","modified_gmt":"2022-11-02T12:52:41","slug":"m-motors-hleda-dealery-aut-pro-prahu","status":"publish","type":"post","link":"https:\/\/www.automakersnews.cz\/index.php\/2022\/11\/02\/m-motors-hleda-dealery-aut-pro-prahu\/","title":{"rendered":"M Motors hled\u00e1 dealery aut pro Prahu"},"content":{"rendered":"<p><strong>M MOTORS CZ, sou\u010d\u00e1st skupiny AUTOBINCK, se chyst\u00e1 roz\u0161\u00ed\u0159it dealerskou s\u00ed\u0165 v Praze. Popt\u00e1vku po nov\u00fdch partnerech p\u0159ibl\u00ed\u017eil obchodn\u00ed \u0159editel importu Vladim\u00edr Hejna.<\/strong><!--more--><\/p>\n<p>M MOTORS na \u010desk\u00e9m a slovensk\u00e9m trhu zastupuje zna\u010dky MITSUBISHI a MG.<\/p>\n<p>\u201eJsme ve f\u00e1zi rychl\u00e9ho rozvoje, proto\u017ee v n\u00e1sleduj\u00edc\u00edm p\u016flroce o\u010dek\u00e1v\u00e1me uveden\u00ed hned n\u011bkolika nov\u00fdch model\u016f obou zna\u010dek\u201c, \u0159\u00edk\u00e1 Vladim\u00edr Hejna.<\/p>\n<p>\u201eSou\u010dasnou prodejn\u00ed a servisn\u00ed s\u00ed\u0165 v Praze je pot\u0159eba roz\u0161\u00ed\u0159it tak, aby bylo mo\u017en\u00e9 pln\u011b obslou\u017eit nov\u00e9 z\u00e1kazn\u00edky a sou\u010dasn\u011b uv\u00e9st na trh a\u017e 6 nov\u00fdch model\u016f v\u010detn\u011b pln\u011b elektrick\u00fdch. Hled\u00e1me spole\u010dn\u00e9ho dealera obou zna\u010dek.\u201c, dod\u00e1v\u00e1 Hejna.<\/p>\n","protected":false},"excerpt":{"rendered":"<div class=\"mh-excerpt\"><p>M MOTORS CZ, sou\u010d\u00e1st skupiny AUTOBINCK, se chyst\u00e1 roz\u0161\u00ed\u0159it dealerskou s\u00ed\u0165 v Praze. Popt\u00e1vku po nov\u00fdch partnerech p\u0159ibl\u00ed\u017eil obchodn\u00ed \u0159editel importu Vladim\u00edr Hejna.<\/p>\n<\/div>","protected":false},"author":1,"featured_media":227,"comment_status":"open","ping_status":"open","sticky":false,"template":"","format":"standard","meta":{"footnotes":""},"categories":[2],"tags":[],"class_list":["post-1562","post","type-post","status-publish","format-standard","has-post-thumbnail","hentry","category-news"],"_links":{"self":[{"href":"https:\/\/www.automakersnews.cz\/index.php\/wp-json\/wp\/v2\/posts\/1562","targetHints":{"allow":["GET"]}}],"collection":[{"href":"https:\/\/www.automakersnews.cz\/index.php\/wp-json\/wp\/v2\/posts"}],"about":[{"href":"https:\/\/www.automakersnews.cz\/index.php\/wp-json\/wp\/v2\/types\/post"}],"author":[{"embeddable":true,"href":"https:\/\/www.automakersnews.cz\/index.php\/wp-json\/wp\/v2\/users\/1"}],"replies":[{"embeddable":true,"href":"https:\/\/www.automakersnews.cz\/index.php\/wp-json\/wp\/v2\/comments?post=1562"}],"version-history":[{"count":0,"href":"https:\/\/www.automakersnews.cz\/index.php\/wp-json\/wp\/v2\/posts\/1562\/revisions"}],"wp:featuredmedia":[{"embeddable":true,"href":"https:\/\/www.automakersnews.cz\/index.php\/wp-json\/wp\/v2\/media\/227"}],"wp:attachment":[{"href":"https:\/\/www.automakersnews.cz\/index.php\/wp-json\/wp\/v2\/media?parent=1562"}],"wp:term":[{"taxonomy":"category","embeddable":true,"href":"https:\/\/www.automakersnews.cz\/index.php\/wp-json\/wp\/v2\/categories?post=1562"},{"taxonomy":"post_tag","embeddable":true,"href":"https:\/\/www.automakersnews.cz\/index.php\/wp-json\/wp\/v2\/tags?post=1562"}],"curies":[{"name":"wp","href":"https:\/\/api.w.org\/{rel}","templated":true}]}}