{"id":15832,"date":"2023-01-22T21:50:38","date_gmt":"2023-01-22T21:50:38","guid":{"rendered":"https:\/\/www.automakersnews.cz\/?p=15832"},"modified":"2023-01-22T21:50:38","modified_gmt":"2023-01-22T21:50:38","slug":"terrafame-doda-stellantisu-siran-pro-baterie","status":"publish","type":"post","link":"https:\/\/www.automakersnews.cz\/index.php\/2023\/01\/22\/terrafame-doda-stellantisu-siran-pro-baterie\/","title":{"rendered":"Terrafame dod\u00e1 Stellantisu s\u00edran pro baterie"},"content":{"rendered":"<p><strong>Stellantis a Terrafame ozn\u00e1mily podpis dohody o dod\u00e1vk\u00e1ch pro baterie elektromobil\u016f. Od roku 2025 po dobu trv\u00e1n\u00ed dohody, tedy p\u011bt let, bude Terrafame dod\u00e1vat skupin\u011b Stellantis s\u00edran nikelnat\u00fd. <\/strong><!--more--><\/p>\n<p>Dohoda se spole\u010dnost\u00ed Terrafame je sou\u010d\u00e1st\u00ed ambici\u00f3zn\u00ed strategie elektrifikace skupiny Stellantis a pokryje v\u00fdznamnou \u010d\u00e1st pot\u0159eb udr\u017eiteln\u00e9ho niklu z region\u00e1ln\u00edch zdroj\u016f.<\/p>\n<p>\u201eTato dohoda o dod\u00e1vk\u00e1ch je sou\u010d\u00e1st\u00ed pln\u011bn\u00ed na\u0161ich surovinov\u00fdch pot\u0159eb pro baterie do elektromobil\u016f,\u201c uvedl Carlos Tavares, gener\u00e1ln\u00ed \u0159editel skupiny Stellantis.<\/p>\n<figure id=\"attachment_13591\" aria-describedby=\"caption-attachment-13591\" style=\"width: 792px\" class=\"wp-caption alignnone\"><img loading=\"lazy\" decoding=\"async\" class=\"size-full wp-image-13591\" src=\"http:\/\/www.automakersnews.cz\/wp-content\/uploads\/2023\/01\/PSA-Tavares-FCA-Manley-2-web-FCA-pic.webp\" alt=\"\" width=\"792\" height=\"445\" srcset=\"https:\/\/www.automakersnews.cz\/wp-content\/uploads\/2023\/01\/PSA-Tavares-FCA-Manley-2-web-FCA-pic.webp 792w, https:\/\/www.automakersnews.cz\/wp-content\/uploads\/2023\/01\/PSA-Tavares-FCA-Manley-2-web-FCA-pic-300x169.webp 300w, https:\/\/www.automakersnews.cz\/wp-content\/uploads\/2023\/01\/PSA-Tavares-FCA-Manley-2-web-FCA-pic-768x432.webp 768w, https:\/\/www.automakersnews.cz\/wp-content\/uploads\/2023\/01\/PSA-Tavares-FCA-Manley-2-web-FCA-pic-678x381.webp 678w\" sizes=\"auto, (max-width: 792px) 100vw, 792px\" \/><figcaption id=\"caption-attachment-13591\" class=\"wp-caption-text\">Carlos Tavares loni p\u0159iv\u00edtal ve skupin\u011b Stellantis automobilku FCA<\/figcaption><\/figure>\n<p>\u201ePokra\u010dujeme v budov\u00e1n\u00ed nov\u00e9ho glob\u00e1ln\u00edho hodnotov\u00e9ho \u0159et\u011bzce s v\u00fdznamn\u00fdmi partnery, abychom podpo\u0159ili na\u0161i glob\u00e1ln\u00ed strategii a splnili z\u00e1vazek postavit se do \u010dela odv\u011btv\u00ed z hlediska zm\u00edr\u0148ov\u00e1n\u00ed klimatick\u00fdch zm\u011bn. Do roku 2038 dos\u00e1hneme uhl\u00edkov\u00e9 neutrality, co\u017e znamen\u00e1, \u017ee budeme v p\u0159edstihu p\u0159ed na\u0161\u00ed konkurenc\u00ed.\u201c<\/p>\n<p>Skupina Stellantis ozn\u00e1mila v r\u00e1mci sv\u00e9ho strategick\u00e9ho pl\u00e1nu Dare Forward 2030 sv\u016fj z\u00e1m\u011br dos\u00e1hnout do roku 2030 toho, aby 100 % prodej\u016f osobn\u00edch automobil\u016f v Evrop\u011b a 50 % prodej\u016f osobn\u00edch automobil\u016f a pickup\u016f v USA tvo\u0159ila bateriov\u00e1 elektrick\u00e1 vozidla (BEV).<\/p>\n<p>Skupina pl\u00e1nuje do roku 2025 investovat v\u00edce ne\u017e 30 miliard eur do elektrifikace a softwaru. Sou\u010dasn\u011b si klade za c\u00edl b\u00fdt o 30 % efektivn\u011bj\u0161\u00ed ne\u017e jej\u00ed konkurenti, pokud jde o pom\u011br obratu ke kapit\u00e1lov\u00fdm v\u00fddaj\u016fm a v\u00fddaj\u016fm na v\u00fdzkum a v\u00fdvoj.<\/p>\n<p>Spole\u010dnost Terrafame provozuje ve Finsku jeden z nejv\u011bt\u0161\u00edch sv\u011btov\u00fdch z\u00e1vod\u016f na v\u00fdrobu chemick\u00fdch slo\u017eek pro baterie do elektromobil\u016f. D\u00edky integrovan\u00e9mu v\u00fdrobn\u00edmu procesu, kter\u00fd v r\u00e1mci jedin\u00e9ho pr\u016fmyslov\u00e9ho are\u00e1lu za\u010d\u00edn\u00e1 ve vlastn\u00edm dole spole\u010dnosti Terrafame a kon\u010d\u00ed v\u00fdrobou chemik\u00e1li\u00ed, je v\u00fdroba pln\u011b zp\u011btn\u011b vysledovateln\u00e1.<\/p>\n<p>D\u00edky jedine\u010dn\u00e9 v\u00fdrobn\u00ed technologii je nav\u00edc uhl\u00edkov\u00e1 stopa s\u00edranu nikelnat\u00e9ho, kter\u00fd spole\u010dnost Terrafame vyr\u00e1b\u00ed, jednou z nejni\u017e\u0161\u00edch v oboru.<\/p>\n<p>\u201eTato spolupr\u00e1ce s l\u00eddrem odv\u011btv\u00ed, jako je Stellantis, posiluje pozici spole\u010dnosti Terrafame jako kl\u00ed\u010dov\u00e9ho partnera v oblasti dod\u00e1vek slo\u017eek pro baterie pro evropsk\u00fd automobilov\u00fd pr\u016fmysl,\u201c uvedl Joni Lukkaroinen, gener\u00e1ln\u00ed \u0159editel spole\u010dnosti Terrafame.<\/p>\n<p>\u201eSou\u010dasn\u00e9 slo\u017eit\u00e9 obdob\u00ed vytv\u00e1\u0159\u00ed silnou popt\u00e1vku po slo\u017ek\u00e1ch bateri\u00ed vyr\u00e1b\u011bn\u00fdch transparentn\u00edm a udr\u017eiteln\u00fdm zp\u016fsobem v Evrop\u011b pro evropsk\u00fd trh. Jsme hrd\u00ed na to, \u017ee m\u016f\u017eeme p\u0159isp\u011bt k dekarbonizaci mobility v Evrop\u011b a ke zv\u00fd\u0161en\u00ed efektivity evropsk\u00e9ho automobilov\u00e9ho pr\u016fmyslu.\u201c<\/p>\n","protected":false},"excerpt":{"rendered":"<div class=\"mh-excerpt\"><p>Stellantis a Terrafame ozn\u00e1mily podpis dohody o dod\u00e1vk\u00e1ch pro baterie elektromobil\u016f. Od roku 2025 po dobu trv\u00e1n\u00ed dohody, tedy p\u011bt let, bude Terrafame dod\u00e1vat skupin\u011b <a class=\"mh-excerpt-more\" href=\"https:\/\/www.automakersnews.cz\/index.php\/2023\/01\/22\/terrafame-doda-stellantisu-siran-pro-baterie\/\" title=\"Terrafame dod\u00e1 Stellantisu s\u00edran pro baterie\">[&#8230;]<\/a><\/p>\n<\/div>","protected":false},"author":4,"featured_media":15833,"comment_status":"open","ping_status":"open","sticky":false,"template":"","format":"standard","meta":{"footnotes":""},"categories":[22],"tags":[],"class_list":["post-15832","post","type-post","status-publish","format-standard","has-post-thumbnail","hentry","category-elektromobily"],"_links":{"self":[{"href":"https:\/\/www.automakersnews.cz\/index.php\/wp-json\/wp\/v2\/posts\/15832","targetHints":{"allow":["GET"]}}],"collection":[{"href":"https:\/\/www.automakersnews.cz\/index.php\/wp-json\/wp\/v2\/posts"}],"about":[{"href":"https:\/\/www.automakersnews.cz\/index.php\/wp-json\/wp\/v2\/types\/post"}],"author":[{"embeddable":true,"href":"https:\/\/www.automakersnews.cz\/index.php\/wp-json\/wp\/v2\/users\/4"}],"replies":[{"embeddable":true,"href":"https:\/\/www.automakersnews.cz\/index.php\/wp-json\/wp\/v2\/comments?post=15832"}],"version-history":[{"count":0,"href":"https:\/\/www.automakersnews.cz\/index.php\/wp-json\/wp\/v2\/posts\/15832\/revisions"}],"wp:featuredmedia":[{"embeddable":true,"href":"https:\/\/www.automakersnews.cz\/index.php\/wp-json\/wp\/v2\/media\/15833"}],"wp:attachment":[{"href":"https:\/\/www.automakersnews.cz\/index.php\/wp-json\/wp\/v2\/media?parent=15832"}],"wp:term":[{"taxonomy":"category","embeddable":true,"href":"https:\/\/www.automakersnews.cz\/index.php\/wp-json\/wp\/v2\/categories?post=15832"},{"taxonomy":"post_tag","embeddable":true,"href":"https:\/\/www.automakersnews.cz\/index.php\/wp-json\/wp\/v2\/tags?post=15832"}],"curies":[{"name":"wp","href":"https:\/\/api.w.org\/{rel}","templated":true}]}}