{"id":15848,"date":"2023-01-22T21:52:20","date_gmt":"2023-01-22T21:52:20","guid":{"rendered":"https:\/\/www.automakersnews.cz\/?p=15848"},"modified":"2023-01-22T21:52:20","modified_gmt":"2023-01-22T21:52:20","slug":"valeo-ma-strategicke-partnerstvi-se-zcu","status":"publish","type":"post","link":"https:\/\/www.automakersnews.cz\/index.php\/2023\/01\/22\/valeo-ma-strategicke-partnerstvi-se-zcu\/","title":{"rendered":"Valeo m\u00e1 strategick\u00e9 partnerstv\u00ed se Z\u010cU"},"content":{"rendered":"<p><strong>Valeo a Z\u00e1pado\u010desk\u00e1 univerzita v Plzni uzav\u0159ely smlouvu o strategick\u00e9m partnerstv\u00ed s c\u00edlem podpo\u0159it inovativn\u00ed projekty v oblasti aplikovan\u00e9 elektrotechniky pro automatizaci v\u00fdroby a pr\u016fmyslovou robotiku. <\/strong><!--more--><\/p>\n<p>Partnerstv\u00ed umo\u017e\u0148uje spole\u010dnosti Valeo i univerzit\u011b pos\u00edlit studentsk\u00e9 v\u00fdzkumn\u00e9 aktivity v oblasti elektroniky, embedded syst\u00e9m\u016f, po\u010d\u00edta\u010dov\u00e9ho modelov\u00e1n\u00ed, \u0159\u00edzen\u00ed pr\u016fmyslov\u00fdch syst\u00e9m\u016f, diagnostiky a testov\u00e1n\u00ed. Otev\u00edr\u00e1 tak\u00e9 vstup do kolaborativn\u00edho v\u00fdzkumu s mo\u017enost\u00ed uch\u00e1zet se o ve\u0159ejn\u011b financovan\u00e9 projekty jako partne\u0159i konsorci\u00ed.<\/p>\n<p>Elektronika, software a um\u011bl\u00e1 inteligence jsou z\u00e1sadn\u00ed pro rozvoj a autonomn\u00edch vozidel a asisten\u010dn\u00edch syst\u00e9m\u016f \u0159idi\u010de. V roce 2030 budou p\u0159edstavovat 30 % hodnoty automobilu, oproti dne\u0161n\u00edm 10 %. Tyto odborn\u00e9 znalosti jsou nav\u00edc kl\u00ed\u010dov\u00e9 pro zefektivn\u011bn\u00ed v\u00fdrobn\u00edch proces\u016f spole\u010dnosti Valeo v s\u00e9riov\u00e9 v\u00fdrob\u011b komplexn\u00edch elektronick\u00fdch produkt\u016f.<\/p>\n<p>\u201eJsme r\u00e1di, \u017ee m\u016f\u017eeme tohoto siln\u00e9ho partnera p\u0159iv\u00edtat v na\u0161em ekosyst\u00e9mu spolupr\u00e1ce. Je to kl\u00ed\u010dov\u00e9 pro udr\u017een\u00ed na\u0161eho vedouc\u00edho postaven\u00ed ve v\u00fdrob\u011b komplexn\u00edch produkt\u016f, jako jsou detek\u010dn\u00ed kamery, kamery na monitorov\u00e1n\u00ed \u00fanavy \u0159idi\u010de, ultrazvukov\u00e9 senzory a desky plo\u0161n\u00fdch spoj\u016f pro \u0161irokou \u0161k\u00e1lu na\u0161ich senzor\u016f podle nejvy\u0161\u0161\u00edch standard\u016f kvality a za konkuren\u010dn\u00ed cenu,\u201d prohl\u00e1sil Jakub Drahor\u00e1d, gener\u00e1ln\u00ed \u0159editel v\u00fdrobn\u00edho z\u00e1vodu Valeo Rakovn\u00edk.<\/p>\n<p>Valeo p\u016fsob\u00ed v \u010cesk\u00e9 republice od roku 1995, kdy otev\u0159elo sv\u016fj prvn\u00ed z\u00e1vod v Rakovn\u00edku. V pr\u016fb\u011bhu \u010dasu byly postaveny dal\u0161\u00ed \u010dty\u0159i z\u00e1vody \u2013 \u017debr\u00e1k (2001), Humpolec (2002), Podbo\u0159any (2005) a druh\u00e1 tov\u00e1rna v Rakovn\u00edku (2019). Vyr\u00e1b\u00ed klimatiza\u010dn\u00ed syst\u00e9my, v\u010detn\u011b nejnov\u011bj\u0161\u00ed generace pro elektromobily, p\u0159edn\u00ed masky pro sn\u00ed\u017een\u00ed emis\u00ed CO2, syst\u00e9my souvisej\u00edc\u00ed s pohonem a asisten\u010dn\u00ed syst\u00e9my pro \u0159idi\u010de, v\u010detn\u011b ultrazvukov\u00fdch senzor\u016f a kamer.<\/p>\n<p>Valeo pat\u0159\u00ed s t\u00e9m\u011b\u0159 4000 zam\u011bstnanci na \u0161esti pobo\u010dk\u00e1ch mezi hlavn\u00ed zam\u011bstnavatele v automobilov\u00e9m pr\u016fmyslu v \u010cesk\u00e9 republice. Ve v\u00fdzkumu a v\u00fdvoji pracuje 700 in\u017een\u00fdrek a in\u017een\u00fdr\u016f. V pr\u016fb\u011bhu posledn\u00edch p\u011bti let 2017-2022, spole\u010dnost Valeo v \u010cesk\u00e9 republice investovala p\u0159es 2 miliardy korun. Z t\u00e9to celkov\u00e9 \u010d\u00e1stky bylo p\u0159es 700 milion\u016f korun poskytnuto na v\u00fdzkum a v\u00fdvoj, co\u017e je t\u00e9m\u011b\u0159 35 % celkov\u00fdch tuzemsk\u00fdch investic skupiny Valeo.<\/p>\n<p>\u201eDnes podepsan\u00e1 smlouva o strategick\u00e9 spolupr\u00e1ci je zavr\u0161en\u00edm dlouholet\u00fdch vz\u00e1jemn\u00fdch kontakt\u016f mezi Z\u010cU a spole\u010dnost\u00ed Valeo. P\u0159in\u00e1\u0161\u00ed unik\u00e1tn\u00ed mo\u017enosti spolupr\u00e1ce v oblasti vzd\u011bl\u00e1v\u00e1n\u00ed a masivn\u00ed finan\u010dn\u00ed, materi\u00e1lovou i projektovou podporu pro studenty Fakulty elektrotechnick\u00e9. Propojen\u00ed na\u0161ich v\u00fdzkumn\u00fdch a v\u00fdvojov\u00fdch t\u00fdm\u016f a vz\u00e1jemn\u00e9 sd\u00edlen\u00ed know-how m\u00e1 za c\u00edl pos\u00edlit na\u0161e pozice l\u00eddr\u016f v oblasti dopravn\u00edch technologi\u00ed,\u201c sd\u011blil Zden\u011bk Peroutka, d\u011bkan Fakulty elektrotechnick\u00e9 a \u0159editel v\u00fdzkumn\u00e9ho centra RICE.<\/p>\n<p>Spojen\u00ed se siln\u00fdm pr\u016fmyslov\u00fdm partnerem s mezin\u00e1rodn\u00ed p\u016fsobnost\u00ed, jako je spole\u010dnost Valeo, je tak pro Z\u00e1pado\u010deskou univerzitu dal\u0161\u00edm v\u00edtan\u00fdm krokem b\u00fdt bl\u00ed\u017e k aplika\u010dn\u00ed sf\u00e9\u0159e. Podpora inova\u010dn\u00edho potenci\u00e1lu univerzity, stimulace vzniku start-up\u016f a p\u0159\u00edle\u017eitost\u00ed spole\u010dn\u00e9ho r\u016fstu jsou z\u00e1sadn\u00ed tak\u00e9 pro schopnost inovovat a posouvat celou \u010ceskou republiku v mezin\u00e1rodn\u00edm pr\u016fmyslov\u00e9m \u0159et\u011bzci.<\/p>\n<p>Fakulta elektrotechnick\u00e1 Z\u00e1pado\u010desk\u00e9 univerzity v Plzni poskytuje vzd\u011bl\u00e1n\u00ed v bakal\u00e1\u0159sk\u00fdch, magistersk\u00fdch a doktorsk\u00fdch programech v elektrotechnice, elektroenergetice, elektronice, informa\u010dn\u00edch technologi\u00edch, materi\u00e1lov\u00e9m in\u017een\u00fdrstv\u00ed a aplikovan\u00e9 elektrotechnice. Ned\u00edlnou sou\u010d\u00e1st\u00ed je Research and Innovation Centre for Electrical Engineering (\u201eRICE\u201c), kter\u00e9 je uzn\u00e1v\u00e1no pro sv\u00e9 v\u00fdzkumn\u00e9 a v\u00fdvojov\u00e9 kapacity a \u0161pi\u010dkovou infrastrukturu i na mezin\u00e1rodn\u00edm poli.<\/p>\n<p><img loading=\"lazy\" decoding=\"async\" class=\"alignnone wp-image-15878\" src=\"http:\/\/www.automakersnews.cz\/wp-content\/uploads\/2023\/01\/zleva-dekan-FEL-Zdenek-Peroutka_small-2-300x200.jpg\" alt=\"\" width=\"819\" height=\"546\" srcset=\"https:\/\/www.automakersnews.cz\/wp-content\/uploads\/2023\/01\/zleva-dekan-FEL-Zdenek-Peroutka_small-2-300x200.jpg 300w, https:\/\/www.automakersnews.cz\/wp-content\/uploads\/2023\/01\/zleva-dekan-FEL-Zdenek-Peroutka_small-2-1024x682.jpg 1024w, https:\/\/www.automakersnews.cz\/wp-content\/uploads\/2023\/01\/zleva-dekan-FEL-Zdenek-Peroutka_small-2-768x512.jpg 768w, https:\/\/www.automakersnews.cz\/wp-content\/uploads\/2023\/01\/zleva-dekan-FEL-Zdenek-Peroutka_small-2-1536x1023.jpg 1536w, https:\/\/www.automakersnews.cz\/wp-content\/uploads\/2023\/01\/zleva-dekan-FEL-Zdenek-Peroutka_small-2.jpg 1830w\" sizes=\"auto, (max-width: 819px) 100vw, 819px\" \/><\/p>\n","protected":false},"excerpt":{"rendered":"<div class=\"mh-excerpt\"><p>Valeo a Z\u00e1pado\u010desk\u00e1 univerzita v Plzni uzav\u0159ely smlouvu o strategick\u00e9m partnerstv\u00ed s c\u00edlem podpo\u0159it inovativn\u00ed projekty v oblasti aplikovan\u00e9 elektrotechniky pro automatizaci v\u00fdroby a pr\u016fmyslovou <a class=\"mh-excerpt-more\" href=\"https:\/\/www.automakersnews.cz\/index.php\/2023\/01\/22\/valeo-ma-strategicke-partnerstvi-se-zcu\/\" title=\"Valeo m\u00e1 strategick\u00e9 partnerstv\u00ed se Z\u010cU\">[&#8230;]<\/a><\/p>\n<\/div>","protected":false},"author":4,"featured_media":15877,"comment_status":"open","ping_status":"open","sticky":false,"template":"","format":"standard","meta":{"footnotes":""},"categories":[2],"tags":[],"class_list":["post-15848","post","type-post","status-publish","format-standard","has-post-thumbnail","hentry","category-news"],"_links":{"self":[{"href":"https:\/\/www.automakersnews.cz\/index.php\/wp-json\/wp\/v2\/posts\/15848","targetHints":{"allow":["GET"]}}],"collection":[{"href":"https:\/\/www.automakersnews.cz\/index.php\/wp-json\/wp\/v2\/posts"}],"about":[{"href":"https:\/\/www.automakersnews.cz\/index.php\/wp-json\/wp\/v2\/types\/post"}],"author":[{"embeddable":true,"href":"https:\/\/www.automakersnews.cz\/index.php\/wp-json\/wp\/v2\/users\/4"}],"replies":[{"embeddable":true,"href":"https:\/\/www.automakersnews.cz\/index.php\/wp-json\/wp\/v2\/comments?post=15848"}],"version-history":[{"count":0,"href":"https:\/\/www.automakersnews.cz\/index.php\/wp-json\/wp\/v2\/posts\/15848\/revisions"}],"wp:featuredmedia":[{"embeddable":true,"href":"https:\/\/www.automakersnews.cz\/index.php\/wp-json\/wp\/v2\/media\/15877"}],"wp:attachment":[{"href":"https:\/\/www.automakersnews.cz\/index.php\/wp-json\/wp\/v2\/media?parent=15848"}],"wp:term":[{"taxonomy":"category","embeddable":true,"href":"https:\/\/www.automakersnews.cz\/index.php\/wp-json\/wp\/v2\/categories?post=15848"},{"taxonomy":"post_tag","embeddable":true,"href":"https:\/\/www.automakersnews.cz\/index.php\/wp-json\/wp\/v2\/tags?post=15848"}],"curies":[{"name":"wp","href":"https:\/\/api.w.org\/{rel}","templated":true}]}}