{"id":15882,"date":"2023-01-22T22:05:46","date_gmt":"2023-01-22T22:05:46","guid":{"rendered":"https:\/\/www.automakersnews.cz\/?p=15882"},"modified":"2023-01-22T22:06:46","modified_gmt":"2023-01-22T22:06:46","slug":"kaban-konci-jako-sefdesigner-vw","status":"publish","type":"post","link":"https:\/\/www.automakersnews.cz\/index.php\/2023\/01\/22\/kaban-konci-jako-sefdesigner-vw\/","title":{"rendered":"Kaba\u0148 kon\u010d\u00ed jako \u0161\u00e9fdesign\u00e9r VW"},"content":{"rendered":"<p><strong>Slov\u00e1ka Jozefa Kaban\u011b na vrcholn\u00e9m design\u00e9rsk\u00e9m postu v automobilce Volkswagen nahrad\u00ed \u0161\u00e9fdesign\u00e9r britsk\u00e9 automobilov\u00e9 zna\u010dky Bentley Andreas Mindt. V p\u00e1tek o tom informoval specializovan\u00fd server Automotive News, kter\u00fd se odvol\u00e1v\u00e1 na zdroje z automobilky.<\/strong><!--more--><\/p>\n<p>Volkswagen se k tomu odm\u00edtl vyj\u00e1d\u0159it. Kaba\u0148 d\u0159\u00edve p\u016fsobil i jako design\u00e9r v automobilce \u0160koda, nov\u00e9ho \u0161\u00e9fa zna\u010dky VW ale podle zdroj\u016f n\u011bkter\u00e9 jeho n\u00e1pady v designu moc nezaujaly.<\/p>\n<div class=\"e_dh\" data-dot=\"mol-paragraph\">\n<p class=\"c_dh\"><span class=\"c_dz\">Bentley je sou\u010d\u00e1st\u00ed skupiny Volkswagen a\u00a0Mindt se nov\u00e9 funkce ve zna\u010dce VW ujme od 1.\u00a0\u00fanora, sd\u011blily zdroje magaz\u00ednu Automobilwoche, co\u017e je sestersk\u00e1 publikace Automotive News. Kaba\u0148 se stal \u0161\u00e9fdesign\u00e9rem zna\u010dky VW v\u00a0roce 2020, nyn\u00ed se podle zdroj\u016f p\u0159esune ve skupin\u011b Volkswagen na jinou, neup\u0159esn\u011bnou pozici. O\u010dek\u00e1v\u00e1 se, \u017ee Volkswagen zm\u011bny ofici\u00e1ln\u011b ozn\u00e1m\u00ed v\u00a0nadch\u00e1zej\u00edc\u00edch dnech.<\/span><\/p>\n<\/div>\n<div class=\"e_dh\" data-dot=\"mol-paragraph\">\n<p class=\"c_dh\"><span class=\"c_dz\">Mindtov\u00fdm n\u00e1stupcem v\u00a0Bentley bude Tobias S\u00fchlmann, kter\u00fd v\u00a0sou\u010dasn\u00e9 dob\u011b v\u00a0Bentley vede extern\u00ed design. S\u00fchlmann za\u010dal v\u00a0Bentley pracovat v\u00a0\u0159\u00edjnu 2021, p\u0159edt\u00edm p\u016fsobil v\u00a0automobilk\u00e1ch Bugatti, Aston Martin, McLaren a\u00a0VW. Bentley pat\u0159\u00ed v\u00a0r\u00e1mci skupiny Volkswagen mezi ultraluxusn\u00ed zna\u010dky.<\/span><\/p>\n<\/div>\n<div class=\"e_dh\" data-dot=\"mol-paragraph\">\n<p class=\"c_dh\"><span class=\"c_dz\">Nov\u00fd gener\u00e1ln\u00ed \u0159editel zna\u010dky VW Thomas Sch\u00e4fer nen\u00ed podle zdroj\u016f z\u00a0pr\u00e1ce Slov\u00e1ka Kaban\u011b \u00fapln\u011b nad\u0161en\u00fd. Kaba\u0148 byl po\u017e\u00e1d\u00e1n, aby zm\u011bnil styl retro u\u00a0vozu <a class=\"c_al\" href=\"https:\/\/www.novinky.cz\/clanek\/auto-volkswagen-predstavil-id-life-koncept-maleho-elektromobilu-do-mesta-40371193\" target=\"_blank\" rel=\"noopener\">Volkswagen ID Life<\/a>, kter\u00fd byl p\u0159edstaven na mnichovsk\u00e9m autosalonu v\u00a0roce 2021, a\u00a0m\u00edsto n\u011bj navrhl modern\u011bj\u0161\u00ed design. P\u016fvodn\u00ed koncept m\u011bl b\u00fdt p\u0159edobrazem vzhledu z\u00e1kladn\u00edho elektromobilu VW ID, kter\u00fd m\u00e1 b\u00fdt p\u0159edstaven v\u00a0roce 2025.<\/span><\/p>\n<\/div>\n","protected":false},"excerpt":{"rendered":"<div class=\"mh-excerpt\"><p>Slov\u00e1ka Jozefa Kaban\u011b na vrcholn\u00e9m design\u00e9rsk\u00e9m postu v automobilce Volkswagen nahrad\u00ed \u0161\u00e9fdesign\u00e9r britsk\u00e9 automobilov\u00e9 zna\u010dky Bentley Andreas Mindt. V p\u00e1tek o tom informoval specializovan\u00fd server <a class=\"mh-excerpt-more\" href=\"https:\/\/www.automakersnews.cz\/index.php\/2023\/01\/22\/kaban-konci-jako-sefdesigner-vw\/\" title=\"Kaba\u0148 kon\u010d\u00ed jako \u0161\u00e9fdesign\u00e9r VW\">[&#8230;]<\/a><\/p>\n<\/div>","protected":false},"author":1,"featured_media":15911,"comment_status":"open","ping_status":"open","sticky":false,"template":"","format":"standard","meta":{"footnotes":""},"categories":[19,3],"tags":[],"class_list":["post-15882","post","type-post","status-publish","format-standard","has-post-thumbnail","hentry","category-design","category-personalie"],"_links":{"self":[{"href":"https:\/\/www.automakersnews.cz\/index.php\/wp-json\/wp\/v2\/posts\/15882","targetHints":{"allow":["GET"]}}],"collection":[{"href":"https:\/\/www.automakersnews.cz\/index.php\/wp-json\/wp\/v2\/posts"}],"about":[{"href":"https:\/\/www.automakersnews.cz\/index.php\/wp-json\/wp\/v2\/types\/post"}],"author":[{"embeddable":true,"href":"https:\/\/www.automakersnews.cz\/index.php\/wp-json\/wp\/v2\/users\/1"}],"replies":[{"embeddable":true,"href":"https:\/\/www.automakersnews.cz\/index.php\/wp-json\/wp\/v2\/comments?post=15882"}],"version-history":[{"count":0,"href":"https:\/\/www.automakersnews.cz\/index.php\/wp-json\/wp\/v2\/posts\/15882\/revisions"}],"wp:featuredmedia":[{"embeddable":true,"href":"https:\/\/www.automakersnews.cz\/index.php\/wp-json\/wp\/v2\/media\/15911"}],"wp:attachment":[{"href":"https:\/\/www.automakersnews.cz\/index.php\/wp-json\/wp\/v2\/media?parent=15882"}],"wp:term":[{"taxonomy":"category","embeddable":true,"href":"https:\/\/www.automakersnews.cz\/index.php\/wp-json\/wp\/v2\/categories?post=15882"},{"taxonomy":"post_tag","embeddable":true,"href":"https:\/\/www.automakersnews.cz\/index.php\/wp-json\/wp\/v2\/tags?post=15882"}],"curies":[{"name":"wp","href":"https:\/\/api.w.org\/{rel}","templated":true}]}}