{"id":15947,"date":"2023-01-22T21:58:27","date_gmt":"2023-01-22T21:58:27","guid":{"rendered":"https:\/\/www.automakersnews.cz\/?p=15947"},"modified":"2023-01-22T21:58:27","modified_gmt":"2023-01-22T21:58:27","slug":"dacia-loni-prodala-pres-pul-milionu-aut","status":"publish","type":"post","link":"https:\/\/www.automakersnews.cz\/index.php\/2023\/01\/22\/dacia-loni-prodala-pres-pul-milionu-aut\/","title":{"rendered":"Dacia loni prodala p\u0159es p\u016fl milionu aut"},"content":{"rendered":"<p><strong>V roce 2022 prodala Dacia 573 800 voz\u016f, \u010d\u00edm\u017e zaznamenala 6,8% n\u00e1r\u016fst na klesaj\u00edc\u00edm trhu ve srovn\u00e1n\u00ed s rokem 2021. Zna\u010dka dos\u00e1hla miln\u00edku, kdy\u017e prodala 8miliont\u00e9 vozidlo od roku 2004.<\/strong><!--more--><\/p>\n<p>Dacia dos\u00e1hla rekordn\u00edch tr\u017en\u00edch pod\u00edl\u016f, kter\u00e9 p\u0159edstavovaly o 3,7 % prodej\u016f osobn\u00edch a lehk\u00fdch u\u017eitkov\u00fdch vozidel* v Evrop\u011b (o 0,5 bodu v\u00edce ne\u017e v roce 2021), o 4,2 % prodej\u016f OV* v Evrop\u011b (n\u00e1r\u016fst o 0,7 bodu oproti roku 2021).<\/p>\n<p>O 7,6 % retailov\u00fdch prodej\u016f OV** (co\u017e je kl\u00ed\u010dov\u00fd faktor, kter\u00fd p\u0159isp\u00edv\u00e1 k \u00fasp\u011bchu zna\u010dky) v Evrop\u011b (n\u00e1r\u016fst o 1,4 bodu oproti roku 2021), \u010d\u00edm\u017e si upev\u0148uje t\u0159et\u00ed m\u00edsto.<\/p>\n<p>\u2022 K tomuto \u00fasp\u011bchu p\u0159isp\u011bl robustn\u00ed produktov\u00fd pl\u00e1n zahrnuj\u00edc\u00ed \u010dty\u0159i kl\u00ed\u010dov\u00e9 modely:<br \/>\no Dacia Sandero: 229 500 prodan\u00fdch kus\u016f, co\u017e je o 1,2 % v\u00edce ne\u017e v roce 2021;<br \/>\nnejprod\u00e1van\u011bj\u0161\u00ed v\u016fz na evropsk\u00e9m retailov\u00e9m trhu od roku 2017.<br \/>\no Dacia Duster: 197 100 prodan\u00fdch kus\u016f, o 5,8 % v\u00edce ne\u017e v roce 2021; druh\u00fd<br \/>\nnejprod\u00e1van\u011bj\u0161\u00ed v\u016fz na evropsk\u00e9m retailov\u00e9m trhu v roce 2022 a<br \/>\nnejprod\u00e1van\u011bj\u0161\u00ed SUV na retailov\u00e9m trhu od roku 2018<br \/>\no Dacia Jogger: 56 800 prodan\u00fdch kus\u016f v prvn\u00edm roce; druh\u00fd nejprod\u00e1van\u011bj\u0161\u00ed<br \/>\nv\u016fz segmentu C, kter\u00fd nen\u00ed SUV, na evropsk\u00e9m retailov\u00e9m trhu<br \/>\no Dacia Spring: 48 900 prodan\u00fdch kus\u016f, co\u017e je o 75 % v\u00edce ne\u017e v roce 2021; t\u0159et\u00ed<br \/>\nnejprod\u00e1van\u011bj\u0161\u00ed elektromobil na evropsk\u00e9m retailov\u00e9m trhu<\/p>\n<p>\u2022 Dacia nad\u00e1le nov\u011b definuje to, co je podstatn\u00e9. M\u00e1 tak jedine\u010dnou pozici<br \/>\npodporovanou jej\u00edmi z\u00e1kazn\u00edky, co\u017e dokazuje vedouc\u00ed postaven\u00ed zna\u010dky na trhu v<br \/>\nm\u00ed\u0159e z\u00edsk\u00e1v\u00e1n\u00ed a udr\u017een\u00ed z\u00e1kazn\u00edk\u016f.<\/p>\n","protected":false},"excerpt":{"rendered":"<div class=\"mh-excerpt\"><p>V roce 2022 prodala Dacia 573 800 voz\u016f, \u010d\u00edm\u017e zaznamenala 6,8% n\u00e1r\u016fst na klesaj\u00edc\u00edm trhu ve srovn\u00e1n\u00ed s rokem 2021. Zna\u010dka dos\u00e1hla miln\u00edku, kdy\u017e prodala <a class=\"mh-excerpt-more\" href=\"https:\/\/www.automakersnews.cz\/index.php\/2023\/01\/22\/dacia-loni-prodala-pres-pul-milionu-aut\/\" title=\"Dacia loni prodala p\u0159es p\u016fl milionu aut\">[&#8230;]<\/a><\/p>\n<\/div>","protected":false},"author":1,"featured_media":15949,"comment_status":"open","ping_status":"open","sticky":false,"template":"","format":"standard","meta":{"footnotes":""},"categories":[8],"tags":[],"class_list":["post-15947","post","type-post","status-publish","format-standard","has-post-thumbnail","hentry","category-statistika"],"_links":{"self":[{"href":"https:\/\/www.automakersnews.cz\/index.php\/wp-json\/wp\/v2\/posts\/15947","targetHints":{"allow":["GET"]}}],"collection":[{"href":"https:\/\/www.automakersnews.cz\/index.php\/wp-json\/wp\/v2\/posts"}],"about":[{"href":"https:\/\/www.automakersnews.cz\/index.php\/wp-json\/wp\/v2\/types\/post"}],"author":[{"embeddable":true,"href":"https:\/\/www.automakersnews.cz\/index.php\/wp-json\/wp\/v2\/users\/1"}],"replies":[{"embeddable":true,"href":"https:\/\/www.automakersnews.cz\/index.php\/wp-json\/wp\/v2\/comments?post=15947"}],"version-history":[{"count":0,"href":"https:\/\/www.automakersnews.cz\/index.php\/wp-json\/wp\/v2\/posts\/15947\/revisions"}],"wp:featuredmedia":[{"embeddable":true,"href":"https:\/\/www.automakersnews.cz\/index.php\/wp-json\/wp\/v2\/media\/15949"}],"wp:attachment":[{"href":"https:\/\/www.automakersnews.cz\/index.php\/wp-json\/wp\/v2\/media?parent=15947"}],"wp:term":[{"taxonomy":"category","embeddable":true,"href":"https:\/\/www.automakersnews.cz\/index.php\/wp-json\/wp\/v2\/categories?post=15947"},{"taxonomy":"post_tag","embeddable":true,"href":"https:\/\/www.automakersnews.cz\/index.php\/wp-json\/wp\/v2\/tags?post=15947"}],"curies":[{"name":"wp","href":"https:\/\/api.w.org\/{rel}","templated":true}]}}