{"id":161,"date":"2022-07-11T12:15:27","date_gmt":"2022-07-11T12:15:27","guid":{"rendered":"http:\/\/www.automakersnews.cz\/?p=161"},"modified":"2022-07-11T12:15:27","modified_gmt":"2022-07-11T12:15:27","slug":"skoda-opet-partnerem-tour-de-france","status":"publish","type":"post","link":"https:\/\/www.automakersnews.cz\/index.php\/2022\/07\/11\/skoda-opet-partnerem-tour-de-france\/","title":{"rendered":"\u0160koda op\u011bt partnerem Tour de France"},"content":{"rendered":"<p><strong>\u0160kodovka doprov\u00e1z\u00ed i leto\u0161n\u00ed ro\u010dn\u00edk Tour de France (1. \u2013 24. \u010dervence 2022) jako ofici\u00e1ln\u00ed hlavn\u00ed partner a dodavatel voz\u016f. Spole\u010dnost t\u00edm podporuje nejv\u011bt\u0161\u00ed cyklistickou ud\u00e1lost na sv\u011bt\u011b celkov\u011b ji\u017e podevaten\u00e1ct\u00e9.<\/strong><span id=\"more-153218\"><\/span><!--more--><\/p>\n<p>Organiz\u00e1tor\u016fm a veden\u00ed z\u00e1vodu Tour de France bude pro zaji\u0161t\u011bn\u00ed mobility nebo k doprovodn\u00fdm a servisn\u00edm \u00fa\u010del\u016fm slou\u017eit 250 automobil\u016f.<\/p>\n<p>K flotile bude mimo jin\u00e9 pat\u0159it \u0160KODA ENYAQ iV s\u00a0\u010dist\u011b elektrick\u00fdm pohonem, kter\u00e1 poslou\u017e\u00ed \u0159editeli z\u00e1vodu Christianu Prudhommovi na<br \/>\n16 z 21 etap jako velitelsk\u00fd v\u016fz (\u201eRed Car\u201c).<\/p>\n","protected":false},"excerpt":{"rendered":"<div class=\"mh-excerpt\"><p>\u0160kodovka doprov\u00e1z\u00ed i leto\u0161n\u00ed ro\u010dn\u00edk Tour de France (1. \u2013 24. \u010dervence 2022) jako ofici\u00e1ln\u00ed hlavn\u00ed partner a dodavatel voz\u016f. Spole\u010dnost t\u00edm podporuje nejv\u011bt\u0161\u00ed cyklistickou <a class=\"mh-excerpt-more\" href=\"https:\/\/www.automakersnews.cz\/index.php\/2022\/07\/11\/skoda-opet-partnerem-tour-de-france\/\" title=\"\u0160koda op\u011bt partnerem Tour de France\">[&#8230;]<\/a><\/p>\n<\/div>","protected":false},"author":1,"featured_media":162,"comment_status":"open","ping_status":"open","sticky":false,"template":"","format":"standard","meta":{"footnotes":""},"categories":[10],"tags":[],"class_list":["post-161","post","type-post","status-publish","format-standard","has-post-thumbnail","hentry","category-eventy"],"_links":{"self":[{"href":"https:\/\/www.automakersnews.cz\/index.php\/wp-json\/wp\/v2\/posts\/161","targetHints":{"allow":["GET"]}}],"collection":[{"href":"https:\/\/www.automakersnews.cz\/index.php\/wp-json\/wp\/v2\/posts"}],"about":[{"href":"https:\/\/www.automakersnews.cz\/index.php\/wp-json\/wp\/v2\/types\/post"}],"author":[{"embeddable":true,"href":"https:\/\/www.automakersnews.cz\/index.php\/wp-json\/wp\/v2\/users\/1"}],"replies":[{"embeddable":true,"href":"https:\/\/www.automakersnews.cz\/index.php\/wp-json\/wp\/v2\/comments?post=161"}],"version-history":[{"count":0,"href":"https:\/\/www.automakersnews.cz\/index.php\/wp-json\/wp\/v2\/posts\/161\/revisions"}],"wp:featuredmedia":[{"embeddable":true,"href":"https:\/\/www.automakersnews.cz\/index.php\/wp-json\/wp\/v2\/media\/162"}],"wp:attachment":[{"href":"https:\/\/www.automakersnews.cz\/index.php\/wp-json\/wp\/v2\/media?parent=161"}],"wp:term":[{"taxonomy":"category","embeddable":true,"href":"https:\/\/www.automakersnews.cz\/index.php\/wp-json\/wp\/v2\/categories?post=161"},{"taxonomy":"post_tag","embeddable":true,"href":"https:\/\/www.automakersnews.cz\/index.php\/wp-json\/wp\/v2\/tags?post=161"}],"curies":[{"name":"wp","href":"https:\/\/api.w.org\/{rel}","templated":true}]}}