{"id":16214,"date":"2023-01-24T12:56:57","date_gmt":"2023-01-24T12:56:57","guid":{"rendered":"https:\/\/www.automakersnews.cz\/?p=16214"},"modified":"2023-01-24T13:00:10","modified_gmt":"2023-01-24T13:00:10","slug":"rada-ctk-vybira-noveho-reditele","status":"publish","type":"post","link":"https:\/\/www.automakersnews.cz\/index.php\/2023\/01\/24\/rada-ctk-vybira-noveho-reditele\/","title":{"rendered":"Rada \u010cTK vyb\u00edr\u00e1 nov\u00e9ho \u0159editele"},"content":{"rendered":"<div id=\"attachment_147456\" class=\"wp-caption alignnone\"><\/div>\n<p><strong>Rada \u010cTK schv\u00e1lila 23. ledna volebn\u00ed \u0159\u00e1d a zad\u00e1n\u00ed v\u00fdb\u011brov\u00e9ho \u0159\u00edzen\u00ed na nov\u00e9ho \u0161\u00e9fa ve\u0159ejnopr\u00e1vn\u00ed zpravodajsk\u00e9 agentury. Z\u00e1jemci mohou sv\u00e9 p\u0159ihl\u00e1\u0161ky pod\u00e1vat do 22. \u00fanora.<\/strong><!--more--><\/p>\n<p>Ve\u0159ejn\u00e9 sly\u0161en\u00ed kandid\u00e1t\u016f se bude konat o\u00a0m\u011bs\u00edc pozd\u011bji, tedy 21. b\u0159ezna, p\u0159i\u010dem\u017e radn\u00ed je\u0161t\u011b ur\u010d\u00ed, zda to bude jen p\u0159\u00edmo na jejich zased\u00e1n\u00ed, \u010di bude z\u00e1rove\u0148 p\u0159en\u00e1\u0161en\u00e9 p\u0159es internet. Volit by se mohlo hned po sly\u0161en\u00ed kandid\u00e1t\u016f 21. b\u0159ezna. \u201ePokud by byla rozprava del\u0161\u00ed, uskute\u010dn\u00ed se volba gener\u00e1ln\u00edho \u0159editele \u010di \u0159editelky a\u017e na dal\u0161\u00edm zased\u00e1n\u00ed 17. dubna,\u201c up\u0159esnila\u00a0dnes m\u00edstop\u0159edsedkyn\u011b Rady \u010cTK\u00a0<strong>Jaroslava Wenigerov\u00e1<\/strong>, kter\u00e1 podklady p\u0159ipravila.<\/p>\n<p>Na dubnov\u00e9m zased\u00e1n\u00ed pak rada pl\u00e1nuje nov\u00e9ho \u0159editele \u010di \u0159editelku jmenovat, a\u00a0to k\u00a010. \u010dervnu, kdy kon\u010d\u00ed funk\u010dn\u00ed obdob\u00ed st\u00e1vaj\u00edc\u00edmu gener\u00e1ln\u00edmu \u0159editeli \u010cTK\u00a0<strong>Ji\u0159\u00edmu Majstrovi<\/strong>. Ten u\u017e znovu kandidovat nebude. \u201eHarmonogram je navr\u017een tak, abychom do 10. \u010dervna splnili v\u0161echny \u00fakoly spojen\u00e9 s\u00a0volbou a\u00a0jmenov\u00e1n\u00edm gener\u00e1ln\u00edho \u0159editele \u010di gener\u00e1ln\u00ed \u0159editelky,\u201c p\u0159ipomn\u011bla m\u00edstop\u0159edsedkyn\u011b Wenigerov\u00e1.<\/p>\n<p>Gener\u00e1ln\u00ed \u0159editel \u010cTK je volen\u00fd radou na \u0161estilet\u00e9 funk\u010dn\u00ed obdob\u00ed.\u00a0<a href=\"https:\/\/www.ceskenoviny.cz\/zpravy\/rada-ctk-vypsala-vyberove-rizeni-na-noveho-generalniho-reditele\/2315415\">Dnes zve\u0159ejn\u011bn\u00e9 podm\u00ednky tendru<\/a>\u00a0mimo jin\u00e9 \u0159\u00edkaj\u00ed, \u017ee uchaze\u010di mus\u00ed m\u00edt praxi v\u00a0m\u00e9di\u00edch a\u00a0zku\u0161enosti z\u00a0\u0159\u00edd\u00edc\u00edch funkc\u00ed v\u00a0medi\u00e1ln\u00ed oblasti.<\/p>\n<div class=\"rows\">\n<div class=\"leftCol\">\n<div id=\"textNews\" class=\"text\">\n<p>\u00da\u010dast ve v\u00fdb\u011brov\u00e9m \u0159\u00edzen\u00ed zva\u017euje st\u00e1vaj\u00edc\u00ed \u0159editel pro strategii a\u00a0rozvoj \u010cTK\u00a0<strong>Jaroslav K\u00e1bele<\/strong>, kter\u00fd v\u00a0minulosti vedl mimo jin\u00e9 zpravodajsk\u00fd web\u00a0<em><strong>iDnes.cz<\/strong><\/em>. \u201eAno, j\u00e1 o\u00a0kandidatu\u0159e uva\u017euji, jen se mus\u00edm dopodrobna sezn\u00e1mit s\u00a0pravidly a\u00a0podm\u00ednkami, kter\u00e9 Rada \u010cTK vyhl\u00e1sila,\u201c uvedl dnes.<\/p>\n<p><img loading=\"lazy\" decoding=\"async\" class=\"size-full wp-image-147456\" src=\"https:\/\/www.mediar.cz\/wp-content\/uploads\/2019\/10\/IMG_8719.jpg\" sizes=\"auto, (max-width: 1200px) 100vw, 1200px\" srcset=\"https:\/\/www.mediar.cz\/wp-content\/uploads\/2019\/10\/IMG_8719.jpg 1200w, https:\/\/www.mediar.cz\/wp-content\/uploads\/2019\/10\/IMG_8719-600x400.jpg 600w, https:\/\/www.mediar.cz\/wp-content\/uploads\/2019\/10\/IMG_8719-768x512.jpg 768w, https:\/\/www.mediar.cz\/wp-content\/uploads\/2019\/10\/IMG_8719-800x533.jpg 800w\" alt=\"Ji\u0159\u00ed Majstr. Foto: Karel Choc\" width=\"1200\" height=\"800\" aria-describedby=\"caption-attachment-147456\" \/><\/p>\n<p id=\"caption-attachment-147456\" class=\"wp-caption-text\">Letos \u0161esta\u0161edes\u00e1tilet\u00fd Ji\u0159\u00ed Majstr (zde na sn\u00edmku z\u00a0roku 2019) je gener\u00e1ln\u00edm \u0159editelem \u010cTK od roku 2011, v\u00a0roce 2017 byl znovuzvolen a\u00a0druh\u00fd \u0161estilet\u00fd mand\u00e1t m\u00e1 do \u010dervna 2023.<\/p>\n<p class=\"wp-caption-text\">Zdroj: mediar.cz, Foto: Karel Choc<\/p>\n<\/div>\n<\/div>\n<\/div>\n","protected":false},"excerpt":{"rendered":"<div class=\"mh-excerpt\"><p>Rada \u010cTK schv\u00e1lila 23. ledna volebn\u00ed \u0159\u00e1d a zad\u00e1n\u00ed v\u00fdb\u011brov\u00e9ho \u0159\u00edzen\u00ed na nov\u00e9ho \u0161\u00e9fa ve\u0159ejnopr\u00e1vn\u00ed zpravodajsk\u00e9 agentury. Z\u00e1jemci mohou sv\u00e9 p\u0159ihl\u00e1\u0161ky pod\u00e1vat do 22. \u00fanora.<\/p>\n<\/div>","protected":false},"author":1,"featured_media":16215,"comment_status":"open","ping_status":"open","sticky":false,"template":"","format":"standard","meta":{"footnotes":""},"categories":[27],"tags":[],"class_list":["post-16214","post","type-post","status-publish","format-standard","has-post-thumbnail","hentry","category-media"],"_links":{"self":[{"href":"https:\/\/www.automakersnews.cz\/index.php\/wp-json\/wp\/v2\/posts\/16214","targetHints":{"allow":["GET"]}}],"collection":[{"href":"https:\/\/www.automakersnews.cz\/index.php\/wp-json\/wp\/v2\/posts"}],"about":[{"href":"https:\/\/www.automakersnews.cz\/index.php\/wp-json\/wp\/v2\/types\/post"}],"author":[{"embeddable":true,"href":"https:\/\/www.automakersnews.cz\/index.php\/wp-json\/wp\/v2\/users\/1"}],"replies":[{"embeddable":true,"href":"https:\/\/www.automakersnews.cz\/index.php\/wp-json\/wp\/v2\/comments?post=16214"}],"version-history":[{"count":0,"href":"https:\/\/www.automakersnews.cz\/index.php\/wp-json\/wp\/v2\/posts\/16214\/revisions"}],"wp:featuredmedia":[{"embeddable":true,"href":"https:\/\/www.automakersnews.cz\/index.php\/wp-json\/wp\/v2\/media\/16215"}],"wp:attachment":[{"href":"https:\/\/www.automakersnews.cz\/index.php\/wp-json\/wp\/v2\/media?parent=16214"}],"wp:term":[{"taxonomy":"category","embeddable":true,"href":"https:\/\/www.automakersnews.cz\/index.php\/wp-json\/wp\/v2\/categories?post=16214"},{"taxonomy":"post_tag","embeddable":true,"href":"https:\/\/www.automakersnews.cz\/index.php\/wp-json\/wp\/v2\/tags?post=16214"}],"curies":[{"name":"wp","href":"https:\/\/api.w.org\/{rel}","templated":true}]}}