{"id":16224,"date":"2023-01-24T16:07:29","date_gmt":"2023-01-24T16:07:29","guid":{"rendered":"https:\/\/www.automakersnews.cz\/?p=16224"},"modified":"2023-01-25T10:48:45","modified_gmt":"2023-01-25T10:48:45","slug":"renault-austral-mel-premieru-v-popovickach","status":"publish","type":"post","link":"https:\/\/www.automakersnews.cz\/index.php\/2023\/01\/24\/renault-austral-mel-premieru-v-popovickach\/","title":{"rendered":"Renault Austral m\u011bl premi\u00e9ru v Popovi\u010dk\u00e1ch"},"content":{"rendered":"<p class=\"v1MsoNormal\"><strong>Park Hotel Popovi\u010dky hostil 24. ledna novin\u00e1\u0159skou premi\u00e9ru Renaultu Austral. V\u016fz p\u0159edstavil m\u00e9di\u00edm produktov\u00fd mana\u017eer zna\u010dky pro segment C Mirek Dvo\u0159\u00e1k. Tiskovku bude n\u00e1sledovat \u0161kolen\u00ed prodejc\u016f. Jak\u00e1 je tov\u00e1rn\u00ed kv\u00f3ta pro \u010cR a pl\u00e1n importu pro uveden\u00ed novinky na trh?<\/strong><!--more--><\/p>\n<p>Tiskovku odstartovala mluv\u010d\u00ed zna\u010dky Jitka Skali\u010dkov\u00e1, po n\u00ed \u0161el do ar\u00e9ny produktov\u00fd mana\u017eer Mirek Dvo\u0159\u00e1k.<\/p>\n<p><img loading=\"lazy\" decoding=\"async\" class=\"alignnone size-large wp-image-16257\" src=\"http:\/\/www.automakersnews.cz\/wp-content\/uploads\/2023\/01\/Renault-Austral-Skalickova-orez-1024x665.jpg\" alt=\"\" width=\"1024\" height=\"665\" srcset=\"https:\/\/www.automakersnews.cz\/wp-content\/uploads\/2023\/01\/Renault-Austral-Skalickova-orez-1024x665.jpg 1024w, https:\/\/www.automakersnews.cz\/wp-content\/uploads\/2023\/01\/Renault-Austral-Skalickova-orez-300x195.jpg 300w, https:\/\/www.automakersnews.cz\/wp-content\/uploads\/2023\/01\/Renault-Austral-Skalickova-orez-768x499.jpg 768w, https:\/\/www.automakersnews.cz\/wp-content\/uploads\/2023\/01\/Renault-Austral-Skalickova-orez.jpg 1412w\" sizes=\"auto, (max-width: 1024px) 100vw, 1024px\" \/><\/p>\n<p>&#8222;S Australem pokra\u010duje ofenz\u00edva kterou zah\u00e1jil model Arkana, chceme s t\u011bmito vozy op\u011bt dob\u00fdt segment C, kde m\u011bl Renault v\u017edy pevn\u00e9 pozice. Tov\u00e1rna ve \u0161pan\u011blsku letos pro \u010cesko ud\u011blila kv\u00f3tu 500 a\u017e 600 kus\u016f,&#8220; \u0159ekl Dvo\u0159\u00e1k.<\/p>\n<p><img loading=\"lazy\" decoding=\"async\" class=\"alignnone size-large wp-image-16258\" src=\"http:\/\/www.automakersnews.cz\/wp-content\/uploads\/2023\/01\/Renault-Austral-test-1024x768.jpg\" alt=\"\" width=\"1024\" height=\"768\" \/><\/p>\n<p>V\u016fz t\u0159\u00eddy C-SUV je od listopadu nab\u00edzen v \u010cR ve t\u0159ech motorizac\u00edch, nejd\u0159\u00edve jako mild hybrid, pozd\u011bji by m\u011bla p\u0159ij\u00edt na trh i pln\u011b hybridn\u00ed verze.<\/p>\n<p><img loading=\"lazy\" decoding=\"async\" class=\"alignnone size-large wp-image-16259\" src=\"http:\/\/www.automakersnews.cz\/wp-content\/uploads\/2023\/01\/Renault-Austral-plan-uvedeni-orez-1024x570.jpg\" alt=\"\" width=\"1024\" height=\"570\" srcset=\"https:\/\/www.automakersnews.cz\/wp-content\/uploads\/2023\/01\/Renault-Austral-plan-uvedeni-orez-1024x570.jpg 1024w, https:\/\/www.automakersnews.cz\/wp-content\/uploads\/2023\/01\/Renault-Austral-plan-uvedeni-orez-300x167.jpg 300w, https:\/\/www.automakersnews.cz\/wp-content\/uploads\/2023\/01\/Renault-Austral-plan-uvedeni-orez-768x428.jpg 768w, https:\/\/www.automakersnews.cz\/wp-content\/uploads\/2023\/01\/Renault-Austral-plan-uvedeni-orez-1536x855.jpg 1536w, https:\/\/www.automakersnews.cz\/wp-content\/uploads\/2023\/01\/Renault-Austral-plan-uvedeni-orez.jpg 1861w\" sizes=\"auto, (max-width: 1024px) 100vw, 1024px\" \/><\/p>\n<p>Austral s\u00e1z\u00ed na komfortn\u00ed interi\u00e9r s ob\u0159\u00ed obrazovkou s n\u00e1zvem openR. &#8222;Ta pracuje s opera\u010dn\u00edm syst\u00e9mem, za kter\u00fd by se nemusely styd\u011bt nejdra\u017e\u0161\u00ed modely,&#8220; slibuje Dvo\u0159\u00e1k.<\/p>\n<figure id=\"attachment_16260\" aria-describedby=\"caption-attachment-16260\" style=\"width: 1024px\" class=\"wp-caption alignnone\"><img loading=\"lazy\" decoding=\"async\" class=\"size-large wp-image-16260\" src=\"http:\/\/www.automakersnews.cz\/wp-content\/uploads\/2023\/01\/Renault-Austral-Zidek-1024x768.jpg\" alt=\"\" width=\"1024\" height=\"768\" srcset=\"https:\/\/www.automakersnews.cz\/wp-content\/uploads\/2023\/01\/Renault-Austral-Zidek-1024x768.jpg 1024w, https:\/\/www.automakersnews.cz\/wp-content\/uploads\/2023\/01\/Renault-Austral-Zidek-300x225.jpg 300w, https:\/\/www.automakersnews.cz\/wp-content\/uploads\/2023\/01\/Renault-Austral-Zidek-768x576.jpg 768w, https:\/\/www.automakersnews.cz\/wp-content\/uploads\/2023\/01\/Renault-Austral-Zidek-1536x1152.jpg 1536w, https:\/\/www.automakersnews.cz\/wp-content\/uploads\/2023\/01\/Renault-Austral-Zidek-678x509.jpg 678w, https:\/\/www.automakersnews.cz\/wp-content\/uploads\/2023\/01\/Renault-Austral-Zidek-326x245.jpg 326w, https:\/\/www.automakersnews.cz\/wp-content\/uploads\/2023\/01\/Renault-Austral-Zidek-80x60.jpg 80w, https:\/\/www.automakersnews.cz\/wp-content\/uploads\/2023\/01\/Renault-Austral-Zidek.jpg 2040w\" sizes=\"auto, (max-width: 1024px) 100vw, 1024px\" \/><figcaption id=\"caption-attachment-16260\" class=\"wp-caption-text\">Novin\u00e1\u0159sk\u00e9 testy se odehr\u00e1ly v okol\u00ed Velk\u00fdch Popovic, v akci u Herinku Josef \u017d\u00eddek<\/figcaption><\/figure>\n<p>Ceny\u00a0 novinky se pohybuj\u00ed v rozp\u011bt\u00ed 770 000 \u2013 955 000 korun.<\/p>\n<p><strong>Zdroj: Erich Handl, Park Hotel Popovi\u010dky<\/strong><\/p>\n<p><img loading=\"lazy\" decoding=\"async\" class=\"alignnone size-large wp-image-16513\" src=\"http:\/\/www.automakersnews.cz\/wp-content\/uploads\/2023\/01\/Renault-Austral-Zidek-Handl-1024x683.jpg\" alt=\"\" width=\"1024\" height=\"683\" \/><\/p>\n<p>&nbsp;<\/p>\n","protected":false},"excerpt":{"rendered":"<div class=\"mh-excerpt\"><p>Park Hotel Popovi\u010dky hostil 24. ledna novin\u00e1\u0159skou premi\u00e9ru Renaultu Austral. V\u016fz p\u0159edstavil m\u00e9di\u00edm produktov\u00fd mana\u017eer zna\u010dky pro segment C Mirek Dvo\u0159\u00e1k. Tiskovku bude n\u00e1sledovat \u0161kolen\u00ed <a class=\"mh-excerpt-more\" href=\"https:\/\/www.automakersnews.cz\/index.php\/2023\/01\/24\/renault-austral-mel-premieru-v-popovickach\/\" title=\"Renault Austral m\u011bl premi\u00e9ru v Popovi\u010dk\u00e1ch\">[&#8230;]<\/a><\/p>\n<\/div>","protected":false},"author":1,"featured_media":16255,"comment_status":"open","ping_status":"open","sticky":false,"template":"","format":"standard","meta":{"footnotes":""},"categories":[44,31],"tags":[],"class_list":["post-16224","post","type-post","status-publish","format-standard","has-post-thumbnail","hentry","category-ceny-novinek","category-premiery"],"_links":{"self":[{"href":"https:\/\/www.automakersnews.cz\/index.php\/wp-json\/wp\/v2\/posts\/16224","targetHints":{"allow":["GET"]}}],"collection":[{"href":"https:\/\/www.automakersnews.cz\/index.php\/wp-json\/wp\/v2\/posts"}],"about":[{"href":"https:\/\/www.automakersnews.cz\/index.php\/wp-json\/wp\/v2\/types\/post"}],"author":[{"embeddable":true,"href":"https:\/\/www.automakersnews.cz\/index.php\/wp-json\/wp\/v2\/users\/1"}],"replies":[{"embeddable":true,"href":"https:\/\/www.automakersnews.cz\/index.php\/wp-json\/wp\/v2\/comments?post=16224"}],"version-history":[{"count":0,"href":"https:\/\/www.automakersnews.cz\/index.php\/wp-json\/wp\/v2\/posts\/16224\/revisions"}],"wp:featuredmedia":[{"embeddable":true,"href":"https:\/\/www.automakersnews.cz\/index.php\/wp-json\/wp\/v2\/media\/16255"}],"wp:attachment":[{"href":"https:\/\/www.automakersnews.cz\/index.php\/wp-json\/wp\/v2\/media?parent=16224"}],"wp:term":[{"taxonomy":"category","embeddable":true,"href":"https:\/\/www.automakersnews.cz\/index.php\/wp-json\/wp\/v2\/categories?post=16224"},{"taxonomy":"post_tag","embeddable":true,"href":"https:\/\/www.automakersnews.cz\/index.php\/wp-json\/wp\/v2\/tags?post=16224"}],"curies":[{"name":"wp","href":"https:\/\/api.w.org\/{rel}","templated":true}]}}