{"id":16291,"date":"2023-01-25T09:58:28","date_gmt":"2023-01-25T09:58:28","guid":{"rendered":"https:\/\/www.automakersnews.cz\/?p=16291"},"modified":"2023-01-25T10:07:23","modified_gmt":"2023-01-25T10:07:23","slug":"toyota-v-unoru-zastavi-vyrobu-v-koline","status":"publish","type":"post","link":"https:\/\/www.automakersnews.cz\/index.php\/2023\/01\/25\/toyota-v-unoru-zastavi-vyrobu-v-koline\/","title":{"rendered":"Toyota v \u00fanoru zastav\u00ed v\u00fdrobu v Kol\u00edn\u011b"},"content":{"rendered":"<p><strong>Toyota Motor Manufacturing Czech Republic v Kol\u00edn\u011b zastav\u00ed v \u00fanoru kv\u016fli nedostatku komponent\u016f v\u00fdrobu. Posledn\u00ed sm\u011bna je pl\u00e1novan\u00e1 na 31. leden, \u0159ekl mluv\u010d\u00ed automobilky Tom\u00e1\u0161 Paroubek.<\/strong><!--more--><\/p>\n<div class=\"e_dh\" data-dot=\"mol-paragraph\">\n<p class=\"c_dh\"><span class=\"c_dz\">\u201e31.\u00a0ledna zastav\u00edme linky, celkov\u00e1 doba zat\u00edm nen\u00ed zn\u00e1ma, ale m\u011bla by to b\u00fdt v\u011bt\u0161\u00ed \u010d\u00e1st \u00fanora. D\u016fvodem je nedostatek d\u00edl\u016f v\u00a0dodavatelsk\u00e9m \u0159et\u011bzci s\u00a0ohledem na komponenty do polovodi\u010d\u016f,\u201c \u0159ekl Paroubek. Automobilka u\u017e informaci sd\u011blila v\u0161em dodavatel\u016fm a\u00a0zam\u011bstnanc\u016fm.<\/span><\/p>\n<\/div>\n<div class=\"e_dh\" data-dot=\"mol-paragraph\">\n<p class=\"c_dh\"><span class=\"c_dz\">Podle Paroubka chyb\u00ed komponenty do obou model\u016f, kter\u00e9 firma moment\u00e1ln\u011b vyr\u00e1b\u00ed, a\u00a0to Aygo a\u00a0Yaris. \u201eLoni jsme \u0159e\u0161ili drobn\u00e1 zastaven\u00ed v\u00fdroby kv\u016fli chyb\u011bj\u00edc\u00edm komponent\u016fm, nyn\u00ed se to t\u00fdk\u00e1 obou model\u016f,\u201c doplnil mluv\u010d\u00ed.<\/span><\/p>\n<\/div>\n<div class=\"e_dh\" data-dot=\"mol-paragraph\">\n<p class=\"c_dh\"><span class=\"c_dz\">Zam\u011bstnanci podle n\u011bj o\u00a0mzdu nep\u0159ijdou. \u201eBudeme to \u0159e\u0161it podobn\u011b jako p\u0159i minul\u00fdch odst\u00e1vk\u00e1ch, jsou r\u016fzn\u00e9 varianty, nap\u0159\u00edklad dovolen\u00e9, konto pracovn\u00ed doby,\u201c \u0159ekl mluv\u010d\u00ed.<\/span><\/p>\n<\/div>\n<div class=\"e_dh\" data-dot=\"mol-paragraph\">\n<p class=\"c_dh\"><span class=\"c_dz\">V srpnu 2021 odstavila automobilka \u00fapln\u011b v\u00fdrobu zhruba na p\u011bt t\u00fddn\u016f, d\u016fvodem byl nedostatek \u010dip\u016f do palubn\u00ed elektroniky.<\/span><\/p>\n<\/div>\n<div class=\"e_dh\" data-dot=\"mol-paragraph\">\n<p class=\"c_dh\"><span class=\"c_dz\">Kol\u00ednsk\u00e1 automobilka produkuje denn\u011b zhruba 1000\u00a0aut.<\/span><\/p>\n<p><strong>Zdroj: novinky.cz<\/strong><\/p>\n<\/div>\n","protected":false},"excerpt":{"rendered":"<div class=\"mh-excerpt\"><p>Toyota Motor Manufacturing Czech Republic v Kol\u00edn\u011b zastav\u00ed v \u00fanoru kv\u016fli nedostatku komponent\u016f v\u00fdrobu. Posledn\u00ed sm\u011bna je pl\u00e1novan\u00e1 na 31. leden, \u0159ekl mluv\u010d\u00ed automobilky Tom\u00e1\u0161 <a class=\"mh-excerpt-more\" href=\"https:\/\/www.automakersnews.cz\/index.php\/2023\/01\/25\/toyota-v-unoru-zastavi-vyrobu-v-koline\/\" title=\"Toyota v \u00fanoru zastav\u00ed v\u00fdrobu v Kol\u00edn\u011b\">[&#8230;]<\/a><\/p>\n<\/div>","protected":false},"author":1,"featured_media":7314,"comment_status":"open","ping_status":"open","sticky":false,"template":"","format":"standard","meta":{"footnotes":""},"categories":[41],"tags":[],"class_list":["post-16291","post","type-post","status-publish","format-standard","has-post-thumbnail","hentry","category-vyroba"],"_links":{"self":[{"href":"https:\/\/www.automakersnews.cz\/index.php\/wp-json\/wp\/v2\/posts\/16291","targetHints":{"allow":["GET"]}}],"collection":[{"href":"https:\/\/www.automakersnews.cz\/index.php\/wp-json\/wp\/v2\/posts"}],"about":[{"href":"https:\/\/www.automakersnews.cz\/index.php\/wp-json\/wp\/v2\/types\/post"}],"author":[{"embeddable":true,"href":"https:\/\/www.automakersnews.cz\/index.php\/wp-json\/wp\/v2\/users\/1"}],"replies":[{"embeddable":true,"href":"https:\/\/www.automakersnews.cz\/index.php\/wp-json\/wp\/v2\/comments?post=16291"}],"version-history":[{"count":0,"href":"https:\/\/www.automakersnews.cz\/index.php\/wp-json\/wp\/v2\/posts\/16291\/revisions"}],"wp:featuredmedia":[{"embeddable":true,"href":"https:\/\/www.automakersnews.cz\/index.php\/wp-json\/wp\/v2\/media\/7314"}],"wp:attachment":[{"href":"https:\/\/www.automakersnews.cz\/index.php\/wp-json\/wp\/v2\/media?parent=16291"}],"wp:term":[{"taxonomy":"category","embeddable":true,"href":"https:\/\/www.automakersnews.cz\/index.php\/wp-json\/wp\/v2\/categories?post=16291"},{"taxonomy":"post_tag","embeddable":true,"href":"https:\/\/www.automakersnews.cz\/index.php\/wp-json\/wp\/v2\/tags?post=16291"}],"curies":[{"name":"wp","href":"https:\/\/api.w.org\/{rel}","templated":true}]}}