{"id":16463,"date":"2023-01-25T09:57:03","date_gmt":"2023-01-25T09:57:03","guid":{"rendered":"https:\/\/www.automakersnews.cz\/?p=16463"},"modified":"2023-01-25T10:07:42","modified_gmt":"2023-01-25T10:07:42","slug":"odstavka-toyoty-hrozi-kaskadovym-dominem","status":"publish","type":"post","link":"https:\/\/www.automakersnews.cz\/index.php\/2023\/01\/25\/odstavka-toyoty-hrozi-kaskadovym-dominem\/","title":{"rendered":"Nov\u00e1k: Odst\u00e1vka Toyoty hroz\u00ed dominem"},"content":{"rendered":"<div class=\"d_iN _608bd5f5042d89402533b190\">\n<p class=\"e_ac d_fs\" data-dot=\"ogm-article-perex\"><strong>Kol\u00ednsk\u00fd z\u00e1vod Toyoty p\u0159eru\u0161\u00ed na cel\u00fd \u00fanor v\u00fdrobu a spolu s n\u00edm stovky dal\u0161\u00edch firem. Firma to ozn\u00e1mila v \u00fater\u00fd. Podle odhadu AutoSAP\u00a0 jen v \u010cesku p\u016fjde v r\u00e1mci kask\u00e1dov\u00e9ho jevu o tis\u00edce lid\u00ed na nucen\u00e9 dovolen\u00e9.<\/strong><\/p>\n<\/div>\n<p><!--more--><\/p>\n<p>\u201eDodavatel\u00e9 te\u010f musej\u00ed okam\u017eit\u011b \u0159e\u0161it nezbytn\u00e1 opat\u0159en\u00ed k omezen\u00ed v\u00fdroby. Bohu\u017eel nejde o zastaven\u00ed na jeden den, nejde o v\u00fdpadek p\u00e1r sm\u011bn. Tady se bav\u00edme a\u017e v \u0159\u00e1du m\u011bs\u00edce. Z toho d\u016fvodu mus\u00ed nastat okam\u017eit\u00fd kask\u00e1dov\u00fd efekt komunikace na celou dodavatelskou s\u00ed\u0165 a i tam mus\u00ed doj\u00edt k co nejrychlej\u0161\u00edmu zastaven\u00ed v\u00fdroby,\u201c \u0159\u00edk\u00e1 v rozhovoru pro SZ Byznys Petr Nov\u00e1k.<\/p>\n<div class=\"d_iN _608bd6b73316103f15d31ccc\">\n<div class=\"d_e\" data-e2e=\"ogm-article-layout\">\n<article class=\"d_gT\" role=\"article\" aria-labelledby=\"accessibility-article\">\n<div class=\"d_bi\" data-dot=\"ogm-article-content\">\n<div class=\"g_bj mol-rich-content--for-article\">\n<div class=\"g_ac\" data-dot=\"mol-paragraph\">\n<p class=\"e_ac\"><span class=\"atm-text-decorator\">Ten je \u010dlenem p\u0159edstavenstva Sdru\u017een\u00ed automobilov\u00e9ho pr\u016fmyslu \u010cesk\u00e9 republiky a\u00a0\u0159editelem JTEKT Evropa, divize Automotive, kter\u00e1 jen v\u00a0Evrop\u011b provozuje 15\u00a0z\u00e1vod\u016f, z\u00a0toho t\u0159i v\u00a0\u010cesku, v\u00a0Plzni, Pardubic\u00edch a\u00a0Olomouci.<\/span><\/p>\n<\/div>\n<div class=\"g_bk\" data-dot=\"mol-self-promo\">\n<div class=\"g_fW js-ad g_bs\">\u201cVn\u00edm\u00e1me, \u017ee st\u00e1le pokra\u010duje vysok\u00e1 volatilita v odb\u011bratelsko-dodavatelsk\u00e9m \u0159et\u011bzci a t\u011bch d\u016fvod\u016f je n\u011bkolik. Z d\u016fvodu pokra\u010duj\u00edc\u00ed v\u00e1lky na Ukrajin\u011b n\u011bkte\u0159\u00ed dodavatel\u00e9 u\u017e p\u0159esunuli svoji v\u00fdrobu do jin\u00fdch zem\u00ed v r\u00e1mci Evropy, p\u0159\u00edpadn\u011b do Maroka \u010di severn\u00ed Afriky, ale bohu\u017eel st\u00e1le je v n\u011bkter\u00fdch \u010d\u00e1stech sv\u011bta covid, trp\u00edme nedostatkem surovin a tr\u00e1p\u00ed n\u00e1s tak\u00e9 logistick\u00e9 \u0159et\u011bzce,\u201d uvedl Nov\u00e1k.<\/div>\n<\/div>\n<\/div>\n<\/div>\n<\/article>\n<\/div>\n<\/div>\n","protected":false},"excerpt":{"rendered":"<div class=\"mh-excerpt\"><p>Kol\u00ednsk\u00fd z\u00e1vod Toyoty p\u0159eru\u0161\u00ed na cel\u00fd \u00fanor v\u00fdrobu a spolu s n\u00edm stovky dal\u0161\u00edch firem. Firma to ozn\u00e1mila v \u00fater\u00fd. Podle odhadu AutoSAP\u00a0 jen v <a class=\"mh-excerpt-more\" href=\"https:\/\/www.automakersnews.cz\/index.php\/2023\/01\/25\/odstavka-toyoty-hrozi-kaskadovym-dominem\/\" title=\"Nov\u00e1k: Odst\u00e1vka Toyoty hroz\u00ed dominem\">[&#8230;]<\/a><\/p>\n<\/div>","protected":false},"author":1,"featured_media":16464,"comment_status":"open","ping_status":"open","sticky":false,"template":"","format":"standard","meta":{"footnotes":""},"categories":[41],"tags":[],"class_list":["post-16463","post","type-post","status-publish","format-standard","has-post-thumbnail","hentry","category-vyroba"],"_links":{"self":[{"href":"https:\/\/www.automakersnews.cz\/index.php\/wp-json\/wp\/v2\/posts\/16463","targetHints":{"allow":["GET"]}}],"collection":[{"href":"https:\/\/www.automakersnews.cz\/index.php\/wp-json\/wp\/v2\/posts"}],"about":[{"href":"https:\/\/www.automakersnews.cz\/index.php\/wp-json\/wp\/v2\/types\/post"}],"author":[{"embeddable":true,"href":"https:\/\/www.automakersnews.cz\/index.php\/wp-json\/wp\/v2\/users\/1"}],"replies":[{"embeddable":true,"href":"https:\/\/www.automakersnews.cz\/index.php\/wp-json\/wp\/v2\/comments?post=16463"}],"version-history":[{"count":0,"href":"https:\/\/www.automakersnews.cz\/index.php\/wp-json\/wp\/v2\/posts\/16463\/revisions"}],"wp:featuredmedia":[{"embeddable":true,"href":"https:\/\/www.automakersnews.cz\/index.php\/wp-json\/wp\/v2\/media\/16464"}],"wp:attachment":[{"href":"https:\/\/www.automakersnews.cz\/index.php\/wp-json\/wp\/v2\/media?parent=16463"}],"wp:term":[{"taxonomy":"category","embeddable":true,"href":"https:\/\/www.automakersnews.cz\/index.php\/wp-json\/wp\/v2\/categories?post=16463"},{"taxonomy":"post_tag","embeddable":true,"href":"https:\/\/www.automakersnews.cz\/index.php\/wp-json\/wp\/v2\/tags?post=16463"}],"curies":[{"name":"wp","href":"https:\/\/api.w.org\/{rel}","templated":true}]}}