{"id":16468,"date":"2023-01-25T09:41:37","date_gmt":"2023-01-25T09:41:37","guid":{"rendered":"https:\/\/www.automakersnews.cz\/?p=16468"},"modified":"2023-01-25T10:28:36","modified_gmt":"2023-01-25T10:28:36","slug":"import-bmw-hodnotil-v-kunsthalle","status":"publish","type":"post","link":"https:\/\/www.automakersnews.cz\/index.php\/2023\/01\/25\/import-bmw-hodnotil-v-kunsthalle\/","title":{"rendered":"BMW m\u011blo bilan\u010dn\u00ed tiskovku v Kunsthalle"},"content":{"rendered":"<p><strong>Nada\u010dn\u00ed fond Kunsthalle Praha na Kl\u00e1rov\u011b hostil v \u00fater\u00fd 24. ledna bilan\u010dn\u00ed tiskovou konferenci BMW Group \u010cesk\u00e1 republika. Mluv\u010d\u00ed zna\u010dky David Haidinger p\u0159edstavil novin\u00e1\u0159\u016fm gener\u00e1ln\u00edho \u0159editele Macieje Galanta, kter\u00fd prezentoval lo\u0148sk\u00e9 v\u00fdsledky zna\u010dek BMW a MINI i pl\u00e1ny na leto\u0161ek.<\/strong><!--more--><\/p>\n<p>\u0160\u00e9f importu v \u00favodu poznamenal, \u017ee i ve zna\u010dn\u011b turbulentn\u00edm roce 2022 registrovala zna\u010dka BMW na \u010desk\u00e9m trhu 4624 osobn\u00edch voz\u016f, co\u017e sice p\u0159edstavuje meziro\u010dn\u00ed pokles o 5,8 %, ale vzhledem k poklesu celkov\u00e9ho trhu nov\u00fdch voz\u016f o 7,8 %, tak BMW dokonce m\u00edrn\u011b nav\u00fd\u0161ilo sv\u016fj tr\u017en\u00ed pod\u00edl na 2,41 %.<\/p>\n<p>Nav\u00edc se loni BMW propracoval mezi TOP 10 zna\u010dek u n\u00e1s a dos\u00e1hl t\u00edm historicky nejlep\u0161\u00edho um\u00edst\u011bn\u00ed.<\/p>\n<p><strong>Osobn\u00edm voz\u016fm BMW st\u00e1le vl\u00e1dne \u0159ada X5<\/strong><\/p>\n<p>S\u00a0d\u00edl\u010d\u00edmi v\u00fdsledky prodeje osobn\u00edch voz\u016f BMW p\u0159\u00edtomn\u00e9 sezn\u00e1mil prodejn\u00ed \u0159editel Miloslav Langer, kter\u00fd se mohl pochlubit, \u017ee BMW X5 je s\u00a0949 registracemi nejprod\u00e1van\u011bj\u0161\u00ed modelem zna\u010dky a v\u00a0segmentu velk\u00fdch SUV, stejn\u011b jako \u0159ada \u201e4\u201c dominuje sportovn\u00edm voz\u016fm nebo, \u017ee u jeden\u00e1cti model\u016f byly loni registrace vy\u0161\u0161\u00ed ne\u017e 100 kus\u016f.<\/p>\n<p>Zaj\u00edmav\u00fd je tak\u00e9 pod\u00edl voz\u016f s\u00a0pohonem v\u0161ech \u010dty\u0159 kol, kter\u00fd u zna\u010dky BMW \u010din\u00ed 79,4 %. Da\u0159\u00ed se i elektrifikovan\u00fdm model\u016fm BMW, jejich\u017e pod\u00edl za rok 2022 dos\u00e1hl 10,2 %, co\u017e nejlep\u0161\u00ed hodnota nejen mezi pr\u00e9miov\u00fdmi zna\u010dkami, ale a\u017e na v\u00fdjimky jen m\u00e1lo prod\u00e1van\u00fdch zna\u010dek i celkov\u011b.<\/p>\n<p><img loading=\"lazy\" decoding=\"async\" class=\"alignnone size-large wp-image-16472\" src=\"http:\/\/www.automakersnews.cz\/wp-content\/uploads\/2023\/01\/BMW_Galant-1024x803.jpg\" alt=\"\" width=\"1024\" height=\"803\" \/><\/p>\n<p><strong>Mini si polep\u0161ilo<\/strong><\/p>\n<p>Za zna\u010dku Mini prezentoval \u00fasp\u011b\u0161n\u00fd rok 2022 Petr Zima, kter\u00fd vyzvedl, \u017ee dos\u00e1hla nejlep\u0161\u00ed prodeje za posledn\u00ed t\u0159i roky a meziro\u010dn\u00edho zlep\u0161en\u00ed o 6,8 %, kdy\u017e v\u00a0roce 2021 byl n\u00e1r\u016fst 9,2 %. Z po\u010dtu 379 loni registrovan\u00fdch Mini m\u011blo 28 \u010dist\u011b elektrick\u00fd pohon (MINI Cooper SE).<\/p>\n<p><strong>BMW p\u00e1tou nejprod\u00e1van\u011bj\u0161\u00ed zna\u010dkou motocykl\u016f<\/strong><\/p>\n<p>Bezesporu nej\u00fasp\u011b\u0161n\u011bj\u0161\u00ed z\u00a0portfolia BMW byla divize BMW Motorrad, kter\u00e1 je u\u017e dlouhodob\u011b na vzestupn\u00e9m kurzu. Podle country mana\u017eera motocykl\u016f BMW, Petra Kraj\u010di si v roce 2022 koupilo n\u011bkter\u00fd z motocykl\u016f BMW celkem 1133 z\u00e1kazn\u00edk\u016f, co\u017e znamen\u00e1 meziro\u010dn\u00ed n\u00e1r\u016fst o 3,2 % a sou\u010dasn\u011b tak\u00e9 druh\u00fd rok po sob\u011b, kdy byla p\u0159ekon\u00e1na meta 1000 dodan\u00fdch motocykl\u016f.<\/p>\n<p>V nejvy\u0161\u0161\u00edm segmentu nad 800 cm<sup>3<\/sup> jsou stroje BMW suver\u00e9nn\u00ed jedni\u010dkou \u010desk\u00e9ho motocyklov\u00e9ho trhu, kdy\u017e jim pat\u0159\u00ed t\u00e9m\u011b\u0159 jeho \u010dtvrtina. Elektricky poh\u00e1n\u011bn\u00e9 jednostop\u00e9 BMW Motorrad (BMW CE 04) si v\u00a0roce 2022 vybralo 13 z\u00e1kazn\u00edk\u016f.<\/p>\n<p><strong>Zku\u0161ebn\u00ed are\u00e1l BMW u Sokolova fini\u0161uje<\/strong><\/p>\n<p>Bl\u00edzk\u00e9 budoucnosti BMW v \u010cesk\u00e9 republice pat\u0159ily dva pohledy. Prvn\u00ed byl v\u011bnovan\u00fd novink\u00e1m, kter\u00e9 se u\u017e brzo objev\u00ed na \u010desk\u00e9m trhu, co\u017e jsou p\u0159edev\u0161\u00edm nov\u00e9 osobn\u00ed vozy \u0159ady \u201e7\u201c, modely iX1, M3 Touring, M2, luxusn\u00ed sportovn\u00ed SUV model XM a nov\u00fd model zna\u010dky, kter\u00e1 tak\u00e9 pat\u0159\u00ed pod k\u0159\u00eddla BMW, a to Rolls-Royce. P\u0159edstavitel\u00e9 \u010desk\u00e9ho BMW nezapomn\u011bli p\u0159ipomenout tak\u00e9, \u017ee nedaleko Sokolova \u00fasp\u011b\u0161n\u011b pokra\u010duj\u00ed pr\u00e1ce na dobudov\u00e1n\u00ed zku\u0161ebn\u00edho are\u00e1lu BMW, kter\u00fd se bude ji\u017e letos uv\u00e1d\u011bt do provozu. V\u00fdsledky za rok 2022 jsou u BMW povzbudiv\u00e9 a pl\u00e1ny na leto\u0161ek p\u0159edstavuj\u00ed dal\u0161\u00ed v\u00fdzvy.<\/p>\n<p><strong>Zdroj: Karel Ber\u00e1nek, Kunsthalle<\/strong><\/p>\n","protected":false},"excerpt":{"rendered":"<div class=\"mh-excerpt\"><p>Nada\u010dn\u00ed fond Kunsthalle Praha na Kl\u00e1rov\u011b hostil v \u00fater\u00fd 24. ledna bilan\u010dn\u00ed tiskovou konferenci BMW Group \u010cesk\u00e1 republika. Mluv\u010d\u00ed zna\u010dky David Haidinger p\u0159edstavil novin\u00e1\u0159\u016fm gener\u00e1ln\u00edho <a class=\"mh-excerpt-more\" href=\"https:\/\/www.automakersnews.cz\/index.php\/2023\/01\/25\/import-bmw-hodnotil-v-kunsthalle\/\" title=\"BMW m\u011blo bilan\u010dn\u00ed tiskovku v Kunsthalle\">[&#8230;]<\/a><\/p>\n<\/div>","protected":false},"author":1,"featured_media":16469,"comment_status":"open","ping_status":"open","sticky":false,"template":"","format":"standard","meta":{"footnotes":""},"categories":[8,29],"tags":[],"class_list":["post-16468","post","type-post","status-publish","format-standard","has-post-thumbnail","hentry","category-statistika","category-tiskovky"],"_links":{"self":[{"href":"https:\/\/www.automakersnews.cz\/index.php\/wp-json\/wp\/v2\/posts\/16468","targetHints":{"allow":["GET"]}}],"collection":[{"href":"https:\/\/www.automakersnews.cz\/index.php\/wp-json\/wp\/v2\/posts"}],"about":[{"href":"https:\/\/www.automakersnews.cz\/index.php\/wp-json\/wp\/v2\/types\/post"}],"author":[{"embeddable":true,"href":"https:\/\/www.automakersnews.cz\/index.php\/wp-json\/wp\/v2\/users\/1"}],"replies":[{"embeddable":true,"href":"https:\/\/www.automakersnews.cz\/index.php\/wp-json\/wp\/v2\/comments?post=16468"}],"version-history":[{"count":0,"href":"https:\/\/www.automakersnews.cz\/index.php\/wp-json\/wp\/v2\/posts\/16468\/revisions"}],"wp:featuredmedia":[{"embeddable":true,"href":"https:\/\/www.automakersnews.cz\/index.php\/wp-json\/wp\/v2\/media\/16469"}],"wp:attachment":[{"href":"https:\/\/www.automakersnews.cz\/index.php\/wp-json\/wp\/v2\/media?parent=16468"}],"wp:term":[{"taxonomy":"category","embeddable":true,"href":"https:\/\/www.automakersnews.cz\/index.php\/wp-json\/wp\/v2\/categories?post=16468"},{"taxonomy":"post_tag","embeddable":true,"href":"https:\/\/www.automakersnews.cz\/index.php\/wp-json\/wp\/v2\/tags?post=16468"}],"curies":[{"name":"wp","href":"https:\/\/api.w.org\/{rel}","templated":true}]}}