{"id":16476,"date":"2023-01-25T09:56:17","date_gmt":"2023-01-25T09:56:17","guid":{"rendered":"https:\/\/www.automakersnews.cz\/?p=16476"},"modified":"2023-01-25T10:29:09","modified_gmt":"2023-01-25T10:29:09","slug":"auto-roku-2023-vyhlasi-na-zizkovske-vezi","status":"publish","type":"post","link":"https:\/\/www.automakersnews.cz\/index.php\/2023\/01\/25\/auto-roku-2023-vyhlasi-na-zizkovske-vezi\/","title":{"rendered":"Auto roku 2023 vyhl\u00e1s\u00ed na \u017di\u017ekovsk\u00e9 v\u011b\u017ei"},"content":{"rendered":"<p><strong>Anketa Auto roku 2023 v \u010cR jde do fin\u00e1le. Porotci maj\u00ed odevzdat sv\u00e9 hlasy do 27. ledna a slavnostn\u00ed vyhl\u00e1\u0161en\u00ed v\u00edt\u011bze sout\u011b\u017ee prob\u011bhne 7. \u00fanora 2023 v origin\u00e1ln\u00edm prost\u0159ed\u00ed \u017ei\u017ekovsk\u00e9 televizn\u00ed v\u011b\u017ee.<\/strong><!--more--><\/p>\n<p>V prvn\u00edm kole volby vybrala v polovin\u011b ledna dvaceti\u010dlenn\u00e1 novin\u00e1\u0159sk\u00e1 porota z 26 p\u0159ihl\u00e1\u0161en\u00fdch model\u016f do druh\u00e9ho kola \u0161est finalist\u016f, kter\u00fdmi jsou (abecedn\u011b) BMW X1, Ford Raptor, Honda Civic, Peugeot 408, Renault Megane E-Tech a Volkswagen ID. Buzz.<\/p>\n<p>Do konce tohoto t\u00fddne prob\u011bhne druh\u00e9 kolo volby, v\u00a0jej\u00edm\u017e r\u00e1mci odevzdaj\u00ed stejn\u00ed porotci sv\u00e1 hlasov\u00e1n\u00ed, ve kter\u00e9m ji\u017e mus\u00ed rozd\u011blit 25 bod\u016f mezi finality a jasn\u011b ur\u010dit \u201esv\u00e9ho\u201c v\u00edt\u011bze i\u00a0dal\u0161\u00ed po\u0159ad\u00ed.<\/p>\n<p>Na z\u00e1klad\u011b hlasov\u00e1n\u00ed v\u00a0druh\u00e9m kole vyhodnot\u00ed vyhla\u0161ovatel ankety, Svaz dovozc\u016f automobil\u016f, hodnocen\u00ed jednotliv\u00fdch porotc\u016f a model, kter\u00fd obdr\u017e\u00ed nejv\u011bt\u0161\u00ed po\u010det bod\u016f se stane leto\u0161n\u00edm Autem roku v\u00a0\u010cesk\u00e9 republice. Podle z\u00edskan\u00fdch bod\u016f bude ur\u010deno i dal\u0161\u00ed po\u0159ad\u00ed finalist\u016f.<\/p>\n<figure id=\"attachment_13853\" aria-describedby=\"caption-attachment-13853\" style=\"width: 1024px\" class=\"wp-caption alignnone\"><img loading=\"lazy\" decoding=\"async\" class=\"size-large wp-image-13853\" src=\"http:\/\/www.automakersnews.cz\/wp-content\/uploads\/2023\/01\/Auto-roku-2023-Certousy-porota-1024x768.jpg\" alt=\"\" width=\"1024\" height=\"768\" \/><figcaption id=\"caption-attachment-13853\" class=\"wp-caption-text\">J\u00edzdy poroty letos prob\u011bhly v pra\u017esk\u00fdch \u010certous\u00edch<\/figcaption><\/figure>\n<p><strong>Podle vzoru evropsk\u00e9 COTY<\/strong><\/p>\n<p>Samotn\u00e1 anketa letos u n\u00e1s prob\u00edh\u00e1 podle krit\u00e9ri\u00ed zn\u00e1m\u00fdch z evropsk\u00e9 ankety COTY (Car Of The Year \u2013 jej\u00edm v\u00edt\u011bzem pro rok 2023 se stal v\u016fz Jeep Avenger, kter\u00fd u n\u00e1s nebyl p\u0159ihl\u00e1\u0161en).<\/p>\n<p>V\u00a0\u010cesk\u00e9 republice bude proto tentokr\u00e1t vyhl\u00e1\u0161en jedin\u00fd v\u00edt\u011bz, zat\u00edmco v\u00a0minul\u00fdch letech byly krom\u011b \u201ehlavn\u00ed ankety\u201c Auto roku v\u00a0\u010cR, vyhla\u0161ov\u00e1ni tak\u00e9 v\u00edt\u011bzov\u00e9 v\u00a0r\u00e1mci p\u0159idru\u017een\u00fdch anket o \u201eEkologick\u00e9 auto roku&#8220; a &#8222;Technick\u00e1 inovace roku&#8220;.<\/p>\n<figure id=\"attachment_13857\" aria-describedby=\"caption-attachment-13857\" style=\"width: 1024px\" class=\"wp-caption alignnone\"><img loading=\"lazy\" decoding=\"async\" class=\"size-large wp-image-13857\" src=\"http:\/\/www.automakersnews.cz\/wp-content\/uploads\/2023\/01\/Auto-roku-2023-Certousy-Hyan-1024x768.jpg\" alt=\"\" width=\"1024\" height=\"768\" \/><figcaption id=\"caption-attachment-13857\" class=\"wp-caption-text\">Na regul\u00e9rnost testpvac\u00edch j\u00edzd dohl\u00e9dl p\u0159edseda odborn\u00e9 poroty Tom\u00e1\u0161 Hyan<\/figcaption><\/figure>\n<p>Sou\u010dasn\u011b nebyla letos vyhl\u00e1\u0161ena ani anketa, ve kter\u00e9 volila v\u00a0n\u011bkolika kategori\u00edch i celkov\u011b sv\u00e9 favority ve\u0159ejnost.<\/p>\n<p><strong>Zdroj: Karel Ber\u00e1nek, KMP<\/strong><\/p>\n<p>&nbsp;<\/p>\n<p>&nbsp;<\/p>\n","protected":false},"excerpt":{"rendered":"<div class=\"mh-excerpt\"><p>Anketa Auto roku 2023 v \u010cR jde do fin\u00e1le. Porotci maj\u00ed odevzdat sv\u00e9 hlasy do 27. ledna a slavnostn\u00ed vyhl\u00e1\u0161en\u00ed v\u00edt\u011bze sout\u011b\u017ee prob\u011bhne 7. \u00fanora <a class=\"mh-excerpt-more\" href=\"https:\/\/www.automakersnews.cz\/index.php\/2023\/01\/25\/auto-roku-2023-vyhlasi-na-zizkovske-vezi\/\" title=\"Auto roku 2023 vyhl\u00e1s\u00ed na \u017di\u017ekovsk\u00e9 v\u011b\u017ei\">[&#8230;]<\/a><\/p>\n<\/div>","protected":false},"author":1,"featured_media":16477,"comment_status":"open","ping_status":"open","sticky":false,"template":"","format":"standard","meta":{"footnotes":""},"categories":[2],"tags":[],"class_list":["post-16476","post","type-post","status-publish","format-standard","has-post-thumbnail","hentry","category-news"],"_links":{"self":[{"href":"https:\/\/www.automakersnews.cz\/index.php\/wp-json\/wp\/v2\/posts\/16476","targetHints":{"allow":["GET"]}}],"collection":[{"href":"https:\/\/www.automakersnews.cz\/index.php\/wp-json\/wp\/v2\/posts"}],"about":[{"href":"https:\/\/www.automakersnews.cz\/index.php\/wp-json\/wp\/v2\/types\/post"}],"author":[{"embeddable":true,"href":"https:\/\/www.automakersnews.cz\/index.php\/wp-json\/wp\/v2\/users\/1"}],"replies":[{"embeddable":true,"href":"https:\/\/www.automakersnews.cz\/index.php\/wp-json\/wp\/v2\/comments?post=16476"}],"version-history":[{"count":0,"href":"https:\/\/www.automakersnews.cz\/index.php\/wp-json\/wp\/v2\/posts\/16476\/revisions"}],"wp:featuredmedia":[{"embeddable":true,"href":"https:\/\/www.automakersnews.cz\/index.php\/wp-json\/wp\/v2\/media\/16477"}],"wp:attachment":[{"href":"https:\/\/www.automakersnews.cz\/index.php\/wp-json\/wp\/v2\/media?parent=16476"}],"wp:term":[{"taxonomy":"category","embeddable":true,"href":"https:\/\/www.automakersnews.cz\/index.php\/wp-json\/wp\/v2\/categories?post=16476"},{"taxonomy":"post_tag","embeddable":true,"href":"https:\/\/www.automakersnews.cz\/index.php\/wp-json\/wp\/v2\/tags?post=16476"}],"curies":[{"name":"wp","href":"https:\/\/api.w.org\/{rel}","templated":true}]}}