{"id":1649,"date":"2022-11-03T07:27:35","date_gmt":"2022-11-03T07:27:35","guid":{"rendered":"https:\/\/www.automakersnews.cz\/?p=1649"},"modified":"2022-11-03T07:27:35","modified_gmt":"2022-11-03T07:27:35","slug":"e-salon-auto-elso-ukaze-projekt-ae-mobility","status":"publish","type":"post","link":"https:\/\/www.automakersnews.cz\/index.php\/2022\/11\/03\/e-salon-auto-elso-ukaze-projekt-ae-mobility\/","title":{"rendered":"e-SALON: Auto Elso uk\u00e1\u017ee projekt AE-Mobility"},"content":{"rendered":"<p><strong>\u010cakovick\u00e9 AUTO ELSO m\u00ed\u0159\u00ed na veletrh \u010dist\u00e9 mobility e-SALON, kter\u00fd se kon\u00e1 10.-13.11.2022 v PVA Let\u0148any. Spolumajitel firmy Radek Donner p\u0159edstav\u00ed\u00a0 projekt AE-MOBILITY.<\/strong><!--more--><\/p>\n<p>&#8222;Elektromobilita je siln\u00e9 t\u00e9ma a my ji\u017e nyn\u00ed vid\u00edme, \u017ee jsme se s na\u0161\u00edm nov\u00fdm projektem vydali spr\u00e1vn\u00fdm sm\u011brem. Na\u0161\u00ed p\u0159\u00edtomnost\u00ed na e-SALONU navazujeme na \u00fasp\u011b\u0161nou akci Setk\u00e1n\u00ed s elektromobilitou z konce z\u00e1\u0159\u00ed v are\u00e1lu AUTO ELSO, kter\u00e9 se, pod z\u00e1\u0161titou M\u017dP, z\u00fa\u010dastnilo dv\u011b st\u011b pozvan\u00fdch z\u00e1kazn\u00edk\u016f z \u0159ad firem a st\u00e1tn\u00ed spr\u00e1vy, a kte\u0159\u00ed vyzkou\u0161eli 30 testovac\u00edch elektromobil\u016f p\u0159i t\u00e9m\u011b\u0159 350 realizovan\u00fdch testovac\u00edch j\u00edzd\u00e1ch. Nyn\u00ed m\u00e1me p\u0159\u00edle\u017eitost p\u0159edstavit na\u0161\u00ed slu\u017ebu \u0161irok\u00e9 ve\u0159ejnosti. Slu\u017ebu komplexn\u00edho \u0159e\u0161en\u00ed elektromobility. Slu\u017ebu, kter\u00e1 zahrnuje od projektov\u00e9 \u010dinnosti k fotovoltaick\u00fdm elektr\u00e1rn\u00e1m a bateriov\u00fdm \u00falo\u017ei\u0161t\u00edm, n\u00e1vrh a dod\u00e1vku \u0159e\u0161en\u00ed nab\u00edje\u010dek a wallbox\u016f, p\u0159es samotnou realizaci instalac\u00ed a\u017e po dod\u00e1n\u00ed osobn\u00edch \u010di u\u017eitkov\u00fdch elektromobil\u016f z nej\u0161ir\u0161\u00ed nab\u00eddky na trhu a to v\u010detn\u011b vy\u0159\u00edzen\u00ed dotac\u00ed. Slu\u017ebu, kter\u00e1 je ur\u010den\u00e1 jak pro dom\u00e1c\u00ed, tak firemn\u00ed \u0159e\u0161en\u00ed,&#8220; uvedl Donner.<\/p>\n","protected":false},"excerpt":{"rendered":"<div class=\"mh-excerpt\"><p>\u010cakovick\u00e9 AUTO ELSO m\u00ed\u0159\u00ed na veletrh \u010dist\u00e9 mobility e-SALON, kter\u00fd se kon\u00e1 10.-13.11.2022 v PVA Let\u0148any. Spolumajitel firmy Radek Donner p\u0159edstav\u00ed\u00a0 projekt AE-MOBILITY.<\/p>\n<\/div>","protected":false},"author":1,"featured_media":1650,"comment_status":"open","ping_status":"open","sticky":false,"template":"","format":"standard","meta":{"footnotes":""},"categories":[28],"tags":[],"class_list":["post-1649","post","type-post","status-publish","format-standard","has-post-thumbnail","hentry","category-vystavy"],"_links":{"self":[{"href":"https:\/\/www.automakersnews.cz\/index.php\/wp-json\/wp\/v2\/posts\/1649","targetHints":{"allow":["GET"]}}],"collection":[{"href":"https:\/\/www.automakersnews.cz\/index.php\/wp-json\/wp\/v2\/posts"}],"about":[{"href":"https:\/\/www.automakersnews.cz\/index.php\/wp-json\/wp\/v2\/types\/post"}],"author":[{"embeddable":true,"href":"https:\/\/www.automakersnews.cz\/index.php\/wp-json\/wp\/v2\/users\/1"}],"replies":[{"embeddable":true,"href":"https:\/\/www.automakersnews.cz\/index.php\/wp-json\/wp\/v2\/comments?post=1649"}],"version-history":[{"count":0,"href":"https:\/\/www.automakersnews.cz\/index.php\/wp-json\/wp\/v2\/posts\/1649\/revisions"}],"wp:featuredmedia":[{"embeddable":true,"href":"https:\/\/www.automakersnews.cz\/index.php\/wp-json\/wp\/v2\/media\/1650"}],"wp:attachment":[{"href":"https:\/\/www.automakersnews.cz\/index.php\/wp-json\/wp\/v2\/media?parent=1649"}],"wp:term":[{"taxonomy":"category","embeddable":true,"href":"https:\/\/www.automakersnews.cz\/index.php\/wp-json\/wp\/v2\/categories?post=1649"},{"taxonomy":"post_tag","embeddable":true,"href":"https:\/\/www.automakersnews.cz\/index.php\/wp-json\/wp\/v2\/tags?post=1649"}],"curies":[{"name":"wp","href":"https:\/\/api.w.org\/{rel}","templated":true}]}}