{"id":16743,"date":"2023-01-26T09:14:32","date_gmt":"2023-01-26T09:14:32","guid":{"rendered":"https:\/\/www.automakersnews.cz\/?p=16743"},"modified":"2023-01-26T09:14:32","modified_gmt":"2023-01-26T09:14:32","slug":"moneta-poridi-dalsich-60-elektromobilu","status":"publish","type":"post","link":"https:\/\/www.automakersnews.cz\/index.php\/2023\/01\/26\/moneta-poridi-dalsich-60-elektromobilu\/","title":{"rendered":"MONETA po\u0159\u00edd\u00ed dal\u0161\u00edch 60 elektromobil\u016f"},"content":{"rendered":"<p align=\"JUSTIFY\"><span style=\"font-family: Arial, serif;\"><span style=\"font-size: small;\"><b>Pod\u00edl elektromobil\u016f ve firemn\u00edm fleetu Skupiny MONETA dos\u00e1hl ke konci lo\u0148sk\u00e9ho roku \u00farovn\u011b 46 %. Banka aktu\u00e1ln\u011b vlastn\u00ed 130 \u010dist\u011b elektrick\u00fdch voz\u016f. Do konce leto\u0161n\u00edho roku p\u0159ibude v gar\u00e1\u017e\u00edch Monety dal\u0161\u00edch t\u00e9m\u011b\u0159 60 nov\u00fdch aut na elektrick\u00fd pohon. <\/b><\/span><\/span><!--more--><\/p>\n<p align=\"JUSTIFY\"><span style=\"font-family: Arial, serif;\"><span style=\"font-size: small;\">Firemn\u00ed flotila cel\u00e9 skupiny \u010d\u00edt\u00e1 aktu\u00e1ln\u011b celkem 216 voz\u016f, 84 z\u00a0nich je st\u00e1le konven\u010dn\u00edho charakteru, jejich motor je tedy nap\u00e1jen bu\u010f benzinem nebo naftou. \u201e<\/span><\/span><span style=\"font-family: Arial, serif;\"><span style=\"font-size: small;\"><i>Na\u0161\u00edm dlouhodob\u00fdm strategick\u00fdm c\u00edlem je b\u00fdt v\u00a0roce 2025 uhl\u00edkov\u011b neutr\u00e1ln\u00ed spole\u010dnost\u00ed v\u00a0takzvan\u00fdch p\u0159\u00edm\u00fdch emis\u00edch, p\u0159echod k\u00a0elektromobilit\u011b je tedy jedn\u00edm z\u00a0logick\u00fdch krok\u016f, jak toho dos\u00e1hnout. Spole\u010dn\u011b s\u00a0rozhodnut\u00edm, \u017ee do na\u0161\u00ed flotily budeme v\u00a0budoucnu nakupovat ji\u017e pouze elektromobily, jde nav\u00edc ruku v\u00a0ruce i redukce vozov\u00e9ho parku<\/i><\/span><\/span><span style=\"font-family: Arial, serif;\"><span style=\"font-size: small;\">,\u201c uvedla v\u00a0t\u00e9to souvislosti \u0159editelka Udr\u017eitelnosti a Komunikace Skupiny MONETA Zuzana Filipov\u00e1. <\/span><\/span><\/p>\n<p align=\"JUSTIFY\"><span style=\"font-family: Arial, serif;\"><span style=\"font-size: small;\">Firemn\u00ed park Monety aktu\u00e1ln\u011b \u010d\u00edt\u00e1 216 vozidel, do konce leto\u0161n\u00edho roku pl\u00e1nuje banka toto celkov\u00e9 \u010d\u00edslo sn\u00ed\u017eit na dv\u011b stovky. Je\u0161t\u011b na za\u010d\u00e1tku minul\u00e9ho roku p\u0159itom v\u00a0gar\u00e1\u017e\u00edch banky parkovalo 320 firemn\u00edch aut. <\/span><\/span><\/p>\n<p align=\"JUSTIFY\"><span style=\"font-family: Arial, serif;\"><span style=\"font-size: small;\">S\u00a0radik\u00e1ln\u00ed prom\u011bnou sv\u00e9 rozs\u00e1hl\u00e9 flotily za\u010dala MONETA v\u00a0roce 2017, kdy\u017e do tehdej\u0161\u00edho vozov\u00e9ho parku o velikosti 460 voz\u016f po\u0159\u00eddila celkem 60 e-golf\u016f prvn\u00ed generace. Pr\u00e1v\u011b tyto vozy nyn\u00ed \u010dek\u00e1 genera\u010dn\u00ed obm\u011bna: \u201e<\/span><\/span><span style=\"font-family: Arial, serif;\"><span style=\"font-size: small;\"><i>Zastaral\u00e9 e-golfy budeme v\u00a0pr\u016fb\u011bhu leto\u0161n\u00edho roku postupn\u011b vy\u0159azovat a na jejich m\u00edsto po\u0159izovat celkem 57 nov\u00fdch elektromobil\u016f. R\u00e1di bychom koncem roku ve flotile dr\u017eeli 131 aut na elektrick\u00fd pohon a 69 konven\u010dn\u00edch voz\u016f<\/i><\/span><\/span><span style=\"font-family: Arial, serif;\"><span style=\"font-size: small;\">,\u201c doplnila Filipov\u00e1. <\/span><\/span><\/p>\n<p align=\"JUSTIFY\"><span style=\"font-family: Arial, serif;\"><span style=\"font-size: small;\">Automobily na elektrick\u00fd pohon maj\u00ed krom\u011b nulov\u00fdch emis\u00ed i neoddiskutovatelnou ekonomickou v\u00fdhodu: jejich ro\u010dn\u00ed provoz toti\u017e vyjde a\u017e t\u0159ikr\u00e1t levn\u011bji, ne\u017e provoz klasick\u00e9ho vozu: sv\u016fj pod\u00edl na tom maj\u00ed krom\u011b samotn\u00e9 efektivity pohonu i ni\u017e\u0161\u00ed spot\u0159ebn\u00ed n\u00e1klady, absence silni\u010dn\u00ed dan\u011b nebo levn\u011bj\u0161\u00ed poji\u0161t\u011bn\u00ed. \u201e<\/span><\/span><span style=\"font-family: Arial, serif;\"><span style=\"font-size: small;\"><i>V\u00fdraznou \u00fasporou je pak absence placen\u00e9ho parkov\u00e1n\u00ed zejm\u00e9na v\u00a0Praze, kde pro elektromobily plat\u00ed mo\u017enost bezplatn\u00e9ho st\u00e1n\u00ed v takzvan\u00fdch modr\u00fdch z\u00f3n\u00e1ch. Pokud bychom tedy do provozn\u00edch n\u00e1klad\u016f zapo\u010detli i parkovn\u00e9 v\u00a0hlavn\u00edm m\u011bst\u011b, pra\u017esk\u00e9 e-Golfy se n\u00e1m zaplat\u00ed ji\u017e po prvn\u00edm roce provozu<\/i><\/span><\/span><span style=\"font-family: Arial, serif;\"><span style=\"font-size: small;\">,\u201c uvedla Zuzana Filipov\u00e1. <\/span><\/span><\/p>\n<p align=\"JUSTIFY\"><span style=\"font-family: Arial, serif;\"><span style=\"font-size: small;\">Z\u00e1jem o vozy s\u00a0udr\u017eiteln\u00fdm pohonem nicm\u00e9n\u011b plat\u00ed nejenom pro samotnou banku ale i pro jej\u00ed klienty: oproti roku 2021 evidovala MONETA ke konci lo\u0148sk\u00e9mu roku o polovinu vy\u0161\u0161\u00ed po\u010det sjednan\u00fdch \u00fav\u011br\u016f na n\u00e1kup elektromobil\u016f, kter\u00fd p\u0159es\u00e1hl \u00farovn\u011b 55,3 milionu korun. <\/span><\/span><\/p>\n","protected":false},"excerpt":{"rendered":"<div class=\"mh-excerpt\"><p>Pod\u00edl elektromobil\u016f ve firemn\u00edm fleetu Skupiny MONETA dos\u00e1hl ke konci lo\u0148sk\u00e9ho roku \u00farovn\u011b 46 %. Banka aktu\u00e1ln\u011b vlastn\u00ed 130 \u010dist\u011b elektrick\u00fdch voz\u016f. Do konce leto\u0161n\u00edho <a class=\"mh-excerpt-more\" href=\"https:\/\/www.automakersnews.cz\/index.php\/2023\/01\/26\/moneta-poridi-dalsich-60-elektromobilu\/\" title=\"MONETA po\u0159\u00edd\u00ed dal\u0161\u00edch 60 elektromobil\u016f\">[&#8230;]<\/a><\/p>\n<\/div>","protected":false},"author":1,"featured_media":16744,"comment_status":"open","ping_status":"open","sticky":false,"template":"","format":"standard","meta":{"footnotes":""},"categories":[22,25],"tags":[],"class_list":["post-16743","post","type-post","status-publish","format-standard","has-post-thumbnail","hentry","category-elektromobily","category-fleety"],"_links":{"self":[{"href":"https:\/\/www.automakersnews.cz\/index.php\/wp-json\/wp\/v2\/posts\/16743","targetHints":{"allow":["GET"]}}],"collection":[{"href":"https:\/\/www.automakersnews.cz\/index.php\/wp-json\/wp\/v2\/posts"}],"about":[{"href":"https:\/\/www.automakersnews.cz\/index.php\/wp-json\/wp\/v2\/types\/post"}],"author":[{"embeddable":true,"href":"https:\/\/www.automakersnews.cz\/index.php\/wp-json\/wp\/v2\/users\/1"}],"replies":[{"embeddable":true,"href":"https:\/\/www.automakersnews.cz\/index.php\/wp-json\/wp\/v2\/comments?post=16743"}],"version-history":[{"count":0,"href":"https:\/\/www.automakersnews.cz\/index.php\/wp-json\/wp\/v2\/posts\/16743\/revisions"}],"wp:featuredmedia":[{"embeddable":true,"href":"https:\/\/www.automakersnews.cz\/index.php\/wp-json\/wp\/v2\/media\/16744"}],"wp:attachment":[{"href":"https:\/\/www.automakersnews.cz\/index.php\/wp-json\/wp\/v2\/media?parent=16743"}],"wp:term":[{"taxonomy":"category","embeddable":true,"href":"https:\/\/www.automakersnews.cz\/index.php\/wp-json\/wp\/v2\/categories?post=16743"},{"taxonomy":"post_tag","embeddable":true,"href":"https:\/\/www.automakersnews.cz\/index.php\/wp-json\/wp\/v2\/tags?post=16743"}],"curies":[{"name":"wp","href":"https:\/\/api.w.org\/{rel}","templated":true}]}}