{"id":16747,"date":"2023-01-26T09:23:48","date_gmt":"2023-01-26T09:23:48","guid":{"rendered":"https:\/\/www.automakersnews.cz\/?p=16747"},"modified":"2023-01-26T09:24:52","modified_gmt":"2023-01-26T09:24:52","slug":"elektromobily-loni-cerpaly-u-cez-o-25-energie-vice","status":"publish","type":"post","link":"https:\/\/www.automakersnews.cz\/index.php\/2023\/01\/26\/elektromobily-loni-cerpaly-u-cez-o-25-energie-vice\/","title":{"rendered":"Elektromobily loni \u010derpaly u \u010cEZ o 25 % v\u00edce"},"content":{"rendered":"<p align=\"JUSTIFY\"><span style=\"color: #63666a;\"><span style=\"font-size: medium;\"><strong>Tis\u00edce nov\u00fdch elektroaut na \u010desk\u00fdch silnic\u00edch a v\u00edce ne\u017e stovka nov\u00fdch dob\u00edjec\u00edch stojan\u016f \u010cEZ. To jsou hlavn\u00ed d\u016fvody lo\u0148sk\u00e9ho 25% r\u016fstu odb\u011br\u016f energie v nejv\u011bt\u0161\u00ed \u010desk\u00e9 s\u00edti ve\u0159ejn\u00fdch stanic.<\/strong> <\/span><\/span><!--more--><\/p>\n<p align=\"JUSTIFY\"><span style=\"color: #63666a;\"><span style=\"font-size: medium;\">Mapa dob\u00edjec\u00edch bod\u016f rozprost\u0159en\u00e1 od Mari\u00e1nsk\u00fdch L\u00e1zn\u00ed po T\u0159inec je svou hustotou srovnateln\u00e1 s pokryt\u00edm standardn\u00edch \u0159et\u011bzc\u016f klasick\u00fdch \u010derpac\u00edch stanic. Roz\u0161i\u0159uje se jak d\u00edky vlastn\u00edm prost\u0159edk\u016fm Skupiny \u010cEZ, tak d\u00edky evropsk\u00e9mu grantu z programu Connecting Europe Facility (CEF) a prost\u0159edk\u016fm p\u0159id\u011blovan\u00fdm Opera\u010dn\u00edm programem Doprava.<\/span><\/span><\/p>\n<p align=\"JUSTIFY\"><span style=\"color: #63666a;\">Stejn\u011b jako v\u00a0p\u0159echoz\u00edch letech byly stojany \u010cEZ i loni hlavn\u00edm dodavatelem energie do bateri\u00ed elektromobil\u016f a tahounem rozvoje dob\u00edjec\u00ed infrastruktury v \u010cesk\u00e9 republice. \u0158idi\u010di u nich b\u011bhem 265 tis\u00edc zastaven\u00ed na\u010derpali p\u0159es 4,4 milionu kWh certifikovan\u00e9 bezemisn\u00ed elekt\u0159iny poch\u00e1zej\u00edc\u00ed z\u00a0obnoviteln\u00fdch zdroj\u016f. Takov\u00e9 mno\u017estv\u00ed energie by umo\u017enilo cestu kolem sv\u011bta kolon\u011b 733 elektromobil\u016f. Celkov\u00fd instalovan\u00fd v\u00fdkon v\u0161ech stojan\u016f v\u00a0s\u00edti \u010cEZ p\u0159es\u00e1hl koncem roku 35 MW, co\u017e je nap\u0159. ekvivalent st\u0159edn\u011b velk\u00e9 vodn\u00ed elektr\u00e1rny z\u00e1sobuj\u00edc\u00ed elekt\u0159inou dom\u00e1cnosti 80tis\u00edcov\u00e9ho m\u011bsta.<\/span><\/p>\n<p align=\"JUSTIFY\"><span style=\"color: #63666a;\">\u201e<i>Letos c\u00edl\u00edme znovu na v\u00edce ne\u017e 20procentn\u00ed r\u016fst odb\u011br\u016f a v\u00fdrazn\u00e9 p\u0159ekro\u010den\u00ed hranice na\u010derpan\u00fdch p\u011bti milion\u016f kWh. M\u011blo by se to poda\u0159it i d\u00edky zrychlen\u00ed v\u00fdstavby ultrarychl\u00fdch stojan\u016f, kter\u00fdch zprovozn\u00edme asi \u010dty\u0159icet. Tyto stanice dopln\u011bn\u00e9 v\u00a0jednotliv\u00fdch lokalit\u00e1ch o standardn\u00ed 50kW stojany jsou z\u00e1rukou, \u017ee \u010dasy samotn\u00e9ho dob\u00edjen\u00ed i \u010dek\u00e1n\u00ed na n\u011bj se v\u00fdznamn\u011b zkr\u00e1t\u00ed. \u010cesk\u00e1 republika m\u00e1 v\u00a0pod\u00edlu ultrarychl\u00fdch a rychl\u00fdch stanic v s\u00edti p\u0159ed Evropou n\u00e1skok a r\u00e1di bychom jej i d\u00edky zkvalit\u0148ov\u00e1n\u00ed na\u0161\u00ed s\u00edt\u011b pomohli udr\u017eet,\u201c <\/i><\/span><span style=\"color: #63666a;\">\u0159\u00edk\u00e1 <\/span><span style=\"color: #63666a;\"><b>\u0159editel elektromobility \u010cEZ Tom\u00e1\u0161 Dzurilla<\/b><\/span><span style=\"color: #63666a;\"><i>.<\/i><\/span><\/p>\n<p align=\"JUSTIFY\"><span style=\"color: #63666a;\"><i><b>Jak rostly odb\u011bry u stojan\u016f \u010cEZ<\/b><\/i><\/span><\/p>\n<table border=\"1\" width=\"623\" cellspacing=\"0\" cellpadding=\"7\">\n<tbody>\n<tr valign=\"TOP\">\n<td width=\"136\">\n<p align=\"JUSTIFY\"><span style=\"color: #5f6163;\"><span style=\"font-family: Arial, serif;\"><b>Rok<\/b><\/span><\/span><\/p>\n<\/td>\n<td width=\"194\">\n<p align=\"JUSTIFY\"><span style=\"color: #5f6163;\"><span style=\"font-family: Arial, serif;\"><b>Na\u010derpan\u00e1 energie <\/b><\/span><\/span><span style=\"color: #5f6163;\"><span style=\"font-family: Arial, serif;\"><span lang=\"en-US\"><b>[mil. kWh]<\/b><\/span><\/span><\/span><\/p>\n<\/td>\n<td width=\"118\">\n<p align=\"JUSTIFY\"><span style=\"color: #5f6163;\"><span style=\"font-family: Arial, serif;\"><b>Meziro\u010dn\u00ed r\u016fst<\/b><\/span><\/span><\/p>\n<\/td>\n<td width=\"117\">\n<p align=\"JUSTIFY\"><span style=\"color: #5f6163;\"><span style=\"font-family: Arial, serif;\"><b>Po\u010det dob\u00edjen\u00ed<\/b><\/span><\/span><\/p>\n<\/td>\n<\/tr>\n<tr valign=\"TOP\">\n<td width=\"136\">\n<p align=\"JUSTIFY\"><span style=\"color: #5f6163;\"><span style=\"font-family: Arial, serif;\">2017<\/span><\/span><\/p>\n<\/td>\n<td width=\"194\"><span style=\"color: #5f6163;\"><span style=\"font-family: Arial, serif;\">0,64<\/span><\/span><\/td>\n<td width=\"118\">\n<p align=\"JUSTIFY\"><span style=\"color: #5f6163;\"><span style=\"font-family: Arial, serif;\">&#8211;<\/span><\/span><\/p>\n<\/td>\n<td width=\"117\">\n<p align=\"JUSTIFY\"><span style=\"color: #5f6163;\"><span style=\"font-family: Arial, serif;\">35 902<\/span><\/span><\/p>\n<\/td>\n<\/tr>\n<tr valign=\"TOP\">\n<td width=\"136\">\n<p align=\"JUSTIFY\"><span style=\"color: #5f6163;\"><span style=\"font-family: Arial, serif;\">2018<\/span><\/span><\/p>\n<\/td>\n<td width=\"194\"><span style=\"color: #5f6163;\"><span style=\"font-family: Arial, serif;\">0,96<\/span><\/span><\/td>\n<td width=\"118\">\n<p align=\"JUSTIFY\"><span style=\"color: #5f6163;\"><span style=\"font-family: Arial, serif;\">49,8 %<\/span><\/span><\/p>\n<\/td>\n<td width=\"117\">\n<p align=\"JUSTIFY\"><span style=\"color: #5f6163;\"><span style=\"font-family: Arial, serif;\">75 584<\/span><\/span><\/p>\n<\/td>\n<\/tr>\n<tr valign=\"TOP\">\n<td width=\"136\">\n<p align=\"JUSTIFY\"><span style=\"color: #5f6163;\"><span style=\"font-family: Arial, serif;\">2019<\/span><\/span><\/p>\n<\/td>\n<td width=\"194\"><span style=\"color: #5f6163;\"><span style=\"font-family: Arial, serif;\">1,96<\/span><\/span><\/td>\n<td width=\"118\">\n<p align=\"JUSTIFY\"><span style=\"color: #5f6163;\"><span style=\"font-family: Arial, serif;\">104,2 %<\/span><\/span><\/p>\n<\/td>\n<td width=\"117\">\n<p align=\"JUSTIFY\"><span style=\"color: #5f6163;\"><span style=\"font-family: Arial, serif;\">153 612<\/span><\/span><\/p>\n<\/td>\n<\/tr>\n<tr valign=\"TOP\">\n<td width=\"136\">\n<p align=\"JUSTIFY\"><span style=\"color: #5f6163;\"><span style=\"font-family: Arial, serif;\">2020<\/span><\/span><\/p>\n<\/td>\n<td width=\"194\"><span style=\"color: #5f6163;\"><span style=\"font-family: Arial, serif;\">2,44<\/span><\/span><\/td>\n<td width=\"118\">\n<p align=\"JUSTIFY\"><span style=\"color: #5f6163;\"><span style=\"font-family: Arial, serif;\">24,5 %<\/span><\/span><\/p>\n<\/td>\n<td width=\"117\">\n<p align=\"JUSTIFY\"><span style=\"color: #5f6163;\"><span style=\"font-family: Arial, serif;\">185 329<\/span><\/span><\/p>\n<\/td>\n<\/tr>\n<tr valign=\"TOP\">\n<td width=\"136\">\n<p align=\"JUSTIFY\"><span style=\"color: #5f6163;\"><span style=\"font-family: Arial, serif;\">2021<\/span><\/span><\/p>\n<\/td>\n<td width=\"194\"><span style=\"color: #5f6163;\"><span style=\"font-family: Arial, serif;\">3,52<\/span><\/span><\/td>\n<td width=\"118\">\n<p align=\"JUSTIFY\"><span style=\"color: #5f6163;\"><span style=\"font-family: Arial, serif;\">44,3 %<\/span><\/span><\/p>\n<\/td>\n<td width=\"117\">\n<p align=\"JUSTIFY\"><span style=\"color: #5f6163;\"><span style=\"font-family: Arial, serif;\">203 703<\/span><\/span><\/p>\n<\/td>\n<\/tr>\n<tr valign=\"TOP\">\n<td width=\"136\">\n<p align=\"JUSTIFY\"><span style=\"color: #5f6163;\"><span style=\"font-family: Arial, serif;\">2022<\/span><\/span><\/p>\n<\/td>\n<td width=\"194\"><span style=\"color: #5f6163;\"><span style=\"font-family: Arial, serif;\">4,42<\/span><\/span><\/td>\n<td width=\"118\">\n<p align=\"JUSTIFY\"><span style=\"color: #5f6163;\"><span style=\"font-family: Arial, serif;\">25,7 %<\/span><\/span><\/p>\n<\/td>\n<td width=\"117\">\n<p align=\"JUSTIFY\"><span style=\"color: #5f6163;\"><span style=\"font-family: Arial, serif;\">265 675<\/span><\/span><\/p>\n<\/td>\n<\/tr>\n<\/tbody>\n<\/table>\n<p align=\"JUSTIFY\"><span style=\"color: #63666a;\">\u010cEZ chce do roku 2030 zv\u00fd\u0161it v\u00fdkon s\u00edt\u011b v\u00edce ne\u017e \u010dty\u0159n\u00e1sobn\u011b, a to zejm\u00e9na d\u00edky zm\u00edn\u011bn\u00e9mu rozvoji vysokov\u00fdkonn\u00fdch hub\u016f, kter\u00e9 zrychl\u00ed dob\u00edjen\u00ed i \u010dek\u00e1n\u00ed na n\u011bj. Nejv\u011bt\u0161\u00ed dom\u00e1c\u00ed s\u00ed\u0165 ve\u0159ejn\u00fdch dob\u00edjec\u00edch stojan\u016f srovnateln\u00e1 se st\u0159edn\u011b velk\u00fdmi \u0159et\u011bzci \u010derpac\u00edch stanic m\u016f\u017ee v jednu chv\u00edli obslou\u017eit a\u017e 1000 e-aut. P\u0159es 200 stanic s\u00edt\u011b vyrostlo i d\u00edky evropsk\u00e9mu grantu Connecting Europe Facility (CEF) a Opera\u010dn\u00edmu programu doprava, dal\u0161\u00ed des\u00edtky \u010cEZ postavil z vlastn\u00edch prost\u0159edk\u016f. <\/span><\/p>\n<p align=\"JUSTIFY\"><span style=\"color: #63666a;\">P\u0159i vyu\u017e\u00edv\u00e1n\u00ed s\u00edt\u011b se u\u017eivatel p\u0159ed dob\u00edjen\u00edm identifikuje RFID kartou nebo pomoc\u00ed aplikace FUTUR\/E\/GO. Ta zefektiv\u0148uje dob\u00edjen\u00ed d\u00edky sp\u00e1rov\u00e1n\u00ed mobiln\u00edho telefonu s dob\u00edjec\u00ed stanic\u00ed, vyhled\u00e1 nejbli\u017e\u0161\u00ed dob\u00edjec\u00ed m\u00edsto v\u010detn\u011b aktu\u00e1ln\u00ed doby dojezdu nebo uk\u00e1\u017ee aktu\u00e1ln\u00ed obsazenost stojan\u016f. V\u00edce ne\u017e 80% s\u00edt\u011b \u010cEZ tvo\u0159\u00ed dnes dob\u00edjec\u00ed stojany o v\u00fdkonu 50 kW, v budoucnu ale poroste pod\u00edl ultrarychl\u00fdch stanic.<\/span><\/p>\n<p><span style=\"color: #5f6163;\"><span style=\"font-family: Arial, serif;\"><span style=\"font-size: medium;\"><b>VE\u0158EJN\u00c9 DOB\u00cdJEC\u00cd STOJANY \u010cEZ \u0158E\u010c\u00cd \u010c\u00cdSEL<\/b><\/span><\/span><\/span><\/p>\n<ul>\n<li><span style=\"color: #8a8e91;\"><span style=\"font-family: Arial, serif;\"><b>\u010cEZ si na \u010desk\u00e9m trhu<\/b><\/span><\/span><span style=\"color: #8a8e91;\"><span style=\"font-family: Arial, serif;\">\u00a0dob\u00edjec\u00edch stojan\u016f <\/span><\/span><span style=\"color: #8a8e91;\"><span style=\"font-family: Arial, serif;\"><b>dlouhodob\u011b udr\u017euje nejvy\u0161\u0161\u00ed\u00a0pod\u00edl<\/b><\/span><\/span><span style=\"color: #8a8e91;\"><span style=\"font-family: Arial, serif;\"> (aktu\u00e1ln\u011b okolo 40 %) V\u00edce na\u00a0<a href=\"http:\/\/www.elektromobilita.cz\/cs\/mapa-dobijecich-stanic.html\">http:\/\/www.elektromobilita.cz\/cs\/mapa-dobijecich-stanic.html<\/a><\/span><\/span><\/li>\n<li><span style=\"color: #8a8e91;\"><span style=\"font-family: Arial, serif;\">Ka\u017ed\u00e1 ze stanic p\u0159edstavuje dva dob\u00edjec\u00ed body, tak\u017ee\u00a0<\/span><\/span><span style=\"color: #8a8e91;\"><span style=\"font-family: Arial, serif;\"><b>s\u00ed\u0165 m\u016f\u017ee v\u00a0jednom okam\u017eiku dod\u00e1vat ekologickou energii do bateri\u00ed zhruba tis\u00edcovky elektromobil\u016f<\/b><\/span><\/span><span style=\"color: #8a8e91;\"><span style=\"font-family: Arial, serif;\">.<\/span><\/span><\/li>\n<li><span style=\"color: #8a8e91;\"><span style=\"font-family: Arial, serif;\">Loni \u0159idi\u010di zastavili u stojan\u016f \u010cEZ k dob\u00edjen\u00ed\u00a0<\/span><\/span><span style=\"color: #8a8e91;\"><span style=\"font-family: Arial, serif;\"><b>v\u00edce ne\u017e 265 tis\u00edckr\u00e1t<\/b><\/span><\/span><span style=\"color: #8a8e91;\"><span style=\"font-family: Arial, serif;\">. Bylo to\u00a0<\/span><\/span><span style=\"color: #8a8e91;\"><span style=\"font-family: Arial, serif;\"><b>o 30,4\u00a0% v\u00edce<\/b><\/span><\/span><span style=\"color: #8a8e91;\"><span style=\"font-family: Arial, serif;\">\u00a0ne\u017e 203 703 \u201etankov\u00e1n\u00ed\u201c v\u00a0roce 2021.<\/span><\/span><\/li>\n<li><span style=\"color: #8a8e91;\"><span style=\"font-family: Arial, serif;\">Zat\u00edmco v\u00a0roce 2021 \u010dinil pr\u016fm\u011brn\u00fd odb\u011br elekt\u0159iny p\u0159i jednom \u201etankov\u00e1n\u00ed\u201c 17,2 kWh, loni klesl na\u00a0<\/span><\/span><span style=\"color: #8a8e91;\"><span style=\"font-family: Arial, serif;\"><b>16,6 kWh<\/b><\/span><\/span><span style=\"color: #8a8e91;\"><span style=\"font-family: Arial, serif;\">.<\/span><\/span><\/li>\n<li><span style=\"color: #8a8e91;\"><span style=\"font-family: Arial, serif;\">Nejvyt\u00ed\u017een\u011bj\u0161\u00ed stanice s\u00edt\u011b s\u00a0ro\u010dn\u00edmi odb\u011bry v des\u00edtk\u00e1ch tis\u00edc kWh se nach\u00e1zej\u00ed v\u00a0Praze, St\u0159edo\u010desk\u00e9m kraji a\u00a0u\u00a0hlavn\u00edch d\u00e1lni\u010dn\u00edch tah\u016f na D1, D10 a D11.<\/span><\/span><\/li>\n<\/ul>\n","protected":false},"excerpt":{"rendered":"<div class=\"mh-excerpt\"><p>Tis\u00edce nov\u00fdch elektroaut na \u010desk\u00fdch silnic\u00edch a v\u00edce ne\u017e stovka nov\u00fdch dob\u00edjec\u00edch stojan\u016f \u010cEZ. To jsou hlavn\u00ed d\u016fvody lo\u0148sk\u00e9ho 25% r\u016fstu odb\u011br\u016f energie v nejv\u011bt\u0161\u00ed <a class=\"mh-excerpt-more\" href=\"https:\/\/www.automakersnews.cz\/index.php\/2023\/01\/26\/elektromobily-loni-cerpaly-u-cez-o-25-energie-vice\/\" title=\"Elektromobily loni \u010derpaly u \u010cEZ o 25 % v\u00edce\">[&#8230;]<\/a><\/p>\n<\/div>","protected":false},"author":1,"featured_media":16748,"comment_status":"open","ping_status":"open","sticky":false,"template":"","format":"standard","meta":{"footnotes":""},"categories":[22],"tags":[],"class_list":["post-16747","post","type-post","status-publish","format-standard","has-post-thumbnail","hentry","category-elektromobily"],"_links":{"self":[{"href":"https:\/\/www.automakersnews.cz\/index.php\/wp-json\/wp\/v2\/posts\/16747","targetHints":{"allow":["GET"]}}],"collection":[{"href":"https:\/\/www.automakersnews.cz\/index.php\/wp-json\/wp\/v2\/posts"}],"about":[{"href":"https:\/\/www.automakersnews.cz\/index.php\/wp-json\/wp\/v2\/types\/post"}],"author":[{"embeddable":true,"href":"https:\/\/www.automakersnews.cz\/index.php\/wp-json\/wp\/v2\/users\/1"}],"replies":[{"embeddable":true,"href":"https:\/\/www.automakersnews.cz\/index.php\/wp-json\/wp\/v2\/comments?post=16747"}],"version-history":[{"count":0,"href":"https:\/\/www.automakersnews.cz\/index.php\/wp-json\/wp\/v2\/posts\/16747\/revisions"}],"wp:featuredmedia":[{"embeddable":true,"href":"https:\/\/www.automakersnews.cz\/index.php\/wp-json\/wp\/v2\/media\/16748"}],"wp:attachment":[{"href":"https:\/\/www.automakersnews.cz\/index.php\/wp-json\/wp\/v2\/media?parent=16747"}],"wp:term":[{"taxonomy":"category","embeddable":true,"href":"https:\/\/www.automakersnews.cz\/index.php\/wp-json\/wp\/v2\/categories?post=16747"},{"taxonomy":"post_tag","embeddable":true,"href":"https:\/\/www.automakersnews.cz\/index.php\/wp-json\/wp\/v2\/tags?post=16747"}],"curies":[{"name":"wp","href":"https:\/\/api.w.org\/{rel}","templated":true}]}}