{"id":16780,"date":"2023-01-26T10:03:17","date_gmt":"2023-01-26T10:03:17","guid":{"rendered":"https:\/\/www.automakersnews.cz\/?p=16780"},"modified":"2023-01-26T10:31:30","modified_gmt":"2023-01-26T10:31:30","slug":"agc-automotive-czech-bude-ridit-slivon","status":"publish","type":"post","link":"https:\/\/www.automakersnews.cz\/index.php\/2023\/01\/26\/agc-automotive-czech-bude-ridit-slivon\/","title":{"rendered":"AGC Automotive Czech bude \u0159\u00eddit Slivo\u0148"},"content":{"rendered":"<p><b>Nov\u00fdm gener\u00e1ln\u00edm \u0159editelem jednoho z nejv\u011bt\u0161\u00edch evropsk\u00fdch z\u00e1vod\u016f na v\u00fdrobu automobilov\u00fdch skel, AGC Automotive Czech se od ledna stal Zbyn\u011bk Slivo\u0148. Na pozici nahradil Angela Semerara, kter\u00fd bude nov\u011b \u0159\u00eddit v\u00fdrobu v\u0161ech evropsk\u00fdch z\u00e1vod\u016f v r\u00e1mci <\/b><b>evropsk\u00e9 divize AGC Automotive OEM.<\/b><!--more--><\/p>\n<p class=\"v1MsoNormal\">Zbyn\u011bk Slivo\u0148 (49) pracuje v\u00edce ne\u017e 20 let v automobilov\u00e9m odv\u011btv\u00ed a sv\u00e9 zku\u0161enosti na\u010derpal zejm\u00e9na ve v\u00fdrob\u011b a logistice. P\u016fsobil v r\u016fzn\u00fdch stupn\u00edch \u0159\u00edzen\u00ed firem, kde mimo jin\u00e9 z\u00edskal znalosti v\u00fdrobn\u00edho syst\u00e9mu v ryze japonsk\u00e9 spole\u010dnosti. N\u011bkolik posledn\u00edch let byl \u0159editelem z\u00e1vodu AVO v AGC Automotive Czech v Chude\u0159ic\u00edch.<\/p>\n<p class=\"v1MsoNormal\">Angelo Semeraro (55) p\u016fsob\u00ed ve skupin\u011b AGC od roku 1999, kdy nastoupil jako vedouc\u00ed v\u00fdroby v\u00a0z\u00e1vod\u011b Roccasecca. Od roku 2006 pak \u0161est let z\u00e1vod vedl. Mezi roky 2012 a\u017e 2015 st\u00e1l u rozjezdu z\u00e1vodu AGC Automotive v\u00a0Braz\u00edlii. Po n\u00e1vratu z\u00a0ji\u017en\u00ed Ameriky se stal l\u00eddrem projektu STAR v\u00a0Evrop\u011b. Nyn\u00ed p\u016fsob\u00ed na pozici\u00a0v\u00fdrobn\u00edho \u0159editele pro z\u00e1vody evropsk\u00e9 divize AGC Automotive OEM.<\/p>\n<p class=\"v1MsoNormal\">AGC Automotive Czech v\u00a0Chude\u0159ic\u00edch je nejv\u011bt\u0161\u00edm z\u00e1vodem na v\u00fdrobu autoskel skupiny AGC a jedn\u00edm z\u00a0nejv\u011bt\u0161\u00edch a nejkomplexn\u011bj\u0161\u00edch v\u00a0Evrop\u011b. Zam\u011bstn\u00e1v\u00e1 zhruba 1700 lid\u00ed.\u00a0Ka\u017ed\u00e9 \u0161est\u00e9 auto nov\u011b vyroben\u00e9 v\u00a0Evrop\u011b je kompletn\u011b zaskleno z\u00a0chude\u0159ick\u00e9 AGC Automotive Czech.<\/p>\n<p class=\"v1MsoNormal\">Skupina AGC je nejv\u011bt\u0161\u00edm sv\u011btov\u00fdm v\u00fdrobcem ploch\u00e9ho skla. AGC Automotive Czech\u00a0dod\u00e1v\u00e1 automobilov\u00e1 skla pro v\u0161echny nejv\u011bt\u0161\u00ed sv\u011btov\u00e9 automobilky, vedle Mercedesu jsou to jednotliv\u00e9 zna\u010dky koncern\u016f Volkswagen, BMW, \u0160koda, GM, FORD, Renault, Toyota, Peugeot, Citro\u00ebn, Suzuki, Fiat a dal\u0161\u00ed.<\/p>\n","protected":false},"excerpt":{"rendered":"<div class=\"mh-excerpt\"><p>Nov\u00fdm gener\u00e1ln\u00edm \u0159editelem jednoho z nejv\u011bt\u0161\u00edch evropsk\u00fdch z\u00e1vod\u016f na v\u00fdrobu automobilov\u00fdch skel, AGC Automotive Czech se od ledna stal Zbyn\u011bk Slivo\u0148. Na pozici nahradil Angela <a class=\"mh-excerpt-more\" href=\"https:\/\/www.automakersnews.cz\/index.php\/2023\/01\/26\/agc-automotive-czech-bude-ridit-slivon\/\" title=\"AGC Automotive Czech bude \u0159\u00eddit Slivo\u0148\">[&#8230;]<\/a><\/p>\n<\/div>","protected":false},"author":1,"featured_media":16781,"comment_status":"open","ping_status":"open","sticky":false,"template":"","format":"standard","meta":{"footnotes":""},"categories":[24,3],"tags":[],"class_list":["post-16780","post","type-post","status-publish","format-standard","has-post-thumbnail","hentry","category-management","category-personalie"],"_links":{"self":[{"href":"https:\/\/www.automakersnews.cz\/index.php\/wp-json\/wp\/v2\/posts\/16780","targetHints":{"allow":["GET"]}}],"collection":[{"href":"https:\/\/www.automakersnews.cz\/index.php\/wp-json\/wp\/v2\/posts"}],"about":[{"href":"https:\/\/www.automakersnews.cz\/index.php\/wp-json\/wp\/v2\/types\/post"}],"author":[{"embeddable":true,"href":"https:\/\/www.automakersnews.cz\/index.php\/wp-json\/wp\/v2\/users\/1"}],"replies":[{"embeddable":true,"href":"https:\/\/www.automakersnews.cz\/index.php\/wp-json\/wp\/v2\/comments?post=16780"}],"version-history":[{"count":0,"href":"https:\/\/www.automakersnews.cz\/index.php\/wp-json\/wp\/v2\/posts\/16780\/revisions"}],"wp:featuredmedia":[{"embeddable":true,"href":"https:\/\/www.automakersnews.cz\/index.php\/wp-json\/wp\/v2\/media\/16781"}],"wp:attachment":[{"href":"https:\/\/www.automakersnews.cz\/index.php\/wp-json\/wp\/v2\/media?parent=16780"}],"wp:term":[{"taxonomy":"category","embeddable":true,"href":"https:\/\/www.automakersnews.cz\/index.php\/wp-json\/wp\/v2\/categories?post=16780"},{"taxonomy":"post_tag","embeddable":true,"href":"https:\/\/www.automakersnews.cz\/index.php\/wp-json\/wp\/v2\/tags?post=16780"}],"curies":[{"name":"wp","href":"https:\/\/api.w.org\/{rel}","templated":true}]}}