{"id":16786,"date":"2023-01-26T10:02:24","date_gmt":"2023-01-26T10:02:24","guid":{"rendered":"https:\/\/www.automakersnews.cz\/?p=16786"},"modified":"2023-01-30T09:17:22","modified_gmt":"2023-01-30T09:17:22","slug":"kadlec-chysta-investici-do-showroomu-rolls-royce","status":"publish","type":"post","link":"https:\/\/www.automakersnews.cz\/index.php\/2023\/01\/26\/kadlec-chysta-investici-do-showroomu-rolls-royce\/","title":{"rendered":"Kadlec investuje milion eur do showroomu Rolls-Royce"},"content":{"rendered":"<p class=\"v1MsoNormal\"><span style=\"font-family: Helvetica;\"><strong>Majitel Rolls-Royce Motor Cars Prague a CarTecu Karel Kadlec svolal 25. ledna novin\u00e1\u0159e do pra\u017esk\u00e9ho showroomu zna\u010dky, aby se pochlubil s prodejn\u00edmi v\u00fdsledky zna\u010dky. Ohl\u00e1sil tak\u00e9 novou investici a rozlou\u010dil se svoj\u00ed b\u00fdvalou \u017eenou Evou, kter\u00e1 \u0159\u00eddila prodeje rolls\u016f v Praze a letos se rozhodla budovat jinou kari\u00e9ru.<\/strong><br \/>\n<\/span><!--more--><\/p>\n<p class=\"v1MsoNormal\"><span style=\"font-family: Helvetica;\">Od otev\u0159en\u00ed dealerstv\u00ed v roce 2016 dos\u00e1hly dod\u00e1vky nov\u00fdch voz\u016f a certifikovan\u00fdch ojet\u00fdch voz\u016f programu Provenance v\u00edce ne\u017e 200 voz\u016f. <\/span><span style=\"font-family: Helvetica;\">V roce 2022 byl ka\u017ed\u00fd v\u016fz prodan\u00fd v Praze zu\u0161lecht\u011bn zak\u00e1zkovou \u00fapravou Bespoke.<\/span><\/p>\n<p class=\"v1MsoNormal\"><span style=\"font-family: Helvetica;\">&#8222;Program certifikovan\u00fdch ojet\u00fdch voz\u016f Provenance rovn\u011b\u017e dosahuje nov\u00fdch v\u00fd\u0161in a p\u0159edstavuje p\u0159ibli\u017en\u011b 50 procent prodej\u016f nov\u00fdch voz\u016f, p\u0159i\u010dem\u017e z\u00e1kazn\u00edci si mohou u\u017e\u00edt stejn\u011b nadstandardn\u00ed p\u0159\u00edstup, jako by si po\u0159izovali zbrusu nov\u00fd Rolls-Royce,&#8220; uvedl majitel dealerstv\u00ed b\u011bhem recepce pro m\u00e9dia.<br \/>\n<\/span><\/p>\n<p><img loading=\"lazy\" decoding=\"async\" class=\"alignnone size-large wp-image-16833\" src=\"http:\/\/www.automakersnews.cz\/wp-content\/uploads\/2023\/01\/Rolls-palubni-deska-1024x768.jpg\" alt=\"\" width=\"1024\" height=\"768\" srcset=\"https:\/\/www.automakersnews.cz\/wp-content\/uploads\/2023\/01\/Rolls-palubni-deska-1024x768.jpg 1024w, https:\/\/www.automakersnews.cz\/wp-content\/uploads\/2023\/01\/Rolls-palubni-deska-300x225.jpg 300w, https:\/\/www.automakersnews.cz\/wp-content\/uploads\/2023\/01\/Rolls-palubni-deska-768x576.jpg 768w, https:\/\/www.automakersnews.cz\/wp-content\/uploads\/2023\/01\/Rolls-palubni-deska-1536x1152.jpg 1536w, https:\/\/www.automakersnews.cz\/wp-content\/uploads\/2023\/01\/Rolls-palubni-deska-678x509.jpg 678w, https:\/\/www.automakersnews.cz\/wp-content\/uploads\/2023\/01\/Rolls-palubni-deska-326x245.jpg 326w, https:\/\/www.automakersnews.cz\/wp-content\/uploads\/2023\/01\/Rolls-palubni-deska-80x60.jpg 80w, https:\/\/www.automakersnews.cz\/wp-content\/uploads\/2023\/01\/Rolls-palubni-deska.jpg 2040w\" sizes=\"auto, (max-width: 1024px) 100vw, 1024px\" \/><\/p>\n<p><strong>Investice 25 milion\u016f korun do nov\u00e9ho showroomu<\/strong><\/p>\n<p class=\"v1MsoNormal\">Obchodn\u00ed zastoupen\u00ed, kter\u00e9 je sou\u010d\u00e1st\u00ed CarTec Group, ozn\u00e1milo rovn\u011b\u017e investici do sv\u00e9ho z\u00e1zem\u00ed v Praze. Projekt zahrnuje p\u0159estavbu showroomu s c\u00edlem nab\u00eddnout z\u00e1kazn\u00edk\u016fm nov\u00e9 z\u00e1\u017eitky a vybavit servis tak, aby byl pln\u011b p\u0159ipraven na elektrickou \u00e9ru zna\u010dky Rolls-Royce.<\/p>\n<p class=\"v1MsoNormal\"><span style=\"font-family: Helvetica;\">P\u0159\u00edpravy jsou ji\u017e v\u00a0pln\u00e9m proudu a rodinn\u00e1 spole\u010dnost se zav\u00e1zala investovat v\u00a0letech 2023 a 2024 t\u00e9m\u011b\u0159 1 milion eur. <\/span><span style=\"font-family: Helvetica;\"> Otev\u0159en\u00ed nov\u00fdch prostor je pl\u00e1nov\u00e1no v\u00a0prvn\u00ed polovin\u011b roku 2024.<\/span><\/p>\n<figure id=\"attachment_16792\" aria-describedby=\"caption-attachment-16792\" style=\"width: 1024px\" class=\"wp-caption alignnone\"><img loading=\"lazy\" decoding=\"async\" class=\"size-large wp-image-16792\" src=\"http:\/\/www.automakersnews.cz\/wp-content\/uploads\/2023\/01\/Rolls-Kadlec-Eva-1024x768.jpg\" alt=\"\" width=\"1024\" height=\"768\" srcset=\"https:\/\/www.automakersnews.cz\/wp-content\/uploads\/2023\/01\/Rolls-Kadlec-Eva-1024x768.jpg 1024w, https:\/\/www.automakersnews.cz\/wp-content\/uploads\/2023\/01\/Rolls-Kadlec-Eva-300x225.jpg 300w, https:\/\/www.automakersnews.cz\/wp-content\/uploads\/2023\/01\/Rolls-Kadlec-Eva-768x576.jpg 768w, https:\/\/www.automakersnews.cz\/wp-content\/uploads\/2023\/01\/Rolls-Kadlec-Eva-1536x1152.jpg 1536w, https:\/\/www.automakersnews.cz\/wp-content\/uploads\/2023\/01\/Rolls-Kadlec-Eva-678x509.jpg 678w, https:\/\/www.automakersnews.cz\/wp-content\/uploads\/2023\/01\/Rolls-Kadlec-Eva-326x245.jpg 326w, https:\/\/www.automakersnews.cz\/wp-content\/uploads\/2023\/01\/Rolls-Kadlec-Eva-80x60.jpg 80w, https:\/\/www.automakersnews.cz\/wp-content\/uploads\/2023\/01\/Rolls-Kadlec-Eva.jpg 2040w\" sizes=\"auto, (max-width: 1024px) 100vw, 1024px\" \/><figcaption id=\"caption-attachment-16792\" class=\"wp-caption-text\">Karel Kadlec pod\u011bkoval man\u017eelce Ev\u011b, kter\u00e1 do leto\u0161ka vedla prodej rolls\u016f. Jejich \u017eivotn\u00ed i mana\u017eersk\u00e9 cesty se po 19 letech roze\u0161ly<\/figcaption><\/figure>\n<p><strong>Kytici p\u0159inesl i Frank Tiemann<\/strong><\/p>\n<p class=\"v1MsoNormal\"><span style=\"font-family: Helvetica;\">S Evou Kadlecovou se rozlou\u010dil i Frank Tiemann, \u0159editel korpor\u00e1tn\u00ed komunikace pro st\u0159edn\u00ed a v\u00fdchodn\u00ed Evropu i st\u0159edn\u00ed Asii ve spole\u010dnosti Rolls-Royce Motor Cars: <\/span><\/p>\n<p class=\"v1MsoNormal\"><span style=\"font-family: Helvetica;\">\u201eR\u00e1d bych pod\u011bkoval Karlovi, Ev\u011b a cel\u00e9mu pra\u017esk\u00e9mu t\u00fdmu za jejich obrovsk\u00e9 nasazen\u00ed a za tento obdivuhodn\u00fd \u00fasp\u011bch. Klienti zna\u010dky Rolls-Royce jsou sou\u010d\u00e1st\u00ed v\u00fdjime\u010dn\u00e9 komunity, kter\u00e1 pr\u00e1vem o\u010dek\u00e1v\u00e1 od zna\u010dek, s nimi\u017e jsou v kontaktu, jen to nejlep\u0161\u00ed.&#8220;<\/span><\/p>\n<p><img loading=\"lazy\" decoding=\"async\" class=\"alignnone size-large wp-image-16795\" src=\"http:\/\/www.automakersnews.cz\/wp-content\/uploads\/2023\/01\/Rolls-Eva-Tiemann-1024x768.jpg\" alt=\"\" width=\"1024\" height=\"768\" srcset=\"https:\/\/www.automakersnews.cz\/wp-content\/uploads\/2023\/01\/Rolls-Eva-Tiemann-1024x768.jpg 1024w, https:\/\/www.automakersnews.cz\/wp-content\/uploads\/2023\/01\/Rolls-Eva-Tiemann-300x225.jpg 300w, https:\/\/www.automakersnews.cz\/wp-content\/uploads\/2023\/01\/Rolls-Eva-Tiemann-768x576.jpg 768w, https:\/\/www.automakersnews.cz\/wp-content\/uploads\/2023\/01\/Rolls-Eva-Tiemann-1536x1152.jpg 1536w, https:\/\/www.automakersnews.cz\/wp-content\/uploads\/2023\/01\/Rolls-Eva-Tiemann-678x509.jpg 678w, https:\/\/www.automakersnews.cz\/wp-content\/uploads\/2023\/01\/Rolls-Eva-Tiemann-326x245.jpg 326w, https:\/\/www.automakersnews.cz\/wp-content\/uploads\/2023\/01\/Rolls-Eva-Tiemann-80x60.jpg 80w, https:\/\/www.automakersnews.cz\/wp-content\/uploads\/2023\/01\/Rolls-Eva-Tiemann.jpg 2040w\" sizes=\"auto, (max-width: 1024px) 100vw, 1024px\" \/><\/p>\n<p><strong>Zdroj: Erich Handl, Stra\u0161nice<\/strong><\/p>\n<p class=\"v1MsoNormal\"><span style=\"font-family: Helvetica;\">V\u00fdrobce luxusn\u00edch automobil\u016f ned\u00e1vno zve\u0159ejnil, \u017ee dos\u00e1hl historick\u00e9ho prodejn\u00edho rekordu. Celosv\u011btov\u00fd obyt v roce 2022 \u010dinil 6 021 voz\u016f. Hodnota zak\u00e1zkov\u00fdch \u00faprav Bespoke rovn\u011b\u017e p\u0159ekonala dosavadn\u00ed \u00fasp\u011bchy. Popt\u00e1vka po v\u0161ech modelech Rolls-Royce z\u016fst\u00e1v\u00e1 mimo\u0159\u00e1dn\u011b siln\u00e1 a p\u0159edb\u011b\u017en\u00e9 objedn\u00e1vky jsou zaji\u0161t\u011bny i po roce 2023.<\/span><\/p>\n<p><img loading=\"lazy\" decoding=\"async\" class=\"alignnone size-large wp-image-16794\" src=\"http:\/\/www.automakersnews.cz\/wp-content\/uploads\/2023\/01\/Rolls-Spectre-1024x683.jpg\" alt=\"\" width=\"1024\" height=\"683\" \/><\/p>\n<p>&nbsp;<\/p>\n","protected":false},"excerpt":{"rendered":"<div class=\"mh-excerpt\"><p>Majitel Rolls-Royce Motor Cars Prague a CarTecu Karel Kadlec svolal 25. ledna novin\u00e1\u0159e do pra\u017esk\u00e9ho showroomu zna\u010dky, aby se pochlubil s prodejn\u00edmi v\u00fdsledky zna\u010dky. Ohl\u00e1sil <a class=\"mh-excerpt-more\" href=\"https:\/\/www.automakersnews.cz\/index.php\/2023\/01\/26\/kadlec-chysta-investici-do-showroomu-rolls-royce\/\" title=\"Kadlec investuje milion eur do showroomu Rolls-Royce\">[&#8230;]<\/a><\/p>\n<\/div>","protected":false},"author":1,"featured_media":16830,"comment_status":"open","ping_status":"open","sticky":false,"template":"","format":"standard","meta":{"footnotes":""},"categories":[39,9],"tags":[],"class_list":["post-16786","post","type-post","status-publish","format-standard","has-post-thumbnail","hentry","category-dealeri","category-investice"],"_links":{"self":[{"href":"https:\/\/www.automakersnews.cz\/index.php\/wp-json\/wp\/v2\/posts\/16786","targetHints":{"allow":["GET"]}}],"collection":[{"href":"https:\/\/www.automakersnews.cz\/index.php\/wp-json\/wp\/v2\/posts"}],"about":[{"href":"https:\/\/www.automakersnews.cz\/index.php\/wp-json\/wp\/v2\/types\/post"}],"author":[{"embeddable":true,"href":"https:\/\/www.automakersnews.cz\/index.php\/wp-json\/wp\/v2\/users\/1"}],"replies":[{"embeddable":true,"href":"https:\/\/www.automakersnews.cz\/index.php\/wp-json\/wp\/v2\/comments?post=16786"}],"version-history":[{"count":0,"href":"https:\/\/www.automakersnews.cz\/index.php\/wp-json\/wp\/v2\/posts\/16786\/revisions"}],"wp:featuredmedia":[{"embeddable":true,"href":"https:\/\/www.automakersnews.cz\/index.php\/wp-json\/wp\/v2\/media\/16830"}],"wp:attachment":[{"href":"https:\/\/www.automakersnews.cz\/index.php\/wp-json\/wp\/v2\/media?parent=16786"}],"wp:term":[{"taxonomy":"category","embeddable":true,"href":"https:\/\/www.automakersnews.cz\/index.php\/wp-json\/wp\/v2\/categories?post=16786"},{"taxonomy":"post_tag","embeddable":true,"href":"https:\/\/www.automakersnews.cz\/index.php\/wp-json\/wp\/v2\/tags?post=16786"}],"curies":[{"name":"wp","href":"https:\/\/api.w.org\/{rel}","templated":true}]}}