{"id":1681,"date":"2022-11-03T08:34:04","date_gmt":"2022-11-03T08:34:04","guid":{"rendered":"https:\/\/www.automakersnews.cz\/?p=1681"},"modified":"2022-11-03T08:34:04","modified_gmt":"2022-11-03T08:34:04","slug":"e-salon-volkswagen-ukaze-koncept-id-aero","status":"publish","type":"post","link":"https:\/\/www.automakersnews.cz\/index.php\/2022\/11\/03\/e-salon-volkswagen-ukaze-koncept-id-aero\/","title":{"rendered":"e-SALON: Volkswagen uk\u00e1\u017ee koncept ID. AERO"},"content":{"rendered":"<p><b>Expozici <\/b><b>Volkswagenu na nadch\u00e1zej\u00edc\u00edm veletrhu \u010dist\u00e9 mobility <em>e-SALON<\/em> v pra\u017esk\u00fdch Let\u0148anech bude v\u00e9vodit studie budoucnosti, kter\u00e1 oslav\u00ed \u010deskou v\u00fdstavn\u00ed premi\u00e9ru. ID. AERO se p\u0159edstav\u00ed v roli budouc\u00ed s\u00e9riov\u011b vyr\u00e1b\u011bn\u00e9 limuz\u00edny rodiny ID.<\/b><!--more--><\/p>\n<p>Volkswagen v\u0161ak do Let\u0148an l\u00e1k\u00e1 tak\u00e9 na elektrickou sou\u010dasnost, kterou reprezentuj\u00ed modely\u00a0ID.3, SUV ID.4 a SUV kup\u00e9 ID.5.\u00a0Z\u00e1jemci si je budou moci nejen vyzkou\u0161et b\u011bhem testovac\u00edch j\u00edzd, ale tak\u00e9 se v\u00a0panelov\u00e9 diskusi dozv\u00ed, jak lze elektromobilitu za\u010dlenit do ka\u017edodenn\u00edho \u017eivota v\u00a0\u010desk\u00fdch podm\u00ednk\u00e1ch.<\/p>\n<p>\u201eVolkswagen v\u00a0r\u00e1mci sv\u00fdch strategi\u00ed\u00a0<a href=\"https:\/\/porsche-cr.t.mailkit.eu\/mc\/VVCQVPWI\/JDTUUGQXCTCUIQAOQX\/CCWUPWMLPUV\" target=\"_blank\" rel=\"noopener noreferrer\">ACCELERATE\u00a0<\/a>a\u00a0<a href=\"https:\/\/porsche-cr.t.mailkit.eu\/mc\/VVCQVIQL\/SUCXGNERSJYLLYUKMC\/CCWUPWMLPUV\" target=\"_blank\" rel=\"noopener noreferrer\">Way to Zero<\/a>\u00a0d\u016fsledn\u011b realizuje svou pr\u016fkopnickou vizi elektromobility, o \u010dem\u017e se mohou na vlastn\u00ed o\u010di p\u0159esv\u011bd\u010dit tak\u00e9 n\u00e1v\u0161t\u011bvn\u00edci leto\u0161n\u00edho\u00a0<em>e-SALON<\/em>u v\u00a0Let\u0148anech, kde v\u00a0\u010desk\u00e9 premi\u00e9\u0159e vystav\u00edme studii elektromobilu budoucnosti \u2013 ID. AERO,\u201c \u0159\u00edk\u00e1 Patrik Fejtek, \u0159editel divize Volkswagen osobn\u00ed vozy spole\u010dnosti Porsche \u010cesk\u00e1 republika.<\/p>\n<p>\u201eV atraktivn\u00ed expozici p\u0159edstav\u00edme tak\u00e9 na\u0161e kompletn\u00ed portfolio s\u00e9riov\u011b vyr\u00e1b\u011bn\u00fdch model\u016f ID. s\u00a0elektrick\u00fdm pohonem a pod\u011bl\u00edme se o zku\u0161enosti s\u00a0provozem elektromobil\u016f na \u010desk\u00fdch silnic\u00edch.\u201c<\/p>\n<p>Hv\u011bzdami expozice zna\u010dky Volkswagen na veletrhu \u010dist\u00e9 mobility\u00a0<em>e-SALON<\/em>\u00a02022 bude bezesporu studie elektromobilu budoucnosti ID. AERO. ID. AERO je v\u00fdhledem na dal\u0161\u00edho \u010dlena rodiny ID., kter\u00fd vstoup\u00ed do\u00a0segmentu limuz\u00edn vy\u0161\u0161\u00ed st\u0159edn\u00ed t\u0159\u00eddy v\u00a0druh\u00e9 polovin\u011b roku 2023 jako model ID.7. Jeho\u00a0emocion\u00e1ln\u00ed a sou\u010dasn\u011b velmi aerodynamick\u00fd design (c<sub>x<\/sub>\u00a0= 0,23) p\u0159isp\u00edv\u00e1 k dojezdu a\u017e 620 kilometr\u016f a umo\u017e\u0148uje mimo\u0159\u00e1dnou nab\u00eddku prostoru v\u00a0pr\u00e9miov\u00e9m interi\u00e9ru. Evropsk\u00e1 verze se bude s\u00e9riov\u011b vyr\u00e1b\u011bt v\u00a0dolnosask\u00e9m Emdenu.<\/p>\n<p>\u201eNa\u0161e koncep\u010dn\u00ed novinka rodiny ID. p\u0159itom nebude jedin\u00fdm l\u00e1kadlem pro n\u00e1v\u0161t\u011bvn\u00edky veletrhu. Spolu s\u00a0na\u0161\u00edm ambasadorem Luk\u00e1\u0161em Hejl\u00edkem bych tak\u00e9 r\u00e1d pozval do na\u0161\u00ed expozice v\u0161echny z\u00e1jemce, kte\u0159\u00ed se cht\u011bj\u00ed z\u00a0prvn\u00ed ruky dozv\u011bd\u011bt, jak funguje elektromobilita v\u00a0praxi. Ve \u010dtvrtek 10. listopadu ve 14 hod. odstartuje panelov\u00e1 diskuse na t\u00e9ma \u201aElektromobilita a b\u011b\u017en\u00fd \u017eivot\u2018,\u201c \u0159\u00edk\u00e1 Patrik Fejtek.<\/p>\n<p>O sv\u00e9 zku\u0161enosti s\u00a0tich\u00fdm a bezemisn\u00edm cestov\u00e1n\u00edm po \u010desku se pod\u011bl\u00ed mimo jin\u00e9 ambasador zna\u010dky Volkswagen Luk\u00e1\u0161 Hejl\u00edk, kter\u00fd v\u00a0r\u00e1mci sv\u00e9ho projektu Gastromapa a Listov\u00e1n\u00ed br\u00e1zd\u00ed republiku ji\u017e v\u00edce ne\u017e rok v\u00a0elektromobilu \u2013 aktu\u00e1ln\u011b za volantem modelu ID.5.<\/p>\n<p>Na dotazy budou odpov\u00eddat tak\u00e9 Du\u0161an Klimek, produktov\u00fd specialista e-mobility za Porsche \u010cesk\u00e1 republika, z\u00e1stupce Pra\u017esk\u00e9 energetiky Kirill J\u00e1no\u0161\u00edk, a sv\u00fdm p\u0159ehledem o elektromobilech a elektromobilit\u011b p\u0159isp\u011bje i Marek Tom\u00ed\u0161ek, \u0161\u00e9fredaktor port\u00e1lu<a href=\"http:\/\/fdrive.cz\/\" target=\"_blank\" rel=\"noopener noreferrer\">\u00a0fDrive.cz<\/a>, na n\u011bm\u017e bude prob\u00edhat \u017eiv\u00fd p\u0159enos panelov\u00e9 diskuse, kterou bude mo\u017en\u00e9 sledovat rovn\u011b\u017e na webov\u00e9 str\u00e1nce<a href=\"http:\/\/volkswagen.cz\/e-salon\" target=\"_blank\" rel=\"noopener noreferrer\">\u00a0volkswagen.cz\/<em>e-salon<\/em>\u00a0<\/a>a facebookov\u00e9m profilu zna\u010dky Volkswagen.<\/p>\n<p>O sv\u00e9 zku\u0161enosti s\u00a0b\u011b\u017en\u00fdm provozem elektromobilu se pod\u011bl\u00ed i vedouc\u00ed dopravy ZZS Zl\u00ednsk\u00e9ho kraje p.o. Martin Kone\u010dn\u00fd, kter\u00fd v\u00a0uplynul\u00fdch m\u011bs\u00edc\u00edch ve vozov\u00e9m parku Zl\u00ednsk\u00e9 z\u00e1chranky testoval elektromobil Volkswagen ID.4 GTX jako v\u016fz pro dopravu doktorsk\u00e9ho person\u00e1lu k\u00a0akutn\u00edm p\u0159\u00edpad\u016fm a r\u00e1d zodpov\u00ed ot\u00e1zky, zda v\u016fz v\u00a0tomto extr\u00e9mn\u011b n\u00e1ro\u010dn\u00e9m provozu usp\u011bl.<\/p>\n<p>&nbsp;<\/p>\n","protected":false},"excerpt":{"rendered":"<div class=\"mh-excerpt\"><p>Expozici Volkswagenu na nadch\u00e1zej\u00edc\u00edm veletrhu \u010dist\u00e9 mobility e-SALON v pra\u017esk\u00fdch Let\u0148anech bude v\u00e9vodit studie budoucnosti, kter\u00e1 oslav\u00ed \u010deskou v\u00fdstavn\u00ed premi\u00e9ru. ID. AERO se p\u0159edstav\u00ed v <a class=\"mh-excerpt-more\" href=\"https:\/\/www.automakersnews.cz\/index.php\/2022\/11\/03\/e-salon-volkswagen-ukaze-koncept-id-aero\/\" title=\"e-SALON: Volkswagen uk\u00e1\u017ee koncept ID. AERO\">[&#8230;]<\/a><\/p>\n<\/div>","protected":false},"author":1,"featured_media":1682,"comment_status":"open","ping_status":"open","sticky":false,"template":"","format":"standard","meta":{"footnotes":""},"categories":[22,28],"tags":[],"class_list":["post-1681","post","type-post","status-publish","format-standard","has-post-thumbnail","hentry","category-elektromobily","category-vystavy"],"_links":{"self":[{"href":"https:\/\/www.automakersnews.cz\/index.php\/wp-json\/wp\/v2\/posts\/1681","targetHints":{"allow":["GET"]}}],"collection":[{"href":"https:\/\/www.automakersnews.cz\/index.php\/wp-json\/wp\/v2\/posts"}],"about":[{"href":"https:\/\/www.automakersnews.cz\/index.php\/wp-json\/wp\/v2\/types\/post"}],"author":[{"embeddable":true,"href":"https:\/\/www.automakersnews.cz\/index.php\/wp-json\/wp\/v2\/users\/1"}],"replies":[{"embeddable":true,"href":"https:\/\/www.automakersnews.cz\/index.php\/wp-json\/wp\/v2\/comments?post=1681"}],"version-history":[{"count":0,"href":"https:\/\/www.automakersnews.cz\/index.php\/wp-json\/wp\/v2\/posts\/1681\/revisions"}],"wp:featuredmedia":[{"embeddable":true,"href":"https:\/\/www.automakersnews.cz\/index.php\/wp-json\/wp\/v2\/media\/1682"}],"wp:attachment":[{"href":"https:\/\/www.automakersnews.cz\/index.php\/wp-json\/wp\/v2\/media?parent=1681"}],"wp:term":[{"taxonomy":"category","embeddable":true,"href":"https:\/\/www.automakersnews.cz\/index.php\/wp-json\/wp\/v2\/categories?post=1681"},{"taxonomy":"post_tag","embeddable":true,"href":"https:\/\/www.automakersnews.cz\/index.php\/wp-json\/wp\/v2\/tags?post=1681"}],"curies":[{"name":"wp","href":"https:\/\/api.w.org\/{rel}","templated":true}]}}