{"id":1685,"date":"2022-11-03T08:41:15","date_gmt":"2022-11-03T08:41:15","guid":{"rendered":"https:\/\/www.automakersnews.cz\/?p=1685"},"modified":"2022-11-03T08:41:15","modified_gmt":"2022-11-03T08:41:15","slug":"sda-vozovy-park-cr-patri-mezi-nejstarsi-v-eu","status":"publish","type":"post","link":"https:\/\/www.automakersnews.cz\/index.php\/2022\/11\/03\/sda-vozovy-park-cr-patri-mezi-nejstarsi-v-eu\/","title":{"rendered":"SDA: vozov\u00fd park \u010cR pat\u0159\u00ed mezi nejstar\u0161\u00ed v EU"},"content":{"rendered":"<p class=\"xmprfx_MsoNormal\"><strong>Svaz dovozc\u016f automobil\u016f shrnul statistiky registrac\u00ed vozidel za leto\u0161n\u00ed prvn\u00ed t\u0159i kvart\u00e1ly. Pr\u016fm\u011brn\u00e9 st\u00e1\u0159\u00ed se zv\u00fd\u0161ilo ve v\u0161ech kategori\u00edch vozidel. Na konci z\u00e1\u0159\u00ed dos\u00e1hlo u osobn\u00edch automobil\u016f 15,83 roku a celkem u v\u0161ech motorov\u00fdch vozidel 18,84 roku.<\/strong><!--more--><\/p>\n<p class=\"xmprfx_MsoNormal\">V\u00fdrazn\u011bj\u0161\u00ed st\u00e1rnut\u00ed vozov\u00e9ho parku zp\u016fsobuj\u00ed jak ni\u017e\u0161\u00ed prodeje nov\u00fdch voz\u016f, tak dovoz ojet\u00fdch s vysok\u00fdm pr\u016fm\u011brn\u00fdm st\u00e1\u0159\u00edm. Vliv m\u00e1 i n\u00edzk\u00fd po\u010det vy\u0159azovan\u00fdch p\u0159est\u00e1rl\u00fdch vozidel.<\/p>\n<p class=\"xmprfx_MsoNormal\" align=\"justify\">Tento stav se dlouhodob\u011b negativn\u011b pod\u00edl\u00ed na po\u010dtu t\u011b\u017ece zran\u011bn\u00fdch a usmrcen\u00fdch osob p\u0159i dopravn\u00edch nehod\u00e1ch i na ekologii silni\u010dn\u00edho provozu.<\/p>\n<p class=\"xmprfx_MsoNormal\" align=\"justify\">Po\u010det osobn\u00edch automobil\u016f v registru vozidel se za t\u0159et\u00ed kvart\u00e1l zv\u00fd\u0161il o 31 387 na 6 398 041 ks. Celkov\u00fd vozov\u00fd park se rozrostl na 8 717 353 vozidel, p\u0159i\u010dem\u017e u n\u00e1kladn\u00edch automobil\u016f a autobus\u016f do\u0161lo k m\u00edrn\u00e9mu poklesu.<\/p>\n","protected":false},"excerpt":{"rendered":"<div class=\"mh-excerpt\"><p>Svaz dovozc\u016f automobil\u016f shrnul statistiky registrac\u00ed vozidel za leto\u0161n\u00ed prvn\u00ed t\u0159i kvart\u00e1ly. Pr\u016fm\u011brn\u00e9 st\u00e1\u0159\u00ed se zv\u00fd\u0161ilo ve v\u0161ech kategori\u00edch vozidel. Na konci z\u00e1\u0159\u00ed dos\u00e1hlo u <a class=\"mh-excerpt-more\" href=\"https:\/\/www.automakersnews.cz\/index.php\/2022\/11\/03\/sda-vozovy-park-cr-patri-mezi-nejstarsi-v-eu\/\" title=\"SDA: vozov\u00fd park \u010cR pat\u0159\u00ed mezi nejstar\u0161\u00ed v EU\">[&#8230;]<\/a><\/p>\n<\/div>","protected":false},"author":1,"featured_media":79,"comment_status":"open","ping_status":"open","sticky":false,"template":"","format":"standard","meta":{"footnotes":""},"categories":[8],"tags":[],"class_list":["post-1685","post","type-post","status-publish","format-standard","has-post-thumbnail","hentry","category-statistika"],"_links":{"self":[{"href":"https:\/\/www.automakersnews.cz\/index.php\/wp-json\/wp\/v2\/posts\/1685","targetHints":{"allow":["GET"]}}],"collection":[{"href":"https:\/\/www.automakersnews.cz\/index.php\/wp-json\/wp\/v2\/posts"}],"about":[{"href":"https:\/\/www.automakersnews.cz\/index.php\/wp-json\/wp\/v2\/types\/post"}],"author":[{"embeddable":true,"href":"https:\/\/www.automakersnews.cz\/index.php\/wp-json\/wp\/v2\/users\/1"}],"replies":[{"embeddable":true,"href":"https:\/\/www.automakersnews.cz\/index.php\/wp-json\/wp\/v2\/comments?post=1685"}],"version-history":[{"count":0,"href":"https:\/\/www.automakersnews.cz\/index.php\/wp-json\/wp\/v2\/posts\/1685\/revisions"}],"wp:featuredmedia":[{"embeddable":true,"href":"https:\/\/www.automakersnews.cz\/index.php\/wp-json\/wp\/v2\/media\/79"}],"wp:attachment":[{"href":"https:\/\/www.automakersnews.cz\/index.php\/wp-json\/wp\/v2\/media?parent=1685"}],"wp:term":[{"taxonomy":"category","embeddable":true,"href":"https:\/\/www.automakersnews.cz\/index.php\/wp-json\/wp\/v2\/categories?post=1685"},{"taxonomy":"post_tag","embeddable":true,"href":"https:\/\/www.automakersnews.cz\/index.php\/wp-json\/wp\/v2\/tags?post=1685"}],"curies":[{"name":"wp","href":"https:\/\/api.w.org\/{rel}","templated":true}]}}