{"id":1687,"date":"2022-11-03T08:49:21","date_gmt":"2022-11-03T08:49:21","guid":{"rendered":"https:\/\/www.automakersnews.cz\/?p=1687"},"modified":"2022-11-03T08:53:30","modified_gmt":"2022-11-03T08:53:30","slug":"mercedes-benz-se-stahuje-z-ruska","status":"publish","type":"post","link":"https:\/\/www.automakersnews.cz\/index.php\/2022\/11\/03\/mercedes-benz-se-stahuje-z-ruska\/","title":{"rendered":"Mercedes-Benz se stahuje z Ruska"},"content":{"rendered":"<p><strong>N\u011bmeck\u00fd\u00a0<span class=\"e5id2 advancedHighlight\" data-id=\"0\" data-classic=\"false\">v\u00fdrobce<\/span>\u00a0luxusn\u00edch aut\u00a0<span class=\"e1id0 e4id0 advancedHighlight SearchKeywordHighlight\" data-id=\"1\" data-classic=\"true\">Mercedes<\/span><span class=\"e1id0 e4id0 advancedHighlight\" data-id=\"2\" data-classic=\"false\">-Benz<\/span> ve t\u0159et\u00edm \u010dtvrtlet\u00ed zv\u00fd\u0161il provozn\u00ed zisk o 83 procent na 5,2 miliardy eur (127,7 miliardy K\u010d). Firma ozn\u00e1mila, \u017ee se st\u00e1hne z rusk\u00e9ho trhu. Sv\u016fj byznys tam prod\u00e1 m\u00edstn\u00edmu <span class=\"e5id1 advancedHighlight\" data-id=\"3\" data-classic=\"false\">investorovi<\/span>, firm\u011b AVTODOM.<\/strong><!--more--><\/p>\n<p>Automobilka tak\u00e9 ozn\u00e1mila, \u017ee se z Ruska stahuje v souvislosti s invaz\u00ed rusk\u00fdch vojsk na <span class=\"e0id0 advancedHighlight\" data-id=\"4\" data-classic=\"false\">Ukrajinu<\/span> a z\u00e1padn\u00edmi sankcemi. Pod\u00edly ve sv\u00fdch dce\u0159in\u00fdch spole\u010dnostech tam prod\u00e1 m\u00edstn\u00edmu <span class=\"e5id1 advancedHighlight\" data-id=\"3\" data-classic=\"false\">investorovi<\/span>. Podle rusk\u00e9ho\u00a0<span class=\"e1id2 advancedHighlight\" data-id=\"6\" data-classic=\"false\">ministerstva<\/span>\u00a0<span class=\"e1id2 advancedHighlight\" data-id=\"6\" data-classic=\"false\">pr\u016fmyslu<\/span>\u00a0<span class=\"e1id2 advancedHighlight\" data-id=\"6\" data-classic=\"false\">a<\/span>\u00a0<span class=\"e1id2 advancedHighlight\" data-id=\"6\" data-classic=\"false\">obchodu<\/span>\u00a0je t\u00edmto\u00a0<span class=\"e5id1 advancedHighlight\" data-id=\"3\" data-classic=\"false\">investorem<\/span>\u00a0rusk\u00e1 spole\u010dnost AVTODOM. Kv\u016fli v\u00e1lce na Ukrajin\u011b u\u017e se z\u00a0<span class=\"e0id1 advancedHighlight e-location SearchKeywordHighlight\" data-id=\"11\" data-classic=\"true\">Ruska<\/span>\u00a0st\u00e1hla \u0159ada z\u00e1padn\u00edch firem.<\/p>\n<p><span class=\"e1id0 e4id0 advancedHighlight SearchKeywordHighlight\" data-id=\"1\" data-classic=\"true\">Mercedes<\/span><span class=\"e1id0 e4id0 advancedHighlight\" data-id=\"2\" data-classic=\"false\">-Benz<\/span>\u00a0byl p\u016fvodn\u011b sou\u010d\u00e1st\u00ed automobilov\u00e9ho\u00a0<span class=\"e1id3 advancedHighlight\" data-id=\"14\" data-classic=\"false\">konglomer\u00e1tu<\/span>\u00a0<span class=\"e1id1 e4id0 advancedHighlight\" data-id=\"15\" data-classic=\"false\">Daimler<\/span>. Loni se od\u00a0<span class=\"e1id3 advancedHighlight\" data-id=\"14\" data-classic=\"false\">konglomer\u00e1tu<\/span>\u00a0odd\u011blila divize n\u00e1kladn\u00edch aut\u00a0<span class=\"e1id1 e4id0 advancedHighlight\" data-id=\"15\" data-classic=\"false\">Daimler<\/span>\u00a0Truck, zbytek skupiny zam\u011b\u0159en\u00fd na\u00a0<span class=\"e5id0 advancedHighlight\" data-id=\"18\" data-classic=\"false\">v\u00fdrobu<\/span>\u00a0osobn\u00edch aut se letos p\u0159ejmenoval na\u00a0<span class=\"e1id0 e4id0 advancedHighlight SearchKeywordHighlight\" data-id=\"1\" data-classic=\"true\">Mercedes<\/span><span class=\"e1id0 e4id0 advancedHighlight\" data-id=\"2\" data-classic=\"false\">-Benz<\/span>.<br \/>\nFirma sou\u010dasn\u011b podruh\u00e9 v leto\u0161n\u00edm roce zlep\u0161ila v\u00fdhled na leto\u0161n\u00ed rok, nebo\u0165 popt\u00e1vka navzdory probl\u00e9m\u016fm v glob\u00e1ln\u00ed ekonomice st\u00e1le p\u0159evy\u0161uje nab\u00eddku. Vysok\u00fd je z\u00e1jem p\u0159edev\u0161\u00edm o modely vy\u0161\u0161\u00ed t\u0159\u00eddy. Zisk by tak podle nyn\u011bj\u0161\u00edch p\u0159edpoklad\u016f m\u011bl b\u00fdt v\u00fdrazn\u011b vy\u0161\u0161\u00ed ne\u017e p\u0159ed rokem, p\u016fvodn\u011b automobilka p\u0159edpokl\u00e1dala jen m\u00edrn\u00fd r\u016fst.<\/p>\n<p>Rekordn\u00ed inflace a prudk\u00fd r\u016fst \u00farokov\u00fdch sazeb ale za\u010d\u00ednaj\u00ed nep\u0159\u00edzniv\u011b ovliv\u0148ovat podnik\u00e1n\u00ed automobilky ve\u00a0<span class=\"e0id2 advancedHighlight\" data-id=\"21\" data-classic=\"false\">Spojen\u00fdch<\/span>\u00a0<span class=\"e0id2 advancedHighlight\" data-id=\"21\" data-classic=\"false\">st\u00e1tech<\/span>\u00a0a v\u00a0<span class=\"e0id3 advancedHighlight\" data-id=\"23\" data-classic=\"false\">Evrop\u011b<\/span>.\u00a0<span class=\"e1id0 e4id0 advancedHighlight SearchKeywordHighlight\" data-id=\"1\" data-classic=\"true\">Mercedes<\/span>\u00a0na t\u011bchto trz\u00edch proto sn\u00ed\u017eil odhad prodeje. Odbyt v\u00a0<span class=\"e0id2 advancedHighlight\" data-id=\"21\" data-classic=\"false\">USA<\/span>\u00a0bude patrn\u011b v\u00fdrazn\u011b ni\u017e\u0161\u00ed ne\u017e v p\u0159edchoz\u00edm roce, doposud p\u0159itom firma po\u010d\u00edtala s m\u00edrn\u00fdm poklesem. V\u00a0<span class=\"e0id3 advancedHighlight\" data-id=\"23\" data-classic=\"false\">Evrop\u011b<\/span>\u00a0se prodej z u\u017e tak n\u00edzk\u00e9 \u00farovn\u011b je\u0161t\u011b sn\u00ed\u017e\u00ed, doposud firma \u010dekala nezm\u011bn\u011bn\u00fd prodej.<br \/>\nSlab\u0161\u00ed prodej v\u00a0<span class=\"e0id2 advancedHighlight\" data-id=\"21\" data-classic=\"false\">USA<\/span>\u00a0a v\u00a0<span class=\"e0id3 advancedHighlight\" data-id=\"23\" data-classic=\"false\">Evrop\u011b<\/span>\u00a0by m\u011bl kompenzovat v\u00fdrazn\u011b vy\u0161\u0161\u00ed prodej v\u00a0<span class=\"e0id4 advancedHighlight\" data-id=\"29\" data-classic=\"false\">\u010c\u00edn\u011b<\/span>, kde zvy\u0161uj\u00ed popt\u00e1vku da\u0148ov\u00e9 \u00falevy. Celkov\u011b tak\u00a0<span class=\"e1id0 e4id0 advancedHighlight SearchKeywordHighlight\" data-id=\"1\" data-classic=\"true\">Mercedes<\/span><span class=\"e1id0 e4id0 advancedHighlight\" data-id=\"2\" data-classic=\"false\">-Benz<\/span>\u00a0\u010dek\u00e1 m\u00edrn\u00fd r\u016fst celosv\u011btov\u00e9ho prodeje aut.<\/p>\n<p>Automobilka se nyn\u00ed sna\u017e\u00ed uspokojit nahromad\u011bnou popt\u00e1vku, kdy\u017e v\u00e1\u017en\u00fd nedostatek polovodi\u010d\u016f omezil na n\u011bkolik m\u011bs\u00edc\u016f\u00a0<span class=\"e5id0 advancedHighlight\" data-id=\"18\" data-classic=\"false\">v\u00fdrobu<\/span>. S t\u00edm, jak \u010d\u00e1ste\u010dn\u011b polevuje tlak na dodavatelsk\u00fd \u0159et\u011bzec, se nyn\u00ed pozornost\u00a0<span class=\"e5id1 advancedHighlight\" data-id=\"3\" data-classic=\"false\">investor\u016f<\/span>\u00a0p\u0159esunula na to, jak odoln\u00ed budou\u00a0<span class=\"e5id2 advancedHighlight\" data-id=\"0\" data-classic=\"false\">v\u00fdrobci<\/span>\u00a0aut v\u016f\u010di skokov\u00e9mu r\u016fstu \u00farokov\u00fdch sazeb, pokra\u010duj\u00edc\u00edm koronavirov\u00fdm omezen\u00edm v\u00a0<span class=\"e0id4 advancedHighlight\" data-id=\"29\" data-classic=\"false\">\u010c\u00edn\u011b<\/span>\u00a0a energetick\u00e9 krizi v\u00a0<span class=\"e0id3 advancedHighlight\" data-id=\"23\" data-classic=\"false\">Evrop\u011b<\/span>. Americk\u00e1 automobilka\u00a0<span class=\"e1id4 e4id0 advancedHighlight\" data-id=\"37\" data-classic=\"false\">General<\/span>\u00a0<span class=\"e1id4 e4id0 advancedHighlight\" data-id=\"37\" data-classic=\"false\">Motors<\/span>\u00a0v \u00fater\u00fd ozn\u00e1mila siln\u00fd r\u016fst zisku a tr\u017eeb, hlavn\u011b d\u00edky vysok\u00e9mu prodeji sv\u00fdch luxusn\u00edch SUV a n\u00e1kladn\u00edch aut.<\/p>\n<p><img loading=\"lazy\" decoding=\"async\" class=\"alignnone size-medium wp-image-30\" src=\"http:\/\/www.automakersnews.cz\/wp-content\/uploads\/2021\/09\/mercedes-benz-znacka-300x200.jpg\" alt=\"\" width=\"300\" height=\"200\" srcset=\"https:\/\/www.automakersnews.cz\/wp-content\/uploads\/2021\/09\/mercedes-benz-znacka-300x200.jpg 300w, https:\/\/www.automakersnews.cz\/wp-content\/uploads\/2021\/09\/mercedes-benz-znacka.jpg 612w\" sizes=\"auto, (max-width: 300px) 100vw, 300px\" \/><\/p>\n","protected":false},"excerpt":{"rendered":"<div class=\"mh-excerpt\"><p>N\u011bmeck\u00fd\u00a0v\u00fdrobce\u00a0luxusn\u00edch aut\u00a0Mercedes-Benz ve t\u0159et\u00edm \u010dtvrtlet\u00ed zv\u00fd\u0161il provozn\u00ed zisk o 83 procent na 5,2 miliardy eur (127,7 miliardy K\u010d). Firma ozn\u00e1mila, \u017ee se st\u00e1hne z rusk\u00e9ho <a class=\"mh-excerpt-more\" href=\"https:\/\/www.automakersnews.cz\/index.php\/2022\/11\/03\/mercedes-benz-se-stahuje-z-ruska\/\" title=\"Mercedes-Benz se stahuje z Ruska\">[&#8230;]<\/a><\/p>\n<\/div>","protected":false},"author":1,"featured_media":530,"comment_status":"open","ping_status":"open","sticky":false,"template":"","format":"standard","meta":{"footnotes":""},"categories":[2],"tags":[],"class_list":["post-1687","post","type-post","status-publish","format-standard","has-post-thumbnail","hentry","category-news"],"_links":{"self":[{"href":"https:\/\/www.automakersnews.cz\/index.php\/wp-json\/wp\/v2\/posts\/1687","targetHints":{"allow":["GET"]}}],"collection":[{"href":"https:\/\/www.automakersnews.cz\/index.php\/wp-json\/wp\/v2\/posts"}],"about":[{"href":"https:\/\/www.automakersnews.cz\/index.php\/wp-json\/wp\/v2\/types\/post"}],"author":[{"embeddable":true,"href":"https:\/\/www.automakersnews.cz\/index.php\/wp-json\/wp\/v2\/users\/1"}],"replies":[{"embeddable":true,"href":"https:\/\/www.automakersnews.cz\/index.php\/wp-json\/wp\/v2\/comments?post=1687"}],"version-history":[{"count":0,"href":"https:\/\/www.automakersnews.cz\/index.php\/wp-json\/wp\/v2\/posts\/1687\/revisions"}],"wp:featuredmedia":[{"embeddable":true,"href":"https:\/\/www.automakersnews.cz\/index.php\/wp-json\/wp\/v2\/media\/530"}],"wp:attachment":[{"href":"https:\/\/www.automakersnews.cz\/index.php\/wp-json\/wp\/v2\/media?parent=1687"}],"wp:term":[{"taxonomy":"category","embeddable":true,"href":"https:\/\/www.automakersnews.cz\/index.php\/wp-json\/wp\/v2\/categories?post=1687"},{"taxonomy":"post_tag","embeddable":true,"href":"https:\/\/www.automakersnews.cz\/index.php\/wp-json\/wp\/v2\/tags?post=1687"}],"curies":[{"name":"wp","href":"https:\/\/api.w.org\/{rel}","templated":true}]}}