{"id":169,"date":"2022-07-20T08:42:56","date_gmt":"2022-07-20T08:42:56","guid":{"rendered":"http:\/\/www.automakersnews.cz\/?p=169"},"modified":"2022-07-20T08:42:56","modified_gmt":"2022-07-20T08:42:56","slug":"menovy-fond-kvuli-plynu-varuje-pred-recesi","status":"publish","type":"post","link":"https:\/\/www.automakersnews.cz\/index.php\/2022\/07\/20\/menovy-fond-kvuli-plynu-varuje-pred-recesi\/","title":{"rendered":"M\u011bnov\u00fd fond kv\u016fli plynu varuje p\u0159ed reces\u00ed"},"content":{"rendered":"<header class=\"o_i5\" data-e2e=\"tpl-royalty-mainHeader\">\n<div class=\"h_gR\">\n<p class=\"d_da\"><strong>Mezin\u00e1rodn\u00ed m\u011bnov\u00fd fond (MMF) varoval p\u0159ed v\u00e1\u017enou reces\u00ed ve v\u00fdchodn\u00ed Evrop\u011b v\u010detn\u011b \u010cesk\u00e9 republiky v\u00a0p\u0159\u00edpad\u011b, \u017ee Rusko zavede embargo na dod\u00e1vky plynu a\u00a0ostatn\u00ed zem\u011b se s\u00a0nimi nepod\u011bl\u00ed o\u00a0sv\u00e9 z\u00e1soby. Na sv\u00e9m webu o\u00a0tom p\u00ed\u0161e list Financial Times (FT). Recese by podle m\u011bnov\u00e9ho fondu dolehla i\u00a0na It\u00e1lii.<\/strong><\/p>\n<\/div>\n<\/header>\n<p><!--more--><\/p>\n<div class=\"o_iY\">\n<section class=\"o_iZ\">\n<div class=\"tpl-king-top-content\">\n<div class=\"o_iY\">\n<section class=\"o_iZ\" data-e2e=\"tpl-royalty-content\">\n<div class=\"h_h6 A_jB\">\n<div class=\"ogm-main-media-container\" data-e2e=\"ogm-main-media\" data-dot=\"hlavni_objekt\">\n<div class=\"g_cJ\" data-dot-data=\"{&quot;component&quot;:&quot;mol-figure&quot;}\" data-dot=\"foto\" aria-label=\"Galerie Ilustra\u010dn\u00ed foto.\">\n<div>\n<div class=\"d_w g_cv\">\n<div class=\"atm-media-item-image-events\" tabindex=\"0\">\n<div class=\"d_ap d_jW d_jZ\">\n<div class=\"d_g0\"><\/div>\n<p><img decoding=\"async\" class=\"d_aq d_jJ\" src=\"https:\/\/d15-a.sdn.cz\/d_15\/c_img_QQ_u\/WrrCEo.jpeg?fl=cro,0,1,1249,702%7Cres,1200,,1%7Cwebp,75\" sizes=\"(min-width: 976px) 1032px, 100vw\" srcset=\"\/\/d15-a.sdn.cz\/d_15\/c_img_QQ_u\/WrrCEo.jpeg?fl=cro,0,1,1249,702%7Cres,240,,1%7Cwebp,75 240w, \/\/d15-a.sdn.cz\/d_15\/c_img_QQ_u\/WrrCEo.jpeg?fl=cro,0,1,1249,702%7Cres,320,,1%7Cwebp,75 320w, \/\/d15-a.sdn.cz\/d_15\/c_img_QQ_u\/WrrCEo.jpeg?fl=cro,0,1,1249,702%7Cres,480,,1%7Cwebp,75 480w, \/\/d15-a.sdn.cz\/d_15\/c_img_QQ_u\/WrrCEo.jpeg?fl=cro,0,1,1249,702%7Cres,600,,1%7Cwebp,75 600w, \/\/d15-a.sdn.cz\/d_15\/c_img_QQ_u\/WrrCEo.jpeg?fl=cro,0,1,1249,702%7Cres,722,,1%7Cwebp,75 722w, \/\/d15-a.sdn.cz\/d_15\/c_img_QQ_u\/WrrCEo.jpeg?fl=cro,0,1,1249,702%7Cres,1024,,1%7Cwebp,75 1024w, \/\/d15-a.sdn.cz\/d_15\/c_img_QQ_u\/WrrCEo.jpeg?fl=cro,0,1,1249,702%7Cres,2560,,1%7Cwebp,75 1280w\" alt=\"Ilustra\u010dn\u00ed foto.\" \/><\/div>\n<\/div>\n<p class=\"d_da\">MMF p\u0159edpov\u011bd\u011bl, \u017ee pokud jednotliv\u00e9 st\u00e1ty nebudou sd\u00edlet zkapaln\u011bn\u00fd zemn\u00ed plyn (LNG) a ceny nebudou um\u011ble dr\u017eeny dole, tak jak\u00e1koli snaha Moskvy ohledn\u011b zastaven\u00ed dod\u00e1vek plynu do Evropy vyvol\u00e1 v p\u0159\u00ed\u0161t\u00edm roce v \u010cesk\u00e9 republice, Ma\u010farsku, na Slovensku a v It\u00e1lii hospod\u00e1\u0159sk\u00fd pokles o v\u00edce ne\u017e p\u011bt procent.<\/p>\n<\/div>\n<\/div>\n<\/div>\n<\/div>\n<\/div>\n<div class=\"h_gu\" data-dot=\"objekt_v_textu\">\n<article class=\"h_gv\" role=\"article\" aria-labelledby=\"accessibility-article\">\n<div class=\"h_gz\" data-dot-data=\"{&quot;component&quot;:&quot;article-content&quot;}\">\n<div class=\"g_d8\">\n<div data-dot=\"poutak_v_textu\">\n<div class=\"g_aL\">\n<div class=\"g_aQ\">\n<div class=\"d_w\">\n<div class=\"atm-media-item-image-events\">\n<div class=\"d_ap d_jW d_jZ\">\n<p class=\"d_da\">Rusk\u00e1 plyn\u00e1rensk\u00e1 spole\u010dnost Gazprom p\u0159itom u\u017e n\u011bmeck\u00fdm firm\u00e1m Uniper a RWE sd\u011blila, \u017ee z d\u016fvodu z\u00e1sahu vy\u0161\u0161\u00ed moci nebude schopna plnit sv\u00e9 z\u00e1vazky. P\u0159es N\u011bmecko proud\u00ed \u010d\u00e1st rusk\u00e9ho plynu i do \u010cesk\u00e9 republiky.<\/p>\n<\/div>\n<\/div>\n<\/div>\n<\/div>\n<\/div>\n<\/div>\n<div class=\"g_c9\">\n<p class=\"d_da\">M\u011bnov\u00fd fond pouk\u00e1zal na to, \u017ee z Ruska poch\u00e1z\u00ed 42 procent plynu dov\u00e1\u017een\u00e9ho do Evropy. Osm unijn\u00edch zem\u00ed v\u010detn\u011b \u010ceska, Slovenska a Ma\u010farska je na rusk\u00e9m plynu z\u00e1visl\u00fdch z v\u00edce ne\u017e 50 procent. It\u00e1lie je na dod\u00e1vky rusk\u00e9ho plynu citliv\u00e1, proto\u017ee ho siln\u011b vyu\u017e\u00edv\u00e1 p\u0159i v\u00fdrob\u011b elekt\u0159iny.<\/p>\n<\/div>\n<\/div>\n<\/div>\n<\/article>\n<\/div>\n<\/section>\n<\/div>\n<\/div>\n<\/section>\n<\/div>\n","protected":false},"excerpt":{"rendered":"<div class=\"mh-excerpt\"><p>Mezin\u00e1rodn\u00ed m\u011bnov\u00fd fond (MMF) varoval p\u0159ed v\u00e1\u017enou reces\u00ed ve v\u00fdchodn\u00ed Evrop\u011b v\u010detn\u011b \u010cesk\u00e9 republiky v\u00a0p\u0159\u00edpad\u011b, \u017ee Rusko zavede embargo na dod\u00e1vky plynu a\u00a0ostatn\u00ed zem\u011b se <a class=\"mh-excerpt-more\" href=\"https:\/\/www.automakersnews.cz\/index.php\/2022\/07\/20\/menovy-fond-kvuli-plynu-varuje-pred-recesi\/\" title=\"M\u011bnov\u00fd fond kv\u016fli plynu varuje p\u0159ed reces\u00ed\">[&#8230;]<\/a><\/p>\n<\/div>","protected":false},"author":1,"featured_media":170,"comment_status":"open","ping_status":"open","sticky":false,"template":"","format":"standard","meta":{"footnotes":""},"categories":[6],"tags":[],"class_list":["post-169","post","type-post","status-publish","format-standard","has-post-thumbnail","hentry","category-analyza"],"_links":{"self":[{"href":"https:\/\/www.automakersnews.cz\/index.php\/wp-json\/wp\/v2\/posts\/169","targetHints":{"allow":["GET"]}}],"collection":[{"href":"https:\/\/www.automakersnews.cz\/index.php\/wp-json\/wp\/v2\/posts"}],"about":[{"href":"https:\/\/www.automakersnews.cz\/index.php\/wp-json\/wp\/v2\/types\/post"}],"author":[{"embeddable":true,"href":"https:\/\/www.automakersnews.cz\/index.php\/wp-json\/wp\/v2\/users\/1"}],"replies":[{"embeddable":true,"href":"https:\/\/www.automakersnews.cz\/index.php\/wp-json\/wp\/v2\/comments?post=169"}],"version-history":[{"count":0,"href":"https:\/\/www.automakersnews.cz\/index.php\/wp-json\/wp\/v2\/posts\/169\/revisions"}],"wp:featuredmedia":[{"embeddable":true,"href":"https:\/\/www.automakersnews.cz\/index.php\/wp-json\/wp\/v2\/media\/170"}],"wp:attachment":[{"href":"https:\/\/www.automakersnews.cz\/index.php\/wp-json\/wp\/v2\/media?parent=169"}],"wp:term":[{"taxonomy":"category","embeddable":true,"href":"https:\/\/www.automakersnews.cz\/index.php\/wp-json\/wp\/v2\/categories?post=169"},{"taxonomy":"post_tag","embeddable":true,"href":"https:\/\/www.automakersnews.cz\/index.php\/wp-json\/wp\/v2\/tags?post=169"}],"curies":[{"name":"wp","href":"https:\/\/api.w.org\/{rel}","templated":true}]}}