{"id":1690,"date":"2022-11-03T09:08:40","date_gmt":"2022-11-03T09:08:40","guid":{"rendered":"https:\/\/www.automakersnews.cz\/?p=1690"},"modified":"2022-11-03T09:56:25","modified_gmt":"2022-11-03T09:56:25","slug":"1690","status":"publish","type":"post","link":"https:\/\/www.automakersnews.cz\/index.php\/2022\/11\/03\/1690\/","title":{"rendered":"Zikmund: \u010desk\u00e9 Subaru \u010dek\u00e1 huben\u00fd rok"},"content":{"rendered":"<p><strong>\u0160\u00e9f Subaru Zden\u011bk Zikmund sezval 2. listopadu motonovin\u00e1\u0159e do haly CMKarting v Praze na Zli\u010d\u00edn\u011b. Pohovo\u0159il o pl\u00e1nech zna\u010dky na rok 2023 a uk\u00e1zal nov\u00fd elektromobil Solterra. Import podle n\u011bj \u010dek\u00e1 kv\u016fli v\u00fdkyv\u016fm ve v\u00fdrob\u011b huben\u00fd rok. <\/strong><!--more--><\/p>\n<p>&#8222;Situaci m\u00e1me slo\u017eitou, proch\u00e1z\u00edme poklesem objem\u016f jak v d\u016fsledku pl\u00e1novan\u00fdch zm\u011bn v modelov\u00e9 \u0159ad\u011b, tak i souhrou dal\u0161\u00edch okolnost\u00ed na trhu a ve spole\u010dnosti. \u0158ada term\u00edn\u016f se posunula, objemy dod\u00e1vek nov\u00fdch aut z tov\u00e1rny pro \u010desk\u00fd trh maj\u00ed daleko do na\u0161ich p\u0159edstav,&#8220; st\u011b\u017eoval si Zikmund s t\u00edm, \u017ee mus\u00ed p\u0159ipravit dealerskou s\u00ed\u0165 na huben\u011bj\u0161\u00ed \u010dasy.<\/p>\n<p>Z letos pl\u00e1novan\u00fdch 800 aut pro tuzemsko bude import bojovat o poh\u00fdch 600. &#8222;Jsme tak prakticky zp\u011bt v roce 2005, kdy jsme m\u011bli p\u011bt dealer\u016f a prod\u00e1vali v \u010cesku 500 aut. Nyn\u00ed mus\u00edme u\u017eivit 17 dealer\u016f na podobn\u00e9m objemu,&#8220; na\u0159\u00edk\u00e1 \u0161\u00e9f importu.<\/p>\n<p>Na vin\u011b jsou podle n\u011bj v\u00fdkyvy ve v\u00fdrob\u011b, dramatick\u00e9 sn\u00ed\u017een\u00ed skladov\u00fdch z\u00e1sob a tlak popt\u00e1vky ve sv\u011bt\u011b, zvl\u00e1\u0161t\u011b v USA. &#8222;To je pro zna\u010dku kl\u00ed\u010dov\u00fd trh, Evropa dost\u00e1v\u00e1 jen zlomek kus\u016f z v\u00fdrobn\u00ed linky.<\/p>\n<p>&#8222;Z\u00e1soby aut Subaru v evropsk\u00fdch zem\u00edch jsou tak n\u011bkde i pod 14denn\u00ed obr\u00e1tkovost\u00ed, n\u00e1m se na sklad\u011b auto udr\u017e\u00ed t\u00fdden, v\u0161echno jede hned dealer\u016fm,&#8220; \u0159ekl Zden\u011bk, kter\u00fd nap\u0159\u00edklad na podzim mohl v Japonsku objednat jen t\u0159i Outbacky pro celou \u010deskou s\u00ed\u0165.<\/p>\n<p>V\u00fdrobn\u00ed b\u00edda se t\u00fdk\u00e1 i elektromobiln\u00ed novinky Solterra, kter\u00e1 slibuje\u00a0 dojez v\u00edce ne\u017e 400 km a vstupuje na trh s cenou od 1,6 milionu korun. &#8222;Za\u010d\u00edn\u00e1me s pouh\u00fdmi osmi kusy, celkov\u011b jsme zat\u00edm dok\u00e1zali v tov\u00e1rn\u011b objednat jen 15 aut,&#8220; uzav\u0159el Zikmund.<\/p>\n<p><img loading=\"lazy\" decoding=\"async\" class=\"alignnone size-medium wp-image-1723\" src=\"http:\/\/www.automakersnews.cz\/wp-content\/uploads\/2022\/11\/Subaru-TK-Zikmund-2022-300x225.jpg\" alt=\"\" width=\"300\" height=\"225\" srcset=\"https:\/\/www.automakersnews.cz\/wp-content\/uploads\/2022\/11\/Subaru-TK-Zikmund-2022-300x225.jpg 300w, https:\/\/www.automakersnews.cz\/wp-content\/uploads\/2022\/11\/Subaru-TK-Zikmund-2022-326x245.jpg 326w, https:\/\/www.automakersnews.cz\/wp-content\/uploads\/2022\/11\/Subaru-TK-Zikmund-2022-80x60.jpg 80w, https:\/\/www.automakersnews.cz\/wp-content\/uploads\/2022\/11\/Subaru-TK-Zikmund-2022.jpg 591w\" sizes=\"auto, (max-width: 300px) 100vw, 300px\" \/><\/p>\n","protected":false},"excerpt":{"rendered":"<div class=\"mh-excerpt\"><p>\u0160\u00e9f Subaru Zden\u011bk Zikmund sezval 2. listopadu motonovin\u00e1\u0159e do haly CMKarting v Praze na Zli\u010d\u00edn\u011b. Pohovo\u0159il o pl\u00e1nech zna\u010dky na rok 2023 a uk\u00e1zal nov\u00fd <a class=\"mh-excerpt-more\" href=\"https:\/\/www.automakersnews.cz\/index.php\/2022\/11\/03\/1690\/\" title=\"Zikmund: \u010desk\u00e9 Subaru \u010dek\u00e1 huben\u00fd rok\">[&#8230;]<\/a><\/p>\n<\/div>","protected":false},"author":1,"featured_media":1693,"comment_status":"open","ping_status":"open","sticky":false,"template":"","format":"standard","meta":{"footnotes":""},"categories":[2,29],"tags":[],"class_list":["post-1690","post","type-post","status-publish","format-standard","has-post-thumbnail","hentry","category-news","category-tiskovky"],"_links":{"self":[{"href":"https:\/\/www.automakersnews.cz\/index.php\/wp-json\/wp\/v2\/posts\/1690","targetHints":{"allow":["GET"]}}],"collection":[{"href":"https:\/\/www.automakersnews.cz\/index.php\/wp-json\/wp\/v2\/posts"}],"about":[{"href":"https:\/\/www.automakersnews.cz\/index.php\/wp-json\/wp\/v2\/types\/post"}],"author":[{"embeddable":true,"href":"https:\/\/www.automakersnews.cz\/index.php\/wp-json\/wp\/v2\/users\/1"}],"replies":[{"embeddable":true,"href":"https:\/\/www.automakersnews.cz\/index.php\/wp-json\/wp\/v2\/comments?post=1690"}],"version-history":[{"count":0,"href":"https:\/\/www.automakersnews.cz\/index.php\/wp-json\/wp\/v2\/posts\/1690\/revisions"}],"wp:featuredmedia":[{"embeddable":true,"href":"https:\/\/www.automakersnews.cz\/index.php\/wp-json\/wp\/v2\/media\/1693"}],"wp:attachment":[{"href":"https:\/\/www.automakersnews.cz\/index.php\/wp-json\/wp\/v2\/media?parent=1690"}],"wp:term":[{"taxonomy":"category","embeddable":true,"href":"https:\/\/www.automakersnews.cz\/index.php\/wp-json\/wp\/v2\/categories?post=1690"},{"taxonomy":"post_tag","embeddable":true,"href":"https:\/\/www.automakersnews.cz\/index.php\/wp-json\/wp\/v2\/tags?post=1690"}],"curies":[{"name":"wp","href":"https:\/\/api.w.org\/{rel}","templated":true}]}}