{"id":17116,"date":"2023-01-27T12:47:17","date_gmt":"2023-01-27T12:47:17","guid":{"rendered":"https:\/\/www.automakersnews.cz\/?p=17116"},"modified":"2023-01-27T13:04:34","modified_gmt":"2023-01-27T13:04:34","slug":"zalobu-bmw-na-mach-motors-zamitl-soud","status":"publish","type":"post","link":"https:\/\/www.automakersnews.cz\/index.php\/2023\/01\/27\/zalobu-bmw-na-mach-motors-zamitl-soud\/","title":{"rendered":"\u017dalobu BMW na Mach Motors zam\u00edtl soud"},"content":{"rendered":"<p><span style=\"font-family: Arial, serif;\"><b>AUTOIMPORT MACH.CZ, kter\u00e1 spad\u00e1 pod skupinu MACH MOTORS zab\u00fdvaj\u00edc\u00ed se mimo jin\u00e9 specializovan\u00fdm prodejem vozidel BMW, m\u016f\u017ee i nad\u00e1le pou\u017e\u00edvat ochrannou zn\u00e1mku BMW na reklamn\u00edm stojanu p\u0159ed sv\u00fdm autosalonem v \u010cesk\u00fdch Bud\u011bjovic\u00edch.<\/b><\/span><!--more--><\/p>\n<p><span style=\"font-family: Arial, serif;\"> Jej\u00edho odstran\u011bn\u00ed se \u017ealobou dom\u00e1hal zn\u00e1m\u00fd v\u00fdrobce automobil\u016f, n\u011bmeck\u00e1 spole\u010dnost Bayerische Motoren Werke Aktiengesellschaft (BMW). M\u011bstsk\u00fd soud v Praze rozhodl, \u017ee ozna\u010den\u00edm m\u00edsta specializovan\u00e9ho prodeje a servisu vozidel nedoch\u00e1z\u00ed k poru\u0161en\u00ed ochrann\u00e9 zn\u00e1mky v\u00fdrobce.<\/span><\/p>\n<p><span style=\"font-family: Arial, serif;\">Na prodej voz\u016f zna\u010dky BMW se \u010deskobud\u011bjovick\u00e1 spole\u010dnost specializuje od roku 1994. Za dobu sv\u00e9 existence prodala z\u00e1kazn\u00edk\u016fm tis\u00edce vozidel t\u00e9to zna\u010dky. \u0158\u00e1dov\u011b desetitis\u00edce vozidel t\u00e9to zna\u010dky pro\u0161ly jej\u00edm specializovan\u00fdm servisem.<\/span><\/p>\n<p>\u201e<span style=\"font-family: Arial, serif;\"><i>Jako specializovan\u00fd prodejce um\u00edme z\u00e1kazn\u00edk\u016fm dodat vozidla, kter\u00e1 nejsou v\u00a0autorizovan\u00fdch salonech skladem, nebo by na n\u011b v\u00a0dne\u0161n\u00ed dob\u011b \u010dekal z\u00e1kazn\u00edk \u010dasto i\u00a0des\u00edtky m\u011bs\u00edc\u016f. A je logick\u00e9, \u017ee svou provozovnu chceme viditeln\u011b ozna\u010dit zna\u010dkou, kterou prod\u00e1v\u00e1me a\u00a0servisujeme. Jsme r\u00e1di, \u017ee soud potvrdil, \u017ee ozna\u010den\u00edm autosalonu zna\u010dkou BMW neporu\u0161ujeme ochrann\u00e9 zn\u00e1mky v\u00fdrobce,\u201c<\/i><\/span><span style=\"font-family: Arial, serif;\"> uvedl Lubom\u00edr Mach, zakladatel koncernu MACH MOTORS.<\/span><\/p>\n<p><strong>Spor o reklamn\u00ed pylon<\/strong><\/p>\n<p><span style=\"font-family: Arial, serif;\">M\u011bstsk\u00fd soud v\u00a0Praze v\u00a0rozhodnut\u00ed zd\u016fraznil, \u017ee prodejce nebyl \u017ealov\u00e1n z\u00a0d\u016fvodu nez\u00e1visl\u00e9ho prodeje a servisu vozidel BMW. P\u0159edm\u011btem sporu byla p\u0159edev\u0161\u00edm ot\u00e1zka, zda reklamn\u00ed pylon p\u0159ed autosalonem, kter\u00fd obsahuje vedle slovn\u00ed ochrann\u00e9 zn\u00e1mky BMW ozna\u010den\u00ed <\/span><span style=\"font-family: Arial, serif;\"><i>\u201especializovan\u00fd prodej &amp; servis\u201c,<\/i><\/span><span style=\"font-family: Arial, serif;\"> nem\u016f\u017ee navodit u z\u00e1kazn\u00edk\u016f myln\u00fd dojem, \u017ee se jedn\u00e1 o\u00a0autorizovan\u00fd prodej a servis zna\u010dky BMW. <\/span><\/p>\n<p>\u201e<span style=\"font-family: Arial, serif;\"><i>Zn\u00e1mkopr\u00e1vn\u00ed p\u0159edpisy Evropsk\u00e9 unie neoprav\u0148uj\u00ed vlastn\u00edka ochrann\u00e9 zn\u00e1mky, aby zak\u00e1zal t\u0159et\u00ed osob\u011b u\u017e\u00edvat jej\u00ed u\u017eit\u00ed za \u00fa\u010delem ozna\u010den\u00ed v\u00fdrobk\u016f nebo slu\u017eeb poch\u00e1zej\u00edc\u00edch od vlastn\u00edka t\u00e9to ochrann\u00e9 zn\u00e1mky. N\u00e1\u0161 klient b\u011bhem bezm\u00e1la 30 let sv\u00e9ho podnik\u00e1n\u00ed jednozna\u010dn\u011b prok\u00e1zal, \u017ee zna\u010dku BMW prod\u00e1v\u00e1 a servisuje s\u00a0takovou odbornou a technickou \u00farovn\u00ed, aby mohl ozna\u010den\u00ed specializovan\u00fd servis a prodej \u0159\u00e1dn\u011b pou\u017e\u00edvat. Rozhodnut\u00ed soudu je d\u016fle\u017eit\u00fdm precedentem pro \u0159adu podnikatel\u016f, kte\u0159\u00ed rozv\u00edjej\u00ed slu\u017eby spot\u0159ebitel\u016fm v\u00a0oblasti prodeje a\u00a0servisu nejr\u016fzn\u011bj\u0161\u00edch v\u00fdrobk\u016f glob\u00e1ln\u00edch zna\u010dek,\u201c<\/i><\/span><span style=\"font-family: Arial, serif;\"> uvedl advok\u00e1t David \u0158ezn\u00ed\u010dek z\u00a0advok\u00e1tn\u00ed kancel\u00e1\u0159e \u0158ezn\u00ed\u010dek &amp; Co., kter\u00e1 koncern MACH MOTORS ve sporu zastupuje.<\/span><\/p>\n<p><span style=\"font-family: Arial, serif;\">Jak d\u00e1le upozornil advok\u00e1t David \u0158ezn\u00ed\u010dek, v\u00fdsledek sporu \u2013 by\u0165 prozat\u00edm ve f\u00e1zi nepravomocn\u00e9ho rozhodnut\u00ed soudu \u2013 d\u00e1v\u00e1 \u0161anci i ostatn\u00edm podnikatel\u016fm, \u017ee mohou br\u00e1nit sv\u00e9 z\u00e1jmy ve zn\u00e1mkopr\u00e1vn\u00edch sporech, kter\u00e9 nez\u0159\u00eddka slou\u017e\u00ed k zast\u0159en\u00e9mu konkuren\u010dn\u00edmu boji.<\/span><\/p>\n","protected":false},"excerpt":{"rendered":"<div class=\"mh-excerpt\"><p>AUTOIMPORT MACH.CZ, kter\u00e1 spad\u00e1 pod skupinu MACH MOTORS zab\u00fdvaj\u00edc\u00ed se mimo jin\u00e9 specializovan\u00fdm prodejem vozidel BMW, m\u016f\u017ee i nad\u00e1le pou\u017e\u00edvat ochrannou zn\u00e1mku BMW na reklamn\u00edm <a class=\"mh-excerpt-more\" href=\"https:\/\/www.automakersnews.cz\/index.php\/2023\/01\/27\/zalobu-bmw-na-mach-motors-zamitl-soud\/\" title=\"\u017dalobu BMW na Mach Motors zam\u00edtl soud\">[&#8230;]<\/a><\/p>\n<\/div>","protected":false},"author":1,"featured_media":17117,"comment_status":"open","ping_status":"open","sticky":false,"template":"","format":"standard","meta":{"footnotes":""},"categories":[54],"tags":[],"class_list":["post-17116","post","type-post","status-publish","format-standard","has-post-thumbnail","hentry","category-kauza"],"_links":{"self":[{"href":"https:\/\/www.automakersnews.cz\/index.php\/wp-json\/wp\/v2\/posts\/17116","targetHints":{"allow":["GET"]}}],"collection":[{"href":"https:\/\/www.automakersnews.cz\/index.php\/wp-json\/wp\/v2\/posts"}],"about":[{"href":"https:\/\/www.automakersnews.cz\/index.php\/wp-json\/wp\/v2\/types\/post"}],"author":[{"embeddable":true,"href":"https:\/\/www.automakersnews.cz\/index.php\/wp-json\/wp\/v2\/users\/1"}],"replies":[{"embeddable":true,"href":"https:\/\/www.automakersnews.cz\/index.php\/wp-json\/wp\/v2\/comments?post=17116"}],"version-history":[{"count":0,"href":"https:\/\/www.automakersnews.cz\/index.php\/wp-json\/wp\/v2\/posts\/17116\/revisions"}],"wp:featuredmedia":[{"embeddable":true,"href":"https:\/\/www.automakersnews.cz\/index.php\/wp-json\/wp\/v2\/media\/17117"}],"wp:attachment":[{"href":"https:\/\/www.automakersnews.cz\/index.php\/wp-json\/wp\/v2\/media?parent=17116"}],"wp:term":[{"taxonomy":"category","embeddable":true,"href":"https:\/\/www.automakersnews.cz\/index.php\/wp-json\/wp\/v2\/categories?post=17116"},{"taxonomy":"post_tag","embeddable":true,"href":"https:\/\/www.automakersnews.cz\/index.php\/wp-json\/wp\/v2\/tags?post=17116"}],"curies":[{"name":"wp","href":"https:\/\/api.w.org\/{rel}","templated":true}]}}