{"id":17148,"date":"2023-01-27T12:36:21","date_gmt":"2023-01-27T12:36:21","guid":{"rendered":"https:\/\/www.automakersnews.cz\/?p=17148"},"modified":"2023-01-30T09:50:04","modified_gmt":"2023-01-30T09:50:04","slug":"porota-hlasuje-do-patku-27-ledna","status":"publish","type":"post","link":"https:\/\/www.automakersnews.cz\/index.php\/2023\/01\/27\/porota-hlasuje-do-patku-27-ledna\/","title":{"rendered":"Auto roku 2023: kon\u010d\u00ed hlasov\u00e1n\u00ed 2. kola"},"content":{"rendered":"<p><strong>Odborn\u00e1 novin\u00e1\u0159sk\u00e1 porota vybrala \u0161est voz\u016f, kter\u00e9 postupuj\u00ed do druh\u00e9ho kola a utkaj\u00ed se o titul Auto roku 2023 v \u010cesk\u00e9 republice. Fin\u00e1ln\u00ed term\u00edn pro hlasov\u00e1n\u00ed poroty byl p\u00e1tek 27. ledna. Jak vypadal hlasovac\u00ed l\u00edstek?<\/strong><!--more--><\/p>\n<p>Auto roku volila letos dvaceti\u010dlenn\u00e1 porota slo\u017een\u00e1 z motoristick\u00fdch novin\u00e1\u0159\u016f. Slavnostn\u00ed vyhl\u00e1\u0161en\u00ed v\u00fdsledk\u016f ankety se uskute\u010dn\u00ed za \u00fa\u010dasti z\u00e1stupc\u016f automobilek, novin\u00e1\u0159\u016f a partner\u016f ankety 7. \u00fanora.<\/p>\n<p><strong>Porotci rozd\u011bluj\u00ed 25 bod\u016f, kter\u00e9 mus\u00ed zd\u016fvodnit<\/strong><\/p>\n<p>Ka\u017ed\u00fd z porotc\u016f obdr\u017eel od PR mana\u017eera SDA Petra Hor\u00e1ka <span lang=\"CS\"> hlasovac\u00ed l\u00edstek pro 2. kolo volby. Jedn\u00e1 se o interaktivn\u00ed PDF formul\u00e1\u0159, proto organiz\u00e1to\u0159i\u00a0 preferuj\u00ed jeho vypln\u011bn\u00ed na po\u010d\u00edta\u010di. Porotci rozd\u011bluj\u00ed celkem 25 bod\u016f.<br \/>\n<\/span><\/p>\n<p class=\"xmprfx_MsoNormal\"><span lang=\"CS\">Nejl\u00e9pe hodnocen\u00fd v\u016fz od v\u00e1s obdr\u017e\u00ed nejvy\u0161\u0161\u00ed po\u010det bod\u016f (max. v\u0161ak 10). P\u0159itom je nezbytn\u00e9 rozd\u011blit 25 bod\u016f alespo\u0148 mezi 5 vozidel a nejvy\u0161\u0161\u00ed hodnocen\u00ed nesm\u00ed b\u00fdt p\u0159id\u011bleno v\u00edce voz\u016fm. S ohledem na leto\u0161n\u00edch \u0161est finalist\u016f tak m\u016f\u017ee, ale nemus\u00ed b\u00fdt p\u0159id\u011bleno jednomu z nich i 0 bod\u016f.<\/span><\/p>\n<p class=\"xmprfx_MsoNormal\"><span lang=\"CS\">Od\u016fvodn\u011bn\u00ed volby je d\u016fle\u017eitou sou\u010d\u00e1st\u00ed a m\u011blo by vystihovat konkr\u00e9tn\u00ed d\u016fvody hodnocen\u00ed u ka\u017ed\u00e9ho vozu.<\/span><\/p>\n<p><strong>Finalist\u00e9 ankety Auto roku 2023 v \u010cesk\u00e9 republice (v abecedn\u00edm po\u0159ad\u00ed<\/strong>):<\/p>\n<p>BMW X1<br \/>\nFord Ranger<br \/>\nHonda Civic<br \/>\nPeugeot 408<br \/>\nRenault Megane E-Tech<br \/>\nVolkswagen ID. Buzz<\/p>\n<figure id=\"attachment_13857\" aria-describedby=\"caption-attachment-13857\" style=\"width: 1024px\" class=\"wp-caption alignnone\"><img loading=\"lazy\" decoding=\"async\" class=\"size-large wp-image-13857\" src=\"http:\/\/www.automakersnews.cz\/wp-content\/uploads\/2023\/01\/Auto-roku-2023-Certousy-Hyan-1024x768.jpg\" alt=\"\" width=\"1024\" height=\"768\" \/><figcaption id=\"caption-attachment-13857\" class=\"wp-caption-text\">Na regul\u00e9rnost hlasov\u00e1n\u00ed dohl\u00e9dnel p\u0159edseda odborn\u00e9 poroty Tom\u00e1\u0161 Hyan<\/figcaption><\/figure>\n","protected":false},"excerpt":{"rendered":"<div class=\"mh-excerpt\"><p>Odborn\u00e1 novin\u00e1\u0159sk\u00e1 porota vybrala \u0161est voz\u016f, kter\u00e9 postupuj\u00ed do druh\u00e9ho kola a utkaj\u00ed se o titul Auto roku 2023 v \u010cesk\u00e9 republice. Fin\u00e1ln\u00ed term\u00edn pro <a class=\"mh-excerpt-more\" href=\"https:\/\/www.automakersnews.cz\/index.php\/2023\/01\/27\/porota-hlasuje-do-patku-27-ledna\/\" title=\"Auto roku 2023: kon\u010d\u00ed hlasov\u00e1n\u00ed 2. kola\">[&#8230;]<\/a><\/p>\n<\/div>","protected":false},"author":1,"featured_media":16477,"comment_status":"open","ping_status":"open","sticky":false,"template":"","format":"standard","meta":{"footnotes":""},"categories":[7,49],"tags":[],"class_list":["post-17148","post","type-post","status-publish","format-standard","has-post-thumbnail","hentry","category-ankety","category-novinari"],"_links":{"self":[{"href":"https:\/\/www.automakersnews.cz\/index.php\/wp-json\/wp\/v2\/posts\/17148","targetHints":{"allow":["GET"]}}],"collection":[{"href":"https:\/\/www.automakersnews.cz\/index.php\/wp-json\/wp\/v2\/posts"}],"about":[{"href":"https:\/\/www.automakersnews.cz\/index.php\/wp-json\/wp\/v2\/types\/post"}],"author":[{"embeddable":true,"href":"https:\/\/www.automakersnews.cz\/index.php\/wp-json\/wp\/v2\/users\/1"}],"replies":[{"embeddable":true,"href":"https:\/\/www.automakersnews.cz\/index.php\/wp-json\/wp\/v2\/comments?post=17148"}],"version-history":[{"count":0,"href":"https:\/\/www.automakersnews.cz\/index.php\/wp-json\/wp\/v2\/posts\/17148\/revisions"}],"wp:featuredmedia":[{"embeddable":true,"href":"https:\/\/www.automakersnews.cz\/index.php\/wp-json\/wp\/v2\/media\/16477"}],"wp:attachment":[{"href":"https:\/\/www.automakersnews.cz\/index.php\/wp-json\/wp\/v2\/media?parent=17148"}],"wp:term":[{"taxonomy":"category","embeddable":true,"href":"https:\/\/www.automakersnews.cz\/index.php\/wp-json\/wp\/v2\/categories?post=17148"},{"taxonomy":"post_tag","embeddable":true,"href":"https:\/\/www.automakersnews.cz\/index.php\/wp-json\/wp\/v2\/tags?post=17148"}],"curies":[{"name":"wp","href":"https:\/\/api.w.org\/{rel}","templated":true}]}}