{"id":17153,"date":"2023-01-27T12:46:34","date_gmt":"2023-01-27T12:46:34","guid":{"rendered":"https:\/\/www.automakersnews.cz\/?p=17153"},"modified":"2023-01-27T12:47:17","modified_gmt":"2023-01-27T12:47:17","slug":"porsche-partnerem-mol-pro-elektromobilitu","status":"publish","type":"post","link":"https:\/\/www.automakersnews.cz\/index.php\/2023\/01\/27\/porsche-partnerem-mol-pro-elektromobilitu\/","title":{"rendered":"Porsche partnerem MOL pro elektromobilitu"},"content":{"rendered":"<p align=\"JUSTIFY\"><strong><span lang=\"cs-CZ\">Provozovatel druh\u00e9 nej\u0161ir\u0161\u00ed s\u00edt\u011b servisn\u00edch stanic v \u010cesku MOL nav\u00e1zal strategick\u00e9 partnerstv\u00ed v oblasti elektromobility s Porsche Inter Auto CZ. Spolupr\u00e1ci, kter\u00e1 se osv\u011bd\u010dila ji\u017e na n\u011bkolika evropsk\u00fdch trz\u00edch, odstartuje podporu ve form\u011b voucher\u016f na nab\u00edjen\u00ed zdarma pro \u0159idi\u010de Taycan\u016f.<\/span><\/strong><!--more--><\/p>\n<p align=\"JUSTIFY\"><span lang=\"cs-CZ\"> Podobn\u00e1 partnerstv\u00ed, jako mezi MOL a Porsche, nab\u00fdvaj\u00ed na v\u00fdznamu i proto, \u017ee pouze podle 7 % osloven\u00fdch \u0159idi\u010d\u016f je s\u00ed\u0165 dob\u00edjec\u00edch stanic dostate\u010dn\u011b rozs\u00e1hl\u00e1. Pouze 15 % respondent\u016f m\u00e1 mo\u017enost doma instalovat za\u0159\u00edzen\u00ed pro dob\u00edjen\u00ed a jen 39 % m\u00e1 alespo\u0148 jednu stanici ve sv\u00e9m okol\u00ed.<\/span><\/p>\n<p align=\"JUSTIFY\"><span style=\"font-family: Arial, serif;\"><span style=\"font-size: medium;\"><span lang=\"cs-CZ\">Elektromobilita samotn\u00e1 v\u00a0tuzemsku nach\u00e1z\u00ed \u010d\u00edm d\u00e1l v\u00edce p\u0159\u00edznivc\u016f. Vypl\u00fdv\u00e1 to z\u00a0pr\u016fzkumu spole\u010dnosti MOL, zpracovan\u00e9m p\u0159i p\u0159\u00edle\u017eitosti zah\u00e1jen\u00ed spolupr\u00e1ce se spole\u010dnost\u00ed Porsche. Podle pr\u016fzkumu cel\u00fdch 58 % \u0159idi\u010d\u016f p\u0159i v\u00fdb\u011bru nov\u00e9ho automobilu mo\u017enosti elektromobility zohled\u0148uje. Ka\u017ed\u00fd sedm\u00fd u\u017e po\u0159\u00edzen\u00ed elektromobilu dokonce s\u00e1m zva\u017euje. Optimismus jim nechyb\u00ed ani v\u00a0p\u0159\u00edpad\u011b, \u017ee maj\u00ed odhadnout jejich budoucnost \u2013 42 % je p\u0159esv\u011bd\u010deno, \u017ee elektromobily ty konvek\u010dn\u00ed jednou nahrad\u00ed. Kategoricky toto tvrzen\u00ed p\u0159itom odm\u00edt\u00e1 pouze \u010dtvrtina z\u00a0dotazovan\u00fdch. <\/span><\/span><\/span><\/p>\n<p align=\"JUSTIFY\"><span style=\"font-family: Arial, serif;\"><span style=\"font-size: medium;\"><span lang=\"cs-CZ\">Nez\u00e1visl\u00fd pr\u016fzkum, realizovan\u00fd prost\u0159ednictv\u00edm aplikace Instant Research agentury Ipsos na reprezentativn\u00edm vzorku 500 \u0159idi\u010d\u016f skupiny B, se motorist\u016f mimo jin\u00e9 ptal i na to, jak dlouh\u00e1 je podle nich ide\u00e1ln\u00ed doba nab\u00edjen\u00ed automobilu.<\/span><\/span><\/span><i> <\/i><span style=\"font-family: Arial, serif;\"><span style=\"font-size: medium;\"><span lang=\"cs-CZ\">Zat\u00edmco alespo\u0148 deset minut je ochotno vy\u010dkat 70 % \u0159idi\u010d\u016f, dvakr\u00e1t del\u0161\u00ed doba je akceptovateln\u00e1 u\u017e jen pro ka\u017ed\u00e9ho des\u00e1t\u00e9ho. <\/span><\/span><\/span><\/p>\n<p align=\"JUSTIFY\"><span style=\"font-family: Arial, serif;\"><span style=\"font-size: medium;\"><span lang=\"cs-CZ\">Co na elektromobilit\u011b respondenty l\u00e1k\u00e1? Nej\u010dast\u011bji zmi\u0148uj\u00ed \u0161etrnost k\u00a0\u017eivotn\u00edmu prost\u0159ed\u00ed a n\u00edzkou hlu\u010dnost. P\u011btina respondent\u016f nav\u00edc vn\u00edm\u00e1 elektromobilitu jako mo\u017enost, jak za sou\u010dasn\u00e9 situace u\u0161et\u0159it na pohonn\u00fdch hmot\u00e1ch. Odrazuje je naopak vy\u0161\u0161\u00ed po\u0159izovac\u00ed cena, obavy z\u00a0likvidace bateri\u00ed a zmi\u0148ovan\u00fd stav dob\u00edjec\u00ed s\u00edt\u011b. <\/span><\/span><\/span><\/p>\n<p align=\"JUSTIFY\"><span style=\"font-family: Arial, serif;\"><span style=\"font-size: medium;\"><span lang=\"cs-CZ\"><b>Dob\u00edjen\u00ed jako z\u00e1\u017eitek<\/b><\/span><\/span><\/span><\/p>\n<p align=\"JUSTIFY\"><span style=\"font-family: Arial, serif;\"><span style=\"font-size: medium;\"><span lang=\"cs-CZ\">Ruku v\u00a0ruce s\u00a0roz\u0161i\u0159ov\u00e1n\u00edm dob\u00edjec\u00ed s\u00edt\u011b jde i zkvalit\u0148ov\u00e1n\u00ed komfortu b\u011bhem samotn\u00e9ho dob\u00edjen\u00ed. <\/span><\/span><\/span><span style=\"font-family: Arial, serif;\"><span style=\"font-size: medium;\"><span lang=\"cs-CZ\"><i>\u201eNavzdory tomu, \u017ee se doba pot\u0159ebn\u00e1 pro nab\u00edjen\u00ed neust\u00e1le zkracuje, \u0159idi\u010di rozhodn\u011b netou\u017e\u00ed po tom \u010das promrhat. Podle na\u0161eho nejnov\u011bj\u0161\u00edho pr\u016fzkumu o\u010dek\u00e1vaj\u00ed t\u0159i \u010dtvrtiny z nich mo\u017enost vyu\u017e\u00edt relaxa\u010dn\u00edho koutku, kde si mohou v\u00a0klidu p\u0159e\u010d\u00edst zpr\u00e1vy, odpov\u011bd\u011bt na e-maily nebo si zkr\u00e1tka jen odpo\u010dinou. D\u016fle\u017eit\u00e1 je i p\u0159\u00edle\u017eitost dob\u0159e a kvalitn\u011b se naj\u00edst, bez kter\u00e9 si dob\u00edjen\u00ed neum\u00ed p\u0159edstavit 41 % dot\u00e1zan\u00fdch,\u201c<\/i><\/span><\/span><\/span><span style=\"font-family: Arial, serif;\"><span style=\"font-size: medium;\"><span lang=\"cs-CZ\"> vyjmenov\u00e1v\u00e1 Jan Semot\u00e1n, \u0159editel maloobchodu MOL.<\/span><\/span><\/span><\/p>\n<p align=\"JUSTIFY\"><span style=\"font-family: Arial, serif;\"><span style=\"font-size: medium;\"><span lang=\"cs-CZ\"><i>Dle na\u0161ich zji\u0161t\u011bn\u00ed nen\u00ed probl\u00e9mem elektromobil\u016f dojezd (Taycan zvl\u00e1dne a\u017e 611 km) ale sp\u00ed\u0161 ve\u0159ejn\u00e9 nab\u00edjen\u00ed. Na\u0161im z\u00e1kazn\u00edk\u016fm, kte\u0159\u00ed se rozhodli pro elektromobilitu, se sna\u017e\u00edme vych\u00e1zet maxim\u00e1ln\u011b vst\u0159\u00edc. Krom\u011b vlastn\u00ed s\u00edt\u011b hypercharger\u016f \u010di nab\u00edje\u010dek Ionity usilujeme o co nej\u0161ir\u0161\u00ed pokryt\u00ed a usnadn\u011bn\u00ed nab\u00edjen\u00ed. Proto jsme se spojili se spole\u010dnost\u00ed MOL, v\u00a0jejich\u017e s\u00edti pak dok\u00e1\u017eete elektrick\u00e9 Porsche Taycan nab\u00edt komfortn\u011bji. Krom\u011b voucheru na\u0161im z\u00e1kazn\u00edk\u016fm ve spolupr\u00e1ci s\u00a0MOLem nab\u00edz\u00edme rovn\u011b\u017e speci\u00e1ln\u00ed m\u00edsto uvnit\u0159 \u010derpac\u00ed stanice, kde m\u016f\u017eou u \u0161\u00e1lku dobr\u00e9 k\u00e1vy z\u00a0Fresh Corneru zdarma, po\u010dkat na dobit\u00ed bateri\u00ed sv\u00e9ho elektrick\u00e9ho Porsche,\u201c <\/i><\/span><\/span><\/span><span style=\"font-family: Arial, serif;\"><span style=\"font-size: medium;\"><span lang=\"cs-CZ\">vysv\u011btluje Jan Sedl\u00e1\u010dek, \u0159editel importu zna\u010dky Porsche do \u010cR.<\/span><\/span><\/span><\/p>\n<p align=\"JUSTIFY\"><span style=\"font-family: Arial, serif;\"><span style=\"font-size: medium;\"><span lang=\"cs-CZ\">Prvn\u00ed akce ve spolupr\u00e1ci obou zna\u010dek pot\u011b\u0161\u00ed pr\u00e1v\u011b p\u0159\u00edznivce automobil\u016f Porsche. Od 20. ledna 2023 do ukon\u010den\u00ed akce mohou vyu\u017e\u00edt voucher na dobit\u00ed sv\u00fdch voz\u016f na servisn\u00edch stanic\u00edch MOL pr\u00e1v\u011b \u0159idi\u010di Porsche Taycan, prvn\u00edho pln\u011b elektrick\u00e9ho vozu z\u00a0d\u00edlny n\u011bmeck\u00e9 automobilky. V\u00a0p\u0159\u00edjemn\u00e9m prost\u0159ed\u00ed si nav\u00edc mohou bezplatn\u011b vychutnat i kvalitn\u00ed k\u00e1vu z Fresh Corner. <\/span><\/span><\/span><\/p>\n<p align=\"JUSTIFY\"><strong>V nab\u00eddce je 28 stojan\u016f<\/strong><\/p>\n<p align=\"JUSTIFY\"><span style=\"font-family: Arial, serif;\"><span style=\"font-size: medium;\"><span lang=\"cs-CZ\">S\u00ed\u0165 dob\u00edjec\u00edch stanic MOL aktu\u00e1ln\u011b \u010d\u00edt\u00e1 28 dob\u00edjec\u00edch stojan\u016f na 26 servisn\u00edch stanic\u00edch. Jejich po\u010det pl\u00e1nuje spole\u010dnost d\u00e1le roz\u0161i\u0159ovat \u2013 do roku 2030 by jich m\u011blo vzniknout p\u0159ibli\u017en\u011b 500. Prost\u0159ednictv\u00edm mobiln\u00ed aplikace MOL Plugee nav\u00edc umo\u017e\u0148uje z\u00e1kazn\u00edk\u016fm ovl\u00e1dat dob\u00edjec\u00ed stanici zcela samostatn\u011b a zaplatit za dob\u00edjen\u00ed bez nutnosti asistence obsluhy. Nab\u00edjen\u00ed zaplat\u00ed jednodu\u0161e p\u0159es svou mobiln\u00ed aplikaci nebo webov\u00e9 rozhran\u00ed.<\/span><\/span><\/span><\/p>\n","protected":false},"excerpt":{"rendered":"<div class=\"mh-excerpt\"><p>Provozovatel druh\u00e9 nej\u0161ir\u0161\u00ed s\u00edt\u011b servisn\u00edch stanic v \u010cesku MOL nav\u00e1zal strategick\u00e9 partnerstv\u00ed v oblasti elektromobility s Porsche Inter Auto CZ. Spolupr\u00e1ci, kter\u00e1 se osv\u011bd\u010dila ji\u017e <a class=\"mh-excerpt-more\" href=\"https:\/\/www.automakersnews.cz\/index.php\/2023\/01\/27\/porsche-partnerem-mol-pro-elektromobilitu\/\" title=\"Porsche partnerem MOL pro elektromobilitu\">[&#8230;]<\/a><\/p>\n<\/div>","protected":false},"author":1,"featured_media":17154,"comment_status":"open","ping_status":"open","sticky":false,"template":"","format":"standard","meta":{"footnotes":""},"categories":[22],"tags":[],"class_list":["post-17153","post","type-post","status-publish","format-standard","has-post-thumbnail","hentry","category-elektromobily"],"_links":{"self":[{"href":"https:\/\/www.automakersnews.cz\/index.php\/wp-json\/wp\/v2\/posts\/17153","targetHints":{"allow":["GET"]}}],"collection":[{"href":"https:\/\/www.automakersnews.cz\/index.php\/wp-json\/wp\/v2\/posts"}],"about":[{"href":"https:\/\/www.automakersnews.cz\/index.php\/wp-json\/wp\/v2\/types\/post"}],"author":[{"embeddable":true,"href":"https:\/\/www.automakersnews.cz\/index.php\/wp-json\/wp\/v2\/users\/1"}],"replies":[{"embeddable":true,"href":"https:\/\/www.automakersnews.cz\/index.php\/wp-json\/wp\/v2\/comments?post=17153"}],"version-history":[{"count":0,"href":"https:\/\/www.automakersnews.cz\/index.php\/wp-json\/wp\/v2\/posts\/17153\/revisions"}],"wp:featuredmedia":[{"embeddable":true,"href":"https:\/\/www.automakersnews.cz\/index.php\/wp-json\/wp\/v2\/media\/17154"}],"wp:attachment":[{"href":"https:\/\/www.automakersnews.cz\/index.php\/wp-json\/wp\/v2\/media?parent=17153"}],"wp:term":[{"taxonomy":"category","embeddable":true,"href":"https:\/\/www.automakersnews.cz\/index.php\/wp-json\/wp\/v2\/categories?post=17153"},{"taxonomy":"post_tag","embeddable":true,"href":"https:\/\/www.automakersnews.cz\/index.php\/wp-json\/wp\/v2\/tags?post=17153"}],"curies":[{"name":"wp","href":"https:\/\/api.w.org\/{rel}","templated":true}]}}