{"id":175,"date":"2022-07-20T13:54:04","date_gmt":"2022-07-20T13:54:04","guid":{"rendered":"http:\/\/www.automakersnews.cz\/?p=175"},"modified":"2022-07-20T13:56:48","modified_gmt":"2022-07-20T13:56:48","slug":"jahn-vyroba-aut-dohani-mezirocni-ztraty","status":"publish","type":"post","link":"https:\/\/www.automakersnews.cz\/index.php\/2022\/07\/20\/jahn-vyroba-aut-dohani-mezirocni-ztraty\/","title":{"rendered":"AutoSAP: v\u00fdroba aut doh\u00e1n\u00ed meziro\u010dn\u00ed ztr\u00e1ty"},"content":{"rendered":"<p><span style=\"font-size: small;\"><b>Tuzemsk\u00e9 automobilky d\u00edky zv\u00fd\u0161en\u00e9 kv\u011btnov\u00e9 a \u010dervnov\u00e9 produkci umazaly dvojcifern\u00fd meziro\u010dn\u00ed pokles. Mezi lednem a \u010dervnem tohoto roku bylo vyrobeno 606\u00a0909 osobn\u00edch automobil\u016f, tj. o 8,5 procenta m\u00e9n\u011b ne\u017e v\u00a0roce 2021. V\u00a0samotn\u00e9m \u010dervnu bylo v\u00a0\u010cR vyrobeno 125\u00a0374 automobil\u016f, tedy o\u00a021,6 procenta meziro\u010dn\u011b v\u00edce. <\/b><\/span><!--more--><\/p>\n<p><span style=\"font-size: small;\">Da\u0159ilo se tak\u00e9 v\u00fdrobc\u016fm v\u00a0ostatn\u00edch segmentech. V\u00a0prvn\u00edm pololet\u00ed bylo vyrobeno 2\u00a0625 autobus\u016f (+ 12,8 %), 1\u00a0130 motocykl\u016f (+ 102,5 %) a 653 n\u00e1kladn\u00edch vozidel (+\u00a021,4\u00a0%). V\u00edce ne\u017e desetinu tuzemsk\u00e9 produkce motorov\u00fdch vozidel tvo\u0159\u00ed vozidla s\u00a0elektrick\u00fdm pohonem. T\u011bch bylo celkov\u011b vyrobeno 63\u00a0985 ks, v\u010detn\u011b 33 elektrobus\u016f.<\/span><\/p>\n<p>\u201e<span style=\"font-size: small;\"><i>Je dobrou zpr\u00e1vou, \u017ee se \u010desk\u00fd automobilov\u00fd pr\u016fmysl ve druh\u00e9m \u010dtvrtlet\u00ed alespo\u0148 trochu nadechl. Na\u00a0celkov\u00e9 produkci se projevilo zlep\u0161en\u00ed situace v\u00a0dodavatelsko-odb\u011bratelsk\u00fdch \u0159et\u011bzc\u00edch &#8211; p\u0159edev\u0161\u00edm na\u00a0trhu s\u00a0polovodi\u010dov\u00fdmi \u010dipy &#8211; i\u00a0flexibiln\u00ed reakce v\u011bt\u0161iny v\u00fdrobc\u016f p\u0159i zaji\u0161\u0165ov\u00e1n\u00ed dod\u00e1vek surovin a d\u00edl\u016f p\u0159eru\u0161en\u00fdch po vp\u00e1du rusk\u00fdch vojsk na Ukrajinu. St\u00e1le ale mus\u00edme brzdit p\u0159ehnan\u00fd optimismus. P\u0159edev\u0161\u00edm v\u00a0souvislosti s\u00a0covidov\u00fdmi opat\u0159en\u00edmi v\u00a0\u010c\u00edn\u011b panuje na trz\u00edch nejistota z\u00a0dal\u0161\u00edho v\u00fdvoje a z\u00a0toho, \u017ee by se tamn\u00ed uz\u00e1v\u011bry v\u00a0okol\u00ed \u0160anghaje mohly v\u00a0dal\u0161\u00edm pr\u016fb\u011bhu roku projevit i do tuzemsk\u00e9 produkce. Dal\u0161\u00ed ot\u00e1zkou pak je samoz\u0159ejm\u011b zaji\u0161t\u011bn\u00ed dod\u00e1vek plynu a dal\u0161\u00ed faktory spojen\u00e9 s\u00a0napjatou geopolitickou situac\u00ed<\/i><\/span><span style=\"font-size: small;\">,\u201c komentuje dosavadn\u00ed v\u00fdvoj <\/span><span style=\"font-size: small;\"><b>Martin Jahn, prezident Sdru\u017een\u00ed automobilov\u00e9ho pr\u016fmyslu<\/b><\/span><span style=\"font-size: small;\">. \u201e<\/span><span style=\"font-size: small;\"><i>A\u010dkoliv jsme mohli v\u00a0polovin\u011b roku zpravidla odhadovat celoro\u010dn\u00ed v\u00fdvoj v\u00fdroby v autopr\u016fmyslu, v\u00a0leto\u0161n\u00edm roce je to vzhledem k\u00a0cel\u00e9 \u0159ad\u011b negativn\u00edch vliv\u016f prakticky nemo\u017en\u00e9<\/i><\/span><span style=\"font-size: small;\">,\u201c dod\u00e1v\u00e1 Martin Jahn.<\/span><\/p>\n<p><span style=\"color: #c00000;\"><span style=\"font-size: small;\"><b>Osobn\u00ed vozidla<\/b><\/span><\/span><\/p>\n<p><span style=\"font-size: small;\">V\u00a0prvn\u00ed polovin\u011b tohoto roku bylo v\u00a0tuzemsk\u00fdch z\u00e1vodech vyrobeno celkov\u011b 606\u00a0909 osobn\u00edch automobil\u016f. To je o 8,5 procenta m\u00e9n\u011b ne\u017e v\u00a0prvn\u00ed polovin\u011b roku 2021. Oproti prvn\u00edmu \u010dtvrtlet\u00ed se tak v\u00fdrobc\u016fm poda\u0159ilo sn\u00ed\u017eit meziro\u010dn\u00ed pokles o v\u00edce ne\u017e deset procentn\u00edch bod\u016f. P\u0159isp\u011bl k\u00a0tomu n\u00e1r\u016fst produkce v\u00a0posledn\u00edch dvou m\u011bs\u00edc\u00edch, ve kter\u00fdch automobilky vyr\u00e1b\u011bly v objemu na \u00farovni p\u0159edkrizov\u00fdch let. V\u00a0samotn\u00e9m \u010dervnu bylo vyrobeno 125\u00a0374 automobil\u016f (+ 21,6 %). <\/span><\/p>\n<p><span style=\"font-size: small;\">Z\u00a0pohledu um\u00edst\u011bn\u00ed produkce se v\u00fdrobc\u016fm da\u0159ilo l\u00e9pe plnit popt\u00e1vku p\u0159edev\u0161\u00edm na exportn\u00edch trz\u00edch. P\u0159esto bylo oproti prvn\u00edmu pololet\u00ed 2021 v\u00a0roce 2022 exportov\u00e1no o 7,9 % vozidel m\u00e9n\u011b, na tuzemsk\u00e9m trhu bylo um\u00edst\u011bno o 15,8\u00a0% vozidel m\u00e9n\u011b. Oproti prvn\u00edmi \u010dtvrlet\u00ed se tak meziro\u010dn\u00ed trend oto\u010dil (export \u2013\u00a020,1\u00a0%, tuzemsk\u00fd prodej \u2013 5,0 %).<\/span><\/p>\n<p><span style=\"font-size: small;\">Nejv\u011bt\u0161\u00ed tuzemsk\u00e1 automobilka, \u0160KODA AUTO, vyrobila v\u00a0prvn\u00edm pololet\u00ed ve sv\u00fdch tuzemsk\u00fdch z\u00e1vodech 351\u00a0006 osobn\u00edch automobil\u016f (- 16,6 %), z\u00a0toho jen v\u00a0\u010dervnu 71\u00a0351 voz\u016f (+ 28,2 %). Elektrick\u00fdch voz\u016f (bateriov\u00fdch BEV a plug-in hybridn\u00edch PHEV) vyrobila \u0160KODA 33\u00a0903 ks, tj.\u00a09,7\u00a0procenta z\u00a0celkov\u00e9 produkce. V\u00edce ne\u017e t\u0159i \u010dtvrtiny z\u00a0nich tvo\u0159\u00ed elektromobily.<\/span><\/p>\n<p><span style=\"font-size: small;\">No\u0161ovick\u00fd z\u00e1vod automobilky Hyundai pokra\u010duje v\u00a0r\u016fstov\u00e9m trendu. V\u00a0dosavadn\u00edm pr\u016fb\u011bhu roku vyrobil celkov\u011b 166\u00a0800 osobn\u00edch automobil\u016f, tj. o 17,1 procent v\u00edce ne\u017e v\u00a0prvn\u00edm pololet\u00ed lo\u0148sk\u00e9ho roku. Tak\u00e9 v\u00a0\u010dervnu byla produkce meziro\u010dn\u011b v\u00fdrazn\u011b vy\u0161\u0161\u00ed, kdy\u017e bylo vyrobeno 31\u00a0999 vozidel (+\u00a022,6 %). Z\u00a0celkov\u00e9ho po\u010dtu vozidel m\u011blo 14\u00a0818 ks \u010dist\u011b elektrick\u00fd a 15\u00a0231 ks plug-in hybridn\u00ed pohon a celkov\u011b tak elektrick\u00e9 vozy tvo\u0159ily v\u00edce ne\u017e 18,0 procent celkov\u00e9 produkce.<\/span><\/p>\n<p><span style=\"font-size: small;\">Tak\u00e9 v\u00a0kol\u00ednsk\u00e9 Toyot\u011b byla \u010dervnov\u00e1 v\u00fdroba meziro\u010dn\u011b vy\u0161\u0161\u00ed. Vyrobeno bylo 22\u00a0024 automobil\u016f, tj.\u00a0o\u00a03,3\u00a0procenta v\u00edce ne\u017e v\u00a0\u010dervnu 2021. Celkov\u011b v\u00a0prvn\u00edm pololet\u00ed Toyota vyrobila 89\u00a0103 vozidel (-\u00a010,7\u00a0%). Polovinu produkce tvo\u0159\u00ed hybridn\u00ed vozy.<\/span><\/p>\n<p><span style=\"color: #c00000;\"><span style=\"font-size: small;\"><b>Autobusy<\/b><\/span><\/span><\/p>\n<p><span style=\"font-size: small;\">V\u00a0prvn\u00edm pololet\u00ed bylo v\u00a0\u010cesku vyrobeno 2 625 autobus\u016f (+ 12,8 %), 2\u00a0071 autobus\u016f bylo exportov\u00e1no (+\u00a05,7\u00a0%), zbyl\u00fdch 464 autobus\u016f bylo ur\u010deno pro tuzemsk\u00fd trh (+ 37,7 %).<\/span><\/p>\n<p><span style=\"font-size: small;\">Ve vysokom\u00fdtsk\u00e9m IVECO CR bylo vyrobeno 2 326 autobus\u016f, tedy o 10,1 % v\u00edce ne\u017e v\u00a0lo\u0148sk\u00e9m roce. SOR\u00a0Libchavy dok\u00e1zal v\u00a0prvn\u00edm pololet\u00ed tohoto roku vyrobit 274 autobus\u016f, tj. o 33,7 procenta v\u00edce ne\u017e vloni. Devaten\u00e1ct autobus\u016f zna\u010dky m\u00e1 elektrick\u00fd pohon (tj. pod\u00edl 6,9 %). \u0160KODA Electric vyrobila v\u00a0prvn\u00edm \u010dtvrtlet\u00ed 14 elektrobus\u016f a v\u00fdrobce KHMC 11 autobus\u016f (+ 22,2 %).<\/span><\/p>\n<p><span style=\"color: #c00000;\"><span style=\"font-size: small;\"><b>N\u00e1kladn\u00ed vozidla<\/b><\/span><\/span><\/p>\n<p><span style=\"font-size: small;\">Spole\u010dnost TATRA Trucks, kter\u00e1 je mezi \u010dleny Sdru\u017een\u00ed automobilov\u00e9ho pr\u016fmyslu jedin\u00fdm v\u00fdrobcem n\u00e1kladn\u00edch vozidel, vyrobila v\u00a0prvn\u00edm pololet\u00ed tohoto roku 653 vozidel, tedy o 115 ks v\u00edce ne\u017e ve\u00a0stejn\u00e9m obdob\u00ed lo\u0148sk\u00e9ho roku (tj. + 21,4 %). Produkce Tatry je t\u00e9m\u011b\u0159 rovnom\u011brn\u011b rozd\u011blena mezi tuzemsk\u00fd trh (302\u00a0ks, meziro\u010dn\u011b + 89,9 %) a export (288, meziro\u010dn\u011b &#8211; 22,8, %).<\/span><\/p>\n<p><span style=\"color: #c00000;\"><span style=\"font-size: small;\"><b>Motocykly<\/b><\/span><\/span><\/p>\n<p><span style=\"font-size: small;\">Tak\u00e9 v\u00fdrobce JAWA Moto je nad\u00e1le \u00fasp\u011b\u0161n\u00e1. V\u00a0prvn\u00edm pololet\u00ed vyrobila u\u017e 1\u00a0130 motocykl\u016f (+\u00a0102,5\u00a0%). Da\u0159ilo se mu jak na \u010desk\u00e9m trhu (730 ks \/ + 59,7 %), tak v\u00a0exportu (400 ks \/ + 296,0 %).<\/span><\/p>\n<p><span style=\"color: #c00000;\"><span style=\"font-size: small;\"><b>P\u0159\u00edpojn\u00e1 vozidla<\/b><\/span><\/span><\/p>\n<p><span style=\"font-size: small;\">Naopak segment p\u0159\u00edpojn\u00fdch vozidel zaznamenal v\u00a0celkov\u00e9m sou\u010dtu pokles. Mezi lednem a \u010dervnem bylo vyrobeno celkov\u011b 13 714 p\u0159\u00edv\u011bs\u016f a n\u00e1v\u011bs\u016f v\u0161ech velikost\u00ed, tj. o 3\u00a0385 ks m\u00e9n\u011b ne\u017e vloni (-\u00a019,8\u00a0%). Z\u00a0pohledu objemu obstarala v\u011bt\u0161inu produkce spole\u010dnost Agados, kter\u00e1 se specializuje na mal\u00e9 p\u0159\u00edv\u011bsy do 3,5t. T\u011bch vyrobila 12 433 ks (-\u00a022,0 %), v\u00a0\u010cesku jich prodala 6\u00a0934 ks (- 31,2 %) a v\u00a0zahrani\u010d\u00ed pak 5 133 ks (- 8,6 %).<\/span><\/p>\n<p><span style=\"font-size: small;\">Kategorie velk\u00fdch p\u0159\u00edv\u011bs\u016f a n\u00e1v\u011bs\u016f oproti tomu zaznamenala r\u016fst produkce o 11,1 procent. Schwarzm\u00fcller vyrobil 1 159 velk\u00fdch p\u0159\u00edpojn\u00fdch vozidel, tj. o 24,0 % v\u00edce ne\u017e vloni. Spole\u010dnost PANAV vyrobila 122\u00a0p\u0159\u00edv\u011bs\u016f a\u00a0n\u00e1v\u011bs\u016f (- 44,0 %). <\/span><\/p>\n","protected":false},"excerpt":{"rendered":"<div class=\"mh-excerpt\"><p>Tuzemsk\u00e9 automobilky d\u00edky zv\u00fd\u0161en\u00e9 kv\u011btnov\u00e9 a \u010dervnov\u00e9 produkci umazaly dvojcifern\u00fd meziro\u010dn\u00ed pokles. Mezi lednem a \u010dervnem tohoto roku bylo vyrobeno 606\u00a0909 osobn\u00edch automobil\u016f, tj. o <a class=\"mh-excerpt-more\" href=\"https:\/\/www.automakersnews.cz\/index.php\/2022\/07\/20\/jahn-vyroba-aut-dohani-mezirocni-ztraty\/\" title=\"AutoSAP: v\u00fdroba aut doh\u00e1n\u00ed meziro\u010dn\u00ed ztr\u00e1ty\">[&#8230;]<\/a><\/p>\n<\/div>","protected":false},"author":1,"featured_media":176,"comment_status":"open","ping_status":"open","sticky":false,"template":"","format":"standard","meta":{"footnotes":""},"categories":[2],"tags":[],"class_list":["post-175","post","type-post","status-publish","format-standard","has-post-thumbnail","hentry","category-news"],"_links":{"self":[{"href":"https:\/\/www.automakersnews.cz\/index.php\/wp-json\/wp\/v2\/posts\/175","targetHints":{"allow":["GET"]}}],"collection":[{"href":"https:\/\/www.automakersnews.cz\/index.php\/wp-json\/wp\/v2\/posts"}],"about":[{"href":"https:\/\/www.automakersnews.cz\/index.php\/wp-json\/wp\/v2\/types\/post"}],"author":[{"embeddable":true,"href":"https:\/\/www.automakersnews.cz\/index.php\/wp-json\/wp\/v2\/users\/1"}],"replies":[{"embeddable":true,"href":"https:\/\/www.automakersnews.cz\/index.php\/wp-json\/wp\/v2\/comments?post=175"}],"version-history":[{"count":0,"href":"https:\/\/www.automakersnews.cz\/index.php\/wp-json\/wp\/v2\/posts\/175\/revisions"}],"wp:featuredmedia":[{"embeddable":true,"href":"https:\/\/www.automakersnews.cz\/index.php\/wp-json\/wp\/v2\/media\/176"}],"wp:attachment":[{"href":"https:\/\/www.automakersnews.cz\/index.php\/wp-json\/wp\/v2\/media?parent=175"}],"wp:term":[{"taxonomy":"category","embeddable":true,"href":"https:\/\/www.automakersnews.cz\/index.php\/wp-json\/wp\/v2\/categories?post=175"},{"taxonomy":"post_tag","embeddable":true,"href":"https:\/\/www.automakersnews.cz\/index.php\/wp-json\/wp\/v2\/tags?post=175"}],"curies":[{"name":"wp","href":"https:\/\/api.w.org\/{rel}","templated":true}]}}