{"id":17804,"date":"2023-01-30T09:25:41","date_gmt":"2023-01-30T09:25:41","guid":{"rendered":"https:\/\/www.automakersnews.cz\/?p=17804"},"modified":"2023-01-30T09:26:16","modified_gmt":"2023-01-30T09:26:16","slug":"vw-kabane-nahradi-jako-sefa-designu-mindt","status":"publish","type":"post","link":"https:\/\/www.automakersnews.cz\/index.php\/2023\/01\/30\/vw-kabane-nahradi-jako-sefa-designu-mindt\/","title":{"rendered":"VW: \u0161\u00e9fa designu Kaban\u011b nahrad\u00ed Mindt"},"content":{"rendered":"<p><strong>Andreas Mindt, aktu\u00e1ln\u011b <span class=\"e5id0 advancedHighlight\" data-id=\"4\" data-classic=\"false\">\u0159editel<\/span>\u00a0designu zna\u010dky\u00a0<span class=\"e1id4 e4id0 advancedHighlight\" data-id=\"0\" data-classic=\"false\">Bentley<\/span>, p\u0159evezme od 1. \u00fanora 2023 veden\u00ed designu zna\u010dky\u00a0<span class=\"e1id0 e4id0 advancedHighlight SearchKeywordHighlight\" data-id=\"1\" data-classic=\"true\">Volkswagen<\/span>. V t\u00e9to funkci nahrad\u00ed\u00a0<span class=\"e2id0 advancedHighlight\" data-id=\"2\" data-classic=\"false\">Jozefa<\/span>\u00a0<span class=\"e2id0 advancedHighlight\" data-id=\"2\" data-classic=\"false\">Kaban\u011b<\/span>, kter\u00fd byl jmenov\u00e1n kreativn\u00edm um\u011bleck\u00fdm\u00a0<span class=\"e5id0 advancedHighlight\" data-id=\"4\" data-classic=\"false\">\u0159editelem<\/span>\u00a0zna\u010dky\u00a0a bude p\u0159\u00edm\u00fdm pod\u0159\u00edzen\u00fdm <span class=\"e5id1 advancedHighlight\" data-id=\"14\" data-classic=\"false\">\u010dlena<\/span>\u00a0p\u0159edstavenstva zna\u010dky\u00a0<span class=\"e1id0 e4id0 advancedHighlight SearchKeywordHighlight\" data-id=\"1\" data-classic=\"true\">Volkswagen<\/span>\u00a0odpov\u011bdn\u00e9ho za technick\u00fd v\u00fdvoj.<\/strong><!--more--><\/p>\n<p><span class=\"e2id0 advancedHighlight\" data-id=\"2\" data-classic=\"false\">Jozef<\/span>\u00a0<span class=\"e2id0 advancedHighlight\" data-id=\"2\" data-classic=\"false\">Kaba\u0148<\/span>\u00a0bude v r\u00e1mci sv\u00e9ho nov\u00e9ho pov\u011b\u0159en\u00ed p\u0159ipravovat pro zna\u010dku\u00a0<span class=\"e1id0 e4id0 advancedHighlight SearchKeywordHighlight\" data-id=\"1\" data-classic=\"true\">Volkswagen<\/span>\u00a0\u0159e\u0161en\u00ed budouc\u00ed mobility ve spolupr\u00e1ci se st\u0159ediskem\u00a0<span class=\"e1id2 e4id0 advancedHighlight SearchKeywordHighlight\" data-id=\"19\" data-classic=\"true\">Volkswagen<\/span>\u00a0<span class=\"e1id2 e4id0 advancedHighlight\" data-id=\"20\" data-classic=\"false\">Group<\/span>\u00a0Future Center Europe v\u00a0<span class=\"e0id1 advancedHighlight\" data-id=\"21\" data-classic=\"false\">Postupimi.<\/span><\/p>\n<p>Kai Gr\u00fcnitz,\u00a0<span class=\"e5id1 advancedHighlight\" data-id=\"14\" data-classic=\"false\">\u010dlen<\/span>\u00a0p\u0159edstavenstva zna\u010dky\u00a0<span class=\"e1id0 e4id0 advancedHighlight SearchKeywordHighlight\" data-id=\"1\" data-classic=\"true\">Volkswagen<\/span>\u00a0odpov\u011bdn\u00fd za technick\u00fd v\u00fdvoj: \u201e<span class=\"e2id0 advancedHighlight\" data-id=\"2\" data-classic=\"false\">Jozef<\/span>\u00a0<span class=\"e2id0 advancedHighlight\" data-id=\"2\" data-classic=\"false\">Kaba\u0148<\/span> jako \u0161\u00e9fdesign\u00e9r zna\u010dky <span class=\"e1id0 e4id0 advancedHighlight SearchKeywordHighlight\" data-id=\"1\" data-classic=\"true\">Volkswagen<\/span>\u00a0uk\u00e1zal, \u017ee design je v\u00edc ne\u017e jen tvarov\u00e9 \u0159e\u0161en\u00ed jednotliv\u00fdch model\u016f. Sv\u00fdm designov\u00fdm stylem ji\u017e v\u00fdznamn\u011b ovlivnil celou na\u0161i produktovou \u0159adu. Ve sv\u00e9 nov\u00e9 roli kreativn\u00edho um\u011bleck\u00e9ho\u00a0<span class=\"e5id0 advancedHighlight\" data-id=\"4\" data-classic=\"false\">\u0159editele<\/span>\u00a0bude \u00fazce spolupracovat se st\u0159ediskem Future Center v\u00a0<span class=\"e0id1 advancedHighlight\" data-id=\"21\" data-classic=\"false\">Postupimi<\/span>. Jm\u00e9nem p\u0159edstavenstva mu d\u011bkuji za jeho nad\u0161en\u00e9 p\u016fsoben\u00ed na pozici \u0161\u00e9fdesign\u00e9ra. Sou\u010dasn\u011b m\u00e1m radost, \u017ee se n\u00e1m v osob\u011b Andrease Mindta poda\u0159ilo pro na\u0161i zna\u010dku z\u00edskat uzn\u00e1van\u00e9ho design\u00e9ra z koncernu\u00a0<span class=\"e1id0 e4id0 advancedHighlight SearchKeywordHighlight\" data-id=\"1\" data-classic=\"true\">Volkswagen<\/span>\u00a0s mezin\u00e1rodn\u00edmi zku\u0161enostmi. Andreas Mindt bude utv\u00e1\u0159et designov\u00fd styl zna\u010dky\u00a0<span class=\"e1id0 e4id0 advancedHighlight SearchKeywordHighlight\" data-id=\"1\" data-classic=\"true\">Volkswagen<\/span>\u00a0v nadch\u00e1zej\u00edc\u00ed, rozhoduj\u00edc\u00ed f\u00e1zi transformace. T\u011b\u0161\u00edm se na vz\u00e1jemnou spolupr\u00e1ci.\u201c<\/p>\n<figure id=\"attachment_17833\" aria-describedby=\"caption-attachment-17833\" style=\"width: 299px\" class=\"wp-caption alignnone\"><img loading=\"lazy\" decoding=\"async\" class=\"size-full wp-image-17833\" src=\"http:\/\/www.automakersnews.cz\/wp-content\/uploads\/2023\/01\/Mindt.jpg\" alt=\"\" width=\"299\" height=\"168\" \/><figcaption id=\"caption-attachment-17833\" class=\"wp-caption-text\">Andreas Mindt<\/figcaption><\/figure>\n<p>Andreas Mindt zah\u00e1jil svou kari\u00e9ru v koncernu\u00a0<span class=\"e1id0 e4id0 advancedHighlight SearchKeywordHighlight\" data-id=\"1\" data-classic=\"true\">Volkswagen<\/span>\u00a0v roce 1996 po studiu designu na vysok\u00e9 odborn\u00e9 \u0161kole v\u00a0<span class=\"e0id2 advancedHighlight\" data-id=\"32\" data-classic=\"false\">Pforzheimu<\/span>. Do roku 2014 zauj\u00edmal r\u016fzn\u00e9 pozice u zna\u010dky\u00a0<span class=\"e1id0 e4id0 advancedHighlight SearchKeywordHighlight\" data-id=\"1\" data-classic=\"true\">Volkswagen<\/span>.<\/p>\n<p>P\u0159itom se pod\u00edlel mimo jin\u00e9 na designu prvn\u00ed generace modelu\u00a0<span class=\"e3id5 advancedHighlight\" data-id=\"34\" data-classic=\"false\">Tiguan<\/span>\u00a0a vn\u011bj\u0161\u00edm designu modelu\u00a0<span class=\"e3id2 advancedHighlight\" data-id=\"35\" data-classic=\"false\">Golf<\/span>\u00a07. V letech 2014 a\u017e 2021 nesl odpov\u011bdnost za nov\u00e9 sm\u011b\u0159ov\u00e1n\u00ed vn\u011bj\u0161\u00edho designu voz\u016f\u00a0<span class=\"e1id1 e4id0 advancedHighlight\" data-id=\"36\" data-classic=\"false\">Audi<\/span>: od\u00a0<span class=\"e3id3 advancedHighlight\" data-id=\"37\" data-classic=\"false\">Audi<\/span>\u00a0<span class=\"e3id3 advancedHighlight\" data-id=\"37\" data-classic=\"false\">A1<\/span>\u00a0a\u017e a od\u00a0<span class=\"e3id4 advancedHighlight\" data-id=\"39\" data-classic=\"false\">Audi<\/span>\u00a0<span class=\"e3id4 advancedHighlight\" data-id=\"39\" data-classic=\"false\">Q3<\/span>\u00a0a\u017e po\u00a0<span class=\"e3id0 advancedHighlight\" data-id=\"41\" data-classic=\"false\">Audi<\/span>\u00a0<span class=\"e3id0 advancedHighlight\" data-id=\"41\" data-classic=\"false\">Q8<\/span>. Od roku 2021 utv\u00e1\u0159el jako\u00a0<span class=\"e5id0 advancedHighlight\" data-id=\"4\" data-classic=\"false\">\u0159editel<\/span>\u00a0designu zna\u010dky\u00a0<span class=\"e1id4 e4id0 advancedHighlight\" data-id=\"0\" data-classic=\"false\">Bentley<\/span>\u00a0jej\u00ed nov\u00fd designov\u00fd styl, kter\u00fd byl p\u0159edstaven loni v l\u00e9t\u011b s modelem\u00a0<span class=\"e1id4 e4id0 advancedHighlight\" data-id=\"0\" data-classic=\"false\">Bentley<\/span>\u00a0<span class=\"e0id3 advancedHighlight\" data-id=\"46\" data-classic=\"false\">Batur<\/span>.<\/p>\n<p><span class=\"e2id0 advancedHighlight\" data-id=\"2\" data-classic=\"false\">Jozef<\/span>\u00a0<span class=\"e2id0 advancedHighlight\" data-id=\"2\" data-classic=\"false\">Kaba\u0148<\/span>\u00a0vystudoval produktov\u00fd a pr\u016fmyslov\u00fd design na\u00a0<span class=\"e1id5 advancedHighlight\" data-id=\"49\" data-classic=\"false\">Vysok\u00e9<\/span>\u00a0<span class=\"e1id5 advancedHighlight\" data-id=\"49\" data-classic=\"false\">\u0161kole<\/span>\u00a0<span class=\"e1id5 advancedHighlight\" data-id=\"49\" data-classic=\"false\">v\u00fdtvarn\u00fdch<\/span>\u00a0<span class=\"e1id5 advancedHighlight\" data-id=\"49\" data-classic=\"false\">um\u011bn\u00ed<\/span>\u00a0<span class=\"e1id5 advancedHighlight\" data-id=\"49\" data-classic=\"false\">v<\/span>\u00a0<span class=\"e1id5 advancedHighlight\" data-id=\"49\" data-classic=\"false\">Bratislav\u011b<\/span>\u00a0(<span class=\"e0id0 advancedHighlight\" data-id=\"55\" data-classic=\"false\">Slovensko<\/span>) a v roce 1997 z\u00edskal titul Master of Art v oboru automobilov\u00fd design na lond\u00fdnsk\u00e9\u00a0<span class=\"e1id3 advancedHighlight\" data-id=\"56\" data-classic=\"false\">Royal<\/span>\u00a0<span class=\"e1id3 advancedHighlight\" data-id=\"56\" data-classic=\"false\">College<\/span>\u00a0<span class=\"e1id3 advancedHighlight\" data-id=\"56\" data-classic=\"false\">of<\/span>\u00a0<span class=\"e1id3 advancedHighlight\" data-id=\"56\" data-classic=\"false\">Art<\/span>. V roce 2019 mu byl nav\u00edc ud\u011blen titul Dr. h. c. Ji\u017e v roce 1993 zah\u00e1jil svou kari\u00e9ru v design\u00e9rsk\u00e9m odd\u011blen\u00ed zna\u010dky\u00a0<span class=\"e1id0 e4id0 advancedHighlight SearchKeywordHighlight\" data-id=\"1\" data-classic=\"true\">Volkswagen<\/span>\u00a0a mimo jin\u00e9 se pod\u00edlel na tvorb\u011b designu modelu\u00a0<span class=\"e3id1 advancedHighlight\" data-id=\"61\" data-classic=\"false\">Bugatti<\/span>\u00a0<span class=\"e3id1 advancedHighlight\" data-id=\"61\" data-classic=\"false\">Veyron<\/span>.<\/p>\n<p>V roce 2003 p\u0159e\u0161el jako vedouc\u00ed vn\u011bj\u0161\u00edho designu ke zna\u010dce\u00a0<span class=\"e1id1 e4id0 advancedHighlight\" data-id=\"36\" data-classic=\"false\">Audi<\/span>. V letech 2008 a\u017e 2017 byl \u0161\u00e9fdesign\u00e9rem zna\u010dky \u0160koda . Po t\u0159ech letech v roli \u0161\u00e9fdesign\u00e9ra dvou automobilov\u00fdch zna\u010dek mimo koncern\u00a0<span class=\"e1id0 e4id0 advancedHighlight SearchKeywordHighlight\" data-id=\"1\" data-classic=\"true\">Volkswagen<\/span>\u00a0se v roce 2020 vr\u00e1til zp\u011bt ke zna\u010dce\u00a0<span class=\"e1id0 e4id0 advancedHighlight SearchKeywordHighlight\" data-id=\"1\" data-classic=\"true\">Volkswagen<\/span>\u00a0jako vedouc\u00ed designu.<\/p>\n<p><strong>zdroj: tiskov\u00e1 zpr\u00e1va VW Group<br \/>\n<\/strong><\/p>\n","protected":false},"excerpt":{"rendered":"<div class=\"mh-excerpt\"><p>Andreas Mindt, aktu\u00e1ln\u011b \u0159editel\u00a0designu zna\u010dky\u00a0Bentley, p\u0159evezme od 1. \u00fanora 2023 veden\u00ed designu zna\u010dky\u00a0Volkswagen. V t\u00e9to funkci nahrad\u00ed\u00a0Jozefa\u00a0Kaban\u011b, kter\u00fd byl jmenov\u00e1n kreativn\u00edm um\u011bleck\u00fdm\u00a0\u0159editelem\u00a0zna\u010dky\u00a0a bude p\u0159\u00edm\u00fdm pod\u0159\u00edzen\u00fdm <a class=\"mh-excerpt-more\" href=\"https:\/\/www.automakersnews.cz\/index.php\/2023\/01\/30\/vw-kabane-nahradi-jako-sefa-designu-mindt\/\" title=\"VW: \u0161\u00e9fa designu Kaban\u011b nahrad\u00ed Mindt\">[&#8230;]<\/a><\/p>\n<\/div>","protected":false},"author":1,"featured_media":15911,"comment_status":"open","ping_status":"open","sticky":false,"template":"","format":"standard","meta":{"footnotes":""},"categories":[19,3],"tags":[],"class_list":["post-17804","post","type-post","status-publish","format-standard","has-post-thumbnail","hentry","category-design","category-personalie"],"_links":{"self":[{"href":"https:\/\/www.automakersnews.cz\/index.php\/wp-json\/wp\/v2\/posts\/17804","targetHints":{"allow":["GET"]}}],"collection":[{"href":"https:\/\/www.automakersnews.cz\/index.php\/wp-json\/wp\/v2\/posts"}],"about":[{"href":"https:\/\/www.automakersnews.cz\/index.php\/wp-json\/wp\/v2\/types\/post"}],"author":[{"embeddable":true,"href":"https:\/\/www.automakersnews.cz\/index.php\/wp-json\/wp\/v2\/users\/1"}],"replies":[{"embeddable":true,"href":"https:\/\/www.automakersnews.cz\/index.php\/wp-json\/wp\/v2\/comments?post=17804"}],"version-history":[{"count":0,"href":"https:\/\/www.automakersnews.cz\/index.php\/wp-json\/wp\/v2\/posts\/17804\/revisions"}],"wp:featuredmedia":[{"embeddable":true,"href":"https:\/\/www.automakersnews.cz\/index.php\/wp-json\/wp\/v2\/media\/15911"}],"wp:attachment":[{"href":"https:\/\/www.automakersnews.cz\/index.php\/wp-json\/wp\/v2\/media?parent=17804"}],"wp:term":[{"taxonomy":"category","embeddable":true,"href":"https:\/\/www.automakersnews.cz\/index.php\/wp-json\/wp\/v2\/categories?post=17804"},{"taxonomy":"post_tag","embeddable":true,"href":"https:\/\/www.automakersnews.cz\/index.php\/wp-json\/wp\/v2\/tags?post=17804"}],"curies":[{"name":"wp","href":"https:\/\/api.w.org\/{rel}","templated":true}]}}