{"id":17837,"date":"2023-01-30T09:39:23","date_gmt":"2023-01-30T09:39:23","guid":{"rendered":"https:\/\/www.automakersnews.cz\/?p=17837"},"modified":"2023-01-30T09:40:01","modified_gmt":"2023-01-30T09:40:01","slug":"zlatniky-nejvetsi-investice-v-historii-porsche-cr","status":"publish","type":"post","link":"https:\/\/www.automakersnews.cz\/index.php\/2023\/01\/30\/zlatniky-nejvetsi-investice-v-historii-porsche-cr\/","title":{"rendered":"Zlatn\u00edky &#8211; nejv\u011bt\u0161\u00ed investice v\u00a0historii Porsche \u010cR"},"content":{"rendered":"<p><span style=\"font-family: Arial, serif;\"><span style=\"color: #000000;\"><span lang=\"cs-CZ\"><strong>Mezi nejv\u00fdznamn\u011bj\u0161\u00ed ud\u00e1losti lo\u0148sk\u00e9ho roku pro spole\u010dnost Porsche \u010cesk\u00e1 republika se \u0159ad\u00ed otev\u0159en\u00ed nov\u00e9 Tr\u00e9ninkov\u00e9 akademie, kter\u00e1 byla vybudov\u00e1na investic\u00ed 156 milion\u016f korun v obci Zlatn\u00edky-Hodkovice v okrese Praha-z\u00e1pad, v rozvojov\u00e9 z\u00f3n\u011b ur\u010den\u00e9 pro v\u011bdu a v\u00fdzkum.<\/strong> <\/span><\/span><\/span><!--more--><\/p>\n<p><span style=\"font-family: Arial, serif;\"><span style=\"color: #000000;\"><span lang=\"cs-CZ\">Ve flexibiln\u00ed budov\u011b prob\u00edhaj\u00ed komplexn\u00ed \u0161kolen\u00ed nejen zam\u011bstnanc\u016f prodejn\u00edch a servisn\u00edch partner\u016f spole\u010dnosti Porsche \u010cesk\u00e1 republika, ale tak\u00e9 u\u010ditel\u016f \u010desk\u00fdch odborn\u00fdch \u0161kol, hasi\u010d\u016f, pracovn\u00edk\u016f poji\u0161\u0165oven a dal\u0161\u00edch instituc\u00ed.<\/span><\/span><\/span><\/p>\n<p><span style=\"font-family: Arial, serif;\"><span style=\"color: #000000;\"><span lang=\"cs-CZ\">Tr\u00e9ninkov\u00e1 akademie je koncipov\u00e1na jako multifunk\u010dn\u00ed budova, v\u00a0n\u00ed\u017e mohou prob\u00edhat nejen \u0161kolen\u00ed, ale tak\u00e9 r\u016fzn\u00e1 setk\u00e1n\u00ed, odborn\u00e9 konference a dal\u0161\u00ed akce. Nejmodern\u011bj\u0161\u00ed vybaven\u00ed umo\u017e\u0148uje realizovat vzd\u011bl\u00e1vac\u00ed a \u0161kolic\u00ed programy v\u00a0r\u00e1mci hybridn\u00ed v\u00fduky, kter\u00e1 zahrnuje samostudium, on-line v\u00fduku se \u0161kolitelem i prezen\u010dn\u00ed \u0161kolen\u00ed. <\/span><\/span><\/span><\/p>\n<p><span style=\"font-family: Arial, serif;\"><span style=\"color: #000000;\"><span lang=\"cs-CZ\">Z environment\u00e1ln\u00edho pohledu spl\u0148uje budova svou energetickou n\u00e1ro\u010dnost\u00ed parametry velmi \u00fasporn\u00e9 budovy. Pro \u00fasporu energi\u00ed jsou vyu\u017eity technologie rekupera\u010dn\u00edho v\u011btr\u00e1n\u00ed, inteligentn\u00edho \u0159\u00edzen\u00ed osv\u011btlen\u00ed a exteri\u00e9rov\u00e9ho st\u00edn\u011bn\u00ed vn\u011bj\u0161\u00edmi \u017ealuziemi. <\/span><\/span><\/span><\/p>\n<p><span style=\"font-family: Arial, serif;\"><span style=\"color: #000000;\"><span lang=\"cs-CZ\">Zdrojem pro vyt\u00e1p\u011bn\u00ed a chlazen\u00ed jsou jednotky funguj\u00edc\u00ed na principu tepeln\u00e9ho \u010derpadla, zahrada vyu\u017e\u00edv\u00e1 automatick\u00e9 z\u00e1vlahy z podzemn\u00edch j\u00edmek de\u0161\u0165ov\u00e9 vody a pro parkov\u00e1n\u00ed je p\u0159ipraveno 100 venkovn\u00edch m\u00edst. <\/span><\/span><\/span><\/p>\n<p><span style=\"font-family: Arial, serif;\"><span style=\"color: #000000;\"><span lang=\"cs-CZ\">A\u017e 20 z\u00a0nich m\u016f\u017ee b\u00fdt nab\u00edjeno deseti AC nab\u00edje\u010dkami MOON (2 x 22 kW), v\u00a0p\u0159\u00edprav\u011b je dal\u0161\u00edch 5 AC nab\u00edje\u010dek a 2 DC nab\u00edje\u010dky venku. Dal\u0161\u00ed zlep\u0161en\u00ed energetick\u00e9 bilance a nab\u00edjen\u00ed vozidel o\u010dek\u00e1v\u00e1me s instalac\u00ed fotovoltaiky na st\u0159echu budovy v 1. kvart\u00e1le roku 2023. V jedn\u00e1n\u00ed je tak\u00e9 ide\u00e1ln\u00ed \u0159e\u0161en\u00ed energetick\u00e9ho \u00falo\u017ei\u0161t\u011b.<\/span><\/span><\/span><\/p>\n<p><img loading=\"lazy\" decoding=\"async\" class=\"alignnone size-large wp-image-428\" src=\"http:\/\/www.automakersnews.cz\/wp-content\/uploads\/2022\/08\/Porsche-Zlatniky-slunce-1024x683.jpg\" alt=\"\" width=\"1024\" height=\"683\" \/><\/p>\n","protected":false},"excerpt":{"rendered":"<div class=\"mh-excerpt\"><p>Mezi nejv\u00fdznamn\u011bj\u0161\u00ed ud\u00e1losti lo\u0148sk\u00e9ho roku pro spole\u010dnost Porsche \u010cesk\u00e1 republika se \u0159ad\u00ed otev\u0159en\u00ed nov\u00e9 Tr\u00e9ninkov\u00e9 akademie, kter\u00e1 byla vybudov\u00e1na investic\u00ed 156 milion\u016f korun v obci <a class=\"mh-excerpt-more\" href=\"https:\/\/www.automakersnews.cz\/index.php\/2023\/01\/30\/zlatniky-nejvetsi-investice-v-historii-porsche-cr\/\" title=\"Zlatn\u00edky &#8211; nejv\u011bt\u0161\u00ed investice v\u00a0historii Porsche \u010cR\">[&#8230;]<\/a><\/p>\n<\/div>","protected":false},"author":1,"featured_media":430,"comment_status":"open","ping_status":"open","sticky":false,"template":"","format":"standard","meta":{"footnotes":""},"categories":[9],"tags":[],"class_list":["post-17837","post","type-post","status-publish","format-standard","has-post-thumbnail","hentry","category-investice"],"_links":{"self":[{"href":"https:\/\/www.automakersnews.cz\/index.php\/wp-json\/wp\/v2\/posts\/17837","targetHints":{"allow":["GET"]}}],"collection":[{"href":"https:\/\/www.automakersnews.cz\/index.php\/wp-json\/wp\/v2\/posts"}],"about":[{"href":"https:\/\/www.automakersnews.cz\/index.php\/wp-json\/wp\/v2\/types\/post"}],"author":[{"embeddable":true,"href":"https:\/\/www.automakersnews.cz\/index.php\/wp-json\/wp\/v2\/users\/1"}],"replies":[{"embeddable":true,"href":"https:\/\/www.automakersnews.cz\/index.php\/wp-json\/wp\/v2\/comments?post=17837"}],"version-history":[{"count":0,"href":"https:\/\/www.automakersnews.cz\/index.php\/wp-json\/wp\/v2\/posts\/17837\/revisions"}],"wp:featuredmedia":[{"embeddable":true,"href":"https:\/\/www.automakersnews.cz\/index.php\/wp-json\/wp\/v2\/media\/430"}],"wp:attachment":[{"href":"https:\/\/www.automakersnews.cz\/index.php\/wp-json\/wp\/v2\/media?parent=17837"}],"wp:term":[{"taxonomy":"category","embeddable":true,"href":"https:\/\/www.automakersnews.cz\/index.php\/wp-json\/wp\/v2\/categories?post=17837"},{"taxonomy":"post_tag","embeddable":true,"href":"https:\/\/www.automakersnews.cz\/index.php\/wp-json\/wp\/v2\/tags?post=17837"}],"curies":[{"name":"wp","href":"https:\/\/api.w.org\/{rel}","templated":true}]}}