{"id":17843,"date":"2023-01-30T10:08:27","date_gmt":"2023-01-30T10:08:27","guid":{"rendered":"https:\/\/www.automakersnews.cz\/?p=17843"},"modified":"2023-01-30T10:10:29","modified_gmt":"2023-01-30T10:10:29","slug":"das-weltauto-se-loni-rozsirila-o-dva-bazary","status":"publish","type":"post","link":"https:\/\/www.automakersnews.cz\/index.php\/2023\/01\/30\/das-weltauto-se-loni-rozsirila-o-dva-bazary\/","title":{"rendered":"S\u00ed\u0165 Das WeltAuto loni pos\u00edlila o n\u011bkolik bazar\u016f"},"content":{"rendered":"<p><span style=\"color: #000000;\"><span style=\"font-family: Arial, serif;\"><span lang=\"cs-CZ\"><strong>Zna\u010dkov\u00fd program prodeje prov\u011b\u0159en\u00fdch ojetin Das WeltAuto se v roce 2022 zam\u011b\u0159il p\u0159edev\u0161\u00edm na roz\u0161i\u0159ov\u00e1n\u00ed sv\u00e9 s\u00edt\u011b a zvy\u0161ov\u00e1n\u00ed kvalifikace person\u00e1lu. Do nab\u00eddky byly tak\u00e9 za\u0159azeny nov\u00e9 slu\u017eby zaji\u0161\u0165uj\u00edc\u00ed loajalitu z\u00e1kazn\u00edk\u016f. Rok 2022 zhodnotila na \u017di\u017ekovsk\u00e9 v\u011b\u017ei vedouc\u00ed divize Das WeltAuto Mirka Cimrov\u00e1. V\u00fdkony After Sales pak shrnul Jan \u0160pinar.<\/strong> <\/span><\/span><\/span><!--more--><\/p>\n<p><span style=\"color: #000000;\"><span style=\"font-family: Arial, serif;\"><span lang=\"cs-CZ\">\u201eV lo\u0148sk\u00e9m roce do\u0161lo k poklesu po\u010dtu prodan\u00fdch ojet\u00fdch voz\u016f v s\u00edti Das WeltAuto na 15 042. Sou\u010dasn\u011b se v\u0161ak v\u00fdznamn\u011b zv\u00fd\u0161ila pr\u016fm\u011brn\u00e1 cena ojet\u00e9ho vozu od na\u0161ich prodejc\u016f na 553 000 K\u010d d\u00edky velk\u00e9mu z\u00e1jmu \u010desk\u00fdch z\u00e1kazn\u00edk\u016f o mlad\u00e9 ojetiny do t\u0159\u00ed let st\u00e1\u0159\u00ed s n\u00edzk\u00fdm po\u010dtem ujet\u00fdch kilometr\u016f. Letos bychom r\u00e1di udr\u017eeli prodeje na dosavadn\u00ed \u00farovni a pokra\u010dovali v roz\u0161i\u0159ov\u00e1n\u00ed nab\u00eddky voz\u016f i v dal\u0161\u00edm zvy\u0161ov\u00e1n\u00ed kvality prodeje. Postupn\u011b zam\u011b\u0159ujeme svou pozornost tak\u00e9 na elektromobily a nab\u00edjec\u00ed infrastrukturu,\u201c dodala Mirka Cimrov\u00e1.<\/span><\/span><\/span><\/p>\n<figure id=\"attachment_2549\" aria-describedby=\"caption-attachment-2549\" style=\"width: 1024px\" class=\"wp-caption alignnone\"><img loading=\"lazy\" decoding=\"async\" class=\"size-large wp-image-2549\" src=\"http:\/\/www.automakersnews.cz\/wp-content\/uploads\/2022\/11\/Das-Weltauto-budova-1024x767.jpg\" alt=\"\" width=\"1024\" height=\"767\" srcset=\"https:\/\/www.automakersnews.cz\/wp-content\/uploads\/2022\/11\/Das-Weltauto-budova-1024x767.jpg 1024w, https:\/\/www.automakersnews.cz\/wp-content\/uploads\/2022\/11\/Das-Weltauto-budova-300x225.jpg 300w, https:\/\/www.automakersnews.cz\/wp-content\/uploads\/2022\/11\/Das-Weltauto-budova-768x576.jpg 768w, https:\/\/www.automakersnews.cz\/wp-content\/uploads\/2022\/11\/Das-Weltauto-budova-1536x1151.jpg 1536w, https:\/\/www.automakersnews.cz\/wp-content\/uploads\/2022\/11\/Das-Weltauto-budova-678x509.jpg 678w, https:\/\/www.automakersnews.cz\/wp-content\/uploads\/2022\/11\/Das-Weltauto-budova-326x245.jpg 326w, https:\/\/www.automakersnews.cz\/wp-content\/uploads\/2022\/11\/Das-Weltauto-budova-80x60.jpg 80w, https:\/\/www.automakersnews.cz\/wp-content\/uploads\/2022\/11\/Das-Weltauto-budova.jpg 1672w\" sizes=\"auto, (max-width: 1024px) 100vw, 1024px\" \/><figcaption id=\"caption-attachment-2549\" class=\"wp-caption-text\">Posledn\u00ed p\u0159\u00edr\u016fstek s\u00edt\u011b DWA v Teplic\u00edch za\u0159\u00eddil Louda<\/figcaption><\/figure>\n<p><strong>Nov\u00e9 pobo\u010dky Karlovy Vary, Sokolov, Teplice<br \/>\n<\/strong><\/p>\n<p><span style=\"color: #000000;\"><span style=\"font-family: Arial, serif;\"><span lang=\"cs-CZ\">S\u00ed\u0165 Das WeltAuto se v lo\u0148sk\u00e9m roce rozrostla na 50 partner\u016f. Nov\u00fdmi pobo\u010dkami jsou nap\u0159\u00edklad Auto Palace KV a Manfred Sch\u00f6ner Sokolov. <\/span><\/span><\/span><\/p>\n<p><span style=\"color: #000000;\"><span style=\"font-family: Arial, serif;\"><span lang=\"cs-CZ\">V sestersk\u00e9m programu prodeje pr\u00e9miov\u00fdch ojet\u00fdch voz\u016f Audi Approved Plus si z\u00e1kazn\u00edci u 3 participuj\u00edc\u00edch partner\u016f po\u0159\u00eddili 308 ojet\u00fdch voz\u016f Audi s certifikac\u00ed AAP a v leto\u0161n\u00edm roce se po\u010d\u00edt\u00e1 s pos\u00edlen\u00edm programu Audi Approved Plus o nov\u00e9 partnery, roz\u0161\u00ed\u0159en\u00ed jeho nab\u00eddky a zv\u00fd\u0161en\u00ed prodeje. <\/span><\/span><\/span><\/p>\n<p><span style=\"color: #000000;\"><span style=\"font-family: Arial, serif;\"><span lang=\"cs-CZ\">Prodejci Das WeltAuto nab\u00edzej\u00ed od lo\u0148sk\u00e9ho roku sv\u00fdm v\u011brn\u00fdm z\u00e1kazn\u00edk\u016fm MyCard a financov\u00e1n\u00ed Chyt\u0159e od spole\u010dnosti Volkswagen Financial Services. Kvalitu s\u00edt\u011b pozvedly nov\u00e9 programy \u0161kolen\u00ed zam\u011bstnanc\u016f v\u00a0aktu\u00e1ln\u00edch t\u00e9matech elektromobilita a konektivita. Mimo\u0159\u00e1dnou \u00farove\u0148 prodeje v\u00a0s\u00edti Das WeltAuto potvrzuj\u00ed tak\u00e9 velmi dobr\u00e9 v\u00fdsledky mystery shoppingu (93,5 %).<\/span><\/span><\/span><\/p>\n<p><span style=\"color: #000000;\"><span style=\"font-family: Arial, serif;\"><span lang=\"cs-CZ\"><b>After Sales: N\u00e1r\u016fst objemu servisn\u00edch slu\u017eeb<\/b><\/span><\/span><\/span><\/p>\n<p lang=\"cs-CZ\"><span style=\"font-family: Calibri, serif;\"><span style=\"color: #000000;\"><span style=\"font-family: Arial, serif;\">Rok 2022 byl pro divizi After Sales po obchodn\u00ed str\u00e1nce \u00fasp\u011b\u0161n\u00fd. \u201eDos\u00e1hli jsme obratu 2,5 mld. K\u010d, co\u017e p\u0159edstavuje meziro\u010dn\u00ed n\u00e1r\u016fst o 11,8 %. Rostou tak\u00e9 po\u010dty servisovan\u00fdch voz\u016f a prodan\u00fdch hodin,\u201c bilancuje vedouc\u00ed divize Jan \u0160pinar, a dod\u00e1v\u00e1: <\/span><\/span><\/span><\/p>\n<p lang=\"cs-CZ\"><span style=\"font-family: Calibri, serif;\"><span style=\"color: #000000;\"><span style=\"font-family: Arial, serif;\">\u201eVysok\u00fd z\u00e1jem na\u0161ich z\u00e1kazn\u00edk\u016f o profesion\u00e1ln\u00ed servisn\u00ed slu\u017eby na\u0161\u00ed autorizovan\u00e9 s\u00edt\u011b je pro n\u00e1s do budoucna z\u00e1vazkem k\u00a0dal\u0161\u00edmu zvy\u0161ov\u00e1n\u00ed kvality na\u0161ich poprodejn\u00edch slu\u017eeb. V\u00a0leto\u0161n\u00edm roce budeme pokra\u010dovat v\u00a0obl\u00edben\u00fdch sezonn\u00edch servisn\u00edch akc\u00edch, nab\u00edzet slevovou v\u011brnostn\u00ed kartu MyCard a poskytovat roz\u0161\u00ed\u0159en\u00fd program v\u00fdhodn\u00fdch servisn\u00edch nab\u00eddek pro vozy star\u0161\u00ed 5 let.\u201c<\/span><\/span><\/span><\/p>\n","protected":false},"excerpt":{"rendered":"<div class=\"mh-excerpt\"><p>Zna\u010dkov\u00fd program prodeje prov\u011b\u0159en\u00fdch ojetin Das WeltAuto se v roce 2022 zam\u011b\u0159il p\u0159edev\u0161\u00edm na roz\u0161i\u0159ov\u00e1n\u00ed sv\u00e9 s\u00edt\u011b a zvy\u0161ov\u00e1n\u00ed kvalifikace person\u00e1lu. Do nab\u00eddky byly tak\u00e9 <a class=\"mh-excerpt-more\" href=\"https:\/\/www.automakersnews.cz\/index.php\/2023\/01\/30\/das-weltauto-se-loni-rozsirila-o-dva-bazary\/\" title=\"S\u00ed\u0165 Das WeltAuto loni pos\u00edlila o n\u011bkolik bazar\u016f\">[&#8230;]<\/a><\/p>\n<\/div>","protected":false},"author":1,"featured_media":17844,"comment_status":"open","ping_status":"open","sticky":false,"template":"","format":"standard","meta":{"footnotes":""},"categories":[2],"tags":[],"class_list":["post-17843","post","type-post","status-publish","format-standard","has-post-thumbnail","hentry","category-news"],"_links":{"self":[{"href":"https:\/\/www.automakersnews.cz\/index.php\/wp-json\/wp\/v2\/posts\/17843","targetHints":{"allow":["GET"]}}],"collection":[{"href":"https:\/\/www.automakersnews.cz\/index.php\/wp-json\/wp\/v2\/posts"}],"about":[{"href":"https:\/\/www.automakersnews.cz\/index.php\/wp-json\/wp\/v2\/types\/post"}],"author":[{"embeddable":true,"href":"https:\/\/www.automakersnews.cz\/index.php\/wp-json\/wp\/v2\/users\/1"}],"replies":[{"embeddable":true,"href":"https:\/\/www.automakersnews.cz\/index.php\/wp-json\/wp\/v2\/comments?post=17843"}],"version-history":[{"count":0,"href":"https:\/\/www.automakersnews.cz\/index.php\/wp-json\/wp\/v2\/posts\/17843\/revisions"}],"wp:featuredmedia":[{"embeddable":true,"href":"https:\/\/www.automakersnews.cz\/index.php\/wp-json\/wp\/v2\/media\/17844"}],"wp:attachment":[{"href":"https:\/\/www.automakersnews.cz\/index.php\/wp-json\/wp\/v2\/media?parent=17843"}],"wp:term":[{"taxonomy":"category","embeddable":true,"href":"https:\/\/www.automakersnews.cz\/index.php\/wp-json\/wp\/v2\/categories?post=17843"},{"taxonomy":"post_tag","embeddable":true,"href":"https:\/\/www.automakersnews.cz\/index.php\/wp-json\/wp\/v2\/tags?post=17843"}],"curies":[{"name":"wp","href":"https:\/\/api.w.org\/{rel}","templated":true}]}}