{"id":17848,"date":"2023-01-30T10:26:01","date_gmt":"2023-01-30T10:26:01","guid":{"rendered":"https:\/\/www.automakersnews.cz\/?p=17848"},"modified":"2023-01-30T10:29:38","modified_gmt":"2023-01-30T10:29:38","slug":"fejtek-se-loucil-s-novinari-miri-do-ciny","status":"publish","type":"post","link":"https:\/\/www.automakersnews.cz\/index.php\/2023\/01\/30\/fejtek-se-loucil-s-novinari-miri-do-ciny\/","title":{"rendered":"Fejtek se lou\u010dil s novin\u00e1\u0159i, m\u00ed\u0159\u00ed do \u010c\u00edny"},"content":{"rendered":"<div dir=\"ltr\"><strong>\u0160\u00e9f zna\u010dky Volkswagen osobn\u00ed vozy v Porsche \u010cR Patrik Fejtek se chyst\u00e1 na zahrani\u010dn\u00ed anga\u017em\u00e1, s novin\u00e1\u0159i se rozlou\u010dil na v\u00fdro\u010dn\u00ed konferenci firmy na \u017di\u017ekovsk\u00e9 v\u011b\u017ei.<br \/>\n<\/strong><\/div>\n<p><!--more--><\/p>\n<div dir=\"ltr\">\u201eRozhodl jsem se p\u0159ijmout novou pracovn\u00ed nab\u00eddku a k 1. dubnu 2023 bude p\u016fsobit na pozici Vice President FBU FAW Audi China. M\u016fj kontrakt v Porsche \u010cR by zanedlouho stejn\u011b skon\u010dil, byl jsem vlastn\u011b pro tuto pozici vyp\u016fj\u010den\u00fdm mana\u017eerem ze \u0160kodovky. Z koncernu VW p\u0159i\u0161la nab\u00eddka na nov\u00fd t\u0159\u00edlet\u00fd post v \u010c\u00edn\u011b, kde jsem ji\u017e d\u0159\u00edve i s rodinou p\u016fsobil. V\u00fd\u0161e zm\u00edn\u011bn\u00e1 pozicie Viceprezidenta vlastn\u011b p\u0159edstavuje \u0161\u00e9fa importu vozidel Audi do \u010c\u00edny,\u201c \u0159ekl mana\u017eer.<\/div>\n<div dir=\"ltr\">\n<div dir=\"ltr\"><\/div>\n<div dir=\"ltr\"><\/div>\n<div dir=\"ltr\">Kdo ho nahrad\u00ed u Volkswagenu? Na z\u00e1klad\u011b v\u00fdb\u011brov\u00e9ho \u0159\u00edzen\u00ed se pozice ujme \u0161\u00e9f divize VW U\u017eitkov\u00e9 Jakub \u0160ebesta.<\/div>\n<div dir=\"ltr\">\n<figure id=\"attachment_8852\" aria-describedby=\"caption-attachment-8852\" style=\"width: 1024px\" class=\"wp-caption alignnone\"><img loading=\"lazy\" decoding=\"async\" class=\"size-large wp-image-8852\" src=\"http:\/\/www.automakersnews.cz\/wp-content\/uploads\/2022\/12\/Sebesta-1024x683.jpg\" alt=\"\" width=\"1024\" height=\"683\" \/><figcaption id=\"caption-attachment-8852\" class=\"wp-caption-text\">Jakub \u0160ebesta<\/figcaption><\/figure>\n<\/div>\n<\/div>\n","protected":false},"excerpt":{"rendered":"<div class=\"mh-excerpt\"><p>\u0160\u00e9f zna\u010dky Volkswagen osobn\u00ed vozy v Porsche \u010cR Patrik Fejtek se chyst\u00e1 na zahrani\u010dn\u00ed anga\u017em\u00e1, s novin\u00e1\u0159i se rozlou\u010dil na v\u00fdro\u010dn\u00ed konferenci firmy na \u017di\u017ekovsk\u00e9 <a class=\"mh-excerpt-more\" href=\"https:\/\/www.automakersnews.cz\/index.php\/2023\/01\/30\/fejtek-se-loucil-s-novinari-miri-do-ciny\/\" title=\"Fejtek se lou\u010dil s novin\u00e1\u0159i, m\u00ed\u0159\u00ed do \u010c\u00edny\">[&#8230;]<\/a><\/p>\n<\/div>","protected":false},"author":1,"featured_media":17878,"comment_status":"open","ping_status":"open","sticky":false,"template":"","format":"standard","meta":{"footnotes":""},"categories":[3,29],"tags":[],"class_list":["post-17848","post","type-post","status-publish","format-standard","has-post-thumbnail","hentry","category-personalie","category-tiskovky"],"_links":{"self":[{"href":"https:\/\/www.automakersnews.cz\/index.php\/wp-json\/wp\/v2\/posts\/17848","targetHints":{"allow":["GET"]}}],"collection":[{"href":"https:\/\/www.automakersnews.cz\/index.php\/wp-json\/wp\/v2\/posts"}],"about":[{"href":"https:\/\/www.automakersnews.cz\/index.php\/wp-json\/wp\/v2\/types\/post"}],"author":[{"embeddable":true,"href":"https:\/\/www.automakersnews.cz\/index.php\/wp-json\/wp\/v2\/users\/1"}],"replies":[{"embeddable":true,"href":"https:\/\/www.automakersnews.cz\/index.php\/wp-json\/wp\/v2\/comments?post=17848"}],"version-history":[{"count":0,"href":"https:\/\/www.automakersnews.cz\/index.php\/wp-json\/wp\/v2\/posts\/17848\/revisions"}],"wp:featuredmedia":[{"embeddable":true,"href":"https:\/\/www.automakersnews.cz\/index.php\/wp-json\/wp\/v2\/media\/17878"}],"wp:attachment":[{"href":"https:\/\/www.automakersnews.cz\/index.php\/wp-json\/wp\/v2\/media?parent=17848"}],"wp:term":[{"taxonomy":"category","embeddable":true,"href":"https:\/\/www.automakersnews.cz\/index.php\/wp-json\/wp\/v2\/categories?post=17848"},{"taxonomy":"post_tag","embeddable":true,"href":"https:\/\/www.automakersnews.cz\/index.php\/wp-json\/wp\/v2\/tags?post=17848"}],"curies":[{"name":"wp","href":"https:\/\/api.w.org\/{rel}","templated":true}]}}