{"id":179,"date":"2022-07-20T14:05:54","date_gmt":"2022-07-20T14:05:54","guid":{"rendered":"http:\/\/www.automakersnews.cz\/?p=179"},"modified":"2022-07-20T14:05:54","modified_gmt":"2022-07-20T14:05:54","slug":"autodrom-most-laka-na-ms-superbiku","status":"publish","type":"post","link":"https:\/\/www.automakersnews.cz\/index.php\/2022\/07\/20\/autodrom-most-laka-na-ms-superbiku\/","title":{"rendered":"Autodrom Most l\u00e1k\u00e1 na MS superbik\u016f"},"content":{"rendered":"<p><b>AUTODROM MOST je p\u0159ipraven na nadch\u00e1zej\u00edc\u00ed mistrovstv\u00ed sv\u011bta superbik\u016f, kter\u00e9 se uskute\u010dn\u00ed posledn\u00ed \u010dervencov\u00fd v\u00edkend. Severo\u010desk\u00fd okruh v lo\u0148sk\u00e9m a leto\u0161n\u00edm roce absolvoval \u0159adu \u00faprav, kter\u00e9 jej \u0159ad\u00ed mezi sv\u011btovou \u0161pi\u010dku z\u00e1vodn\u00edch okruh\u016f. <\/b><!--more--><\/p>\n<p>Mezi nejz\u00e1sadn\u011bj\u0161\u00ed novinky pat\u0159\u00ed, vedle nov\u00e9ho povrchu dr\u00e1hy, \u00fanikov\u00fdch z\u00f3n a kamerov\u00e9ho syst\u00e9mu, p\u0159edev\u0161\u00edm modernizace \u0159\u00edd\u00edc\u00ed v\u011b\u017ee a nov\u00e1 restaurace.<\/p>\n<p>AUTODROM MOST m\u00e1 ji\u017e od p\u0159elomu roku nov\u00fd asfaltov\u00fd povrch, zv\u011bt\u0161en\u00e9 \u00fanikov\u00e9 z\u00f3ny, nov\u00e9 odvodn\u011bn\u00ed a \u0159adu dal\u0161\u00edch technick\u00fdch vylep\u0161en\u00ed. Rok 2022 p\u0159inesl investice do renovace z\u00e1zem\u00ed s\u00a0c\u00edlem dal\u0161\u00edho zv\u00fd\u0161en\u00ed bezpe\u010dnosti a komfortu pro samotn\u00e9 z\u00e1vodn\u00edky, t\u00fdmy i ve\u0159ejnost. Od konce minul\u00e9 sez\u00f3ny se tak v\u00a0Most\u011b proinvestovalo 35 milion\u016f korun.<\/p>\n<p>\u010cerstvou novinkou leto\u0161n\u00edho roku je pak\u00a0<b>rekonstrukce \u0159\u00edd\u00edc\u00ed v\u011b\u017ee<\/b>. Ta se zam\u011b\u0159ila na dispe\u010dink a cel\u00e9 spodn\u00ed patro, v\u00a0n\u011bm\u017e s\u00eddl\u00ed veden\u00ed z\u00e1vodu.\u00a0<b>Zv\u011bt\u0161en\u00e9 prostory dispe\u010dinku<\/b>\u00a0nyn\u00ed odpov\u00eddaj\u00ed po\u017eadavk\u016fm pro kon\u00e1n\u00ed sv\u011btov\u00fdch z\u00e1vod\u016f, stejn\u011b jako\u00a0<b>nov\u00fd kamerov\u00fd syst\u00e9m<\/b>. Dr\u00e1hu nyn\u00ed sleduje\u00a0<b>27 kamer s\u00a0rozli\u0161en\u00edm 4K<\/b>.<\/p>\n<p>Sv\u011btov\u011b unik\u00e1tn\u00edm zlep\u0161ov\u00e1kem je potom\u00a0<b>mobiln\u00ed kamera, kterou lze do p\u011bti minut instalovat v\u00a0kter\u00e9koliv \u010d\u00e1sti okruhu.<\/b>\u00a0To se m\u016f\u017ee hodit nejen v p\u0159\u00edpad\u011b, kdy n\u011bkter\u00e1 ze statick\u00fdch kamer vypadne, ale tak\u00e9 nap\u0159\u00edklad v exponovan\u00fdch m\u00edstech p\u0159i zvl\u00e1\u0161\u0165 d\u016fle\u017eit\u00fdch z\u00e1vodech. Kamera se d\u00e1 um\u00edstit tak, aby bylo vid\u011bt v\u0161e, co veden\u00ed z\u00e1vodu pot\u0159ebuje vid\u011bt k rozhodov\u00e1n\u00ed nebo ke zv\u00fd\u0161en\u00ed bezpe\u010dnosti v dan\u00e9 oblasti.<\/p>\n<p>V\u0161echny\u00a0<b>kamery jsou oto\u010dn\u00e9 v \u00fahlu 360 st. a pro p\u0159\u00edpad de\u0161t\u011b disponuj\u00ed i st\u011bra\u010dem<\/b>. Jsou tak\u00e9 vybaveny\u00a0<b>20x optick\u00fdm zoomem, kter\u00fd dopl\u0148uje zoom digit\u00e1ln\u00ed.<\/b>\u00a0D\u00edky vysok\u00e9 kvalit\u011b obrazu je tak mo\u017en\u00e9 detailn\u011b zaznamenat jak\u00e9koliv vzd\u00e1len\u011bj\u0161\u00ed m\u00edsto okruhu do posledn\u00edho detailu. Kamerov\u00e9 z\u00e1znamy jsou uchov\u00e1v\u00e1ny ve vlastn\u00edm datov\u00e9m ulo\u017ei\u0161ti Autodromu Most po dobu \u010dtrn\u00e1cti dn\u016f. Ve v\u011b\u017ei tak\u00e9 do\u0161lo ke zmodernizov\u00e1n\u00ed kancel\u00e1\u0159\u00ed zam\u011bstnanc\u016f a sportovn\u00edch komisa\u0159\u016f. V neposledn\u00ed \u0159ad\u011b bylo tak\u00e9 p\u0159ikro\u010deno k vytvo\u0159en\u00ed\u00a0<b>helpdesku a race office<\/b>, kter\u00fd v Most\u011b dlouh\u00e9 roky chyb\u011bl. P\u0159\u00edzem\u00ed v\u011b\u017ee je nyn\u00ed p\u0159ipraveno na organizaci a kompletn\u00ed servis podnik\u016f sv\u011btov\u00e9 \u00farovn\u011b.<\/p>\n<p>Mezi nejv\u00fdrazn\u011bj\u0161\u00ed leto\u0161n\u00ed novinky se, nejen z\u00a0pohledu n\u00e1v\u0161t\u011bvn\u00edk\u016f, \u0159ad\u00ed\u00a0<b>nov\u00e1 modern\u00ed restaurace<\/b>\u00a0v\u00a0t\u011bsn\u00e9 bl\u00edzkosti \u0159\u00edd\u00edc\u00ed v\u011b\u017ee. Vedle gastronomick\u00fdch z\u00e1\u017eitk\u016f\u00a0<b>nab\u00eddne nov\u00e1 restaurace i jedine\u010dnou atmosf\u00e9ru s\u00a0v\u00fdhledem p\u0159\u00edmo na z\u00e1vodn\u00ed okruh.<\/b>Vyhl\u00eddkov\u00e1 terasa s\u00a0barem pak p\u0159edstavuje\u00a0<b>ide\u00e1ln\u00ed m\u00edsto pro sledov\u00e1n\u00ed sv\u011btov\u00e9ho \u0161ampion\u00e1tu silni\u010dn\u00edch motocykl\u016f World Superbike.\u00a0<\/b><\/p>\n<p>V\u00a0po\u0159ad\u00ed \u0161est\u00e9 kolo z\u00e1vod\u016f seri\u00e1lu\u00a0<b>MOTUL FIM Superbike World Championship 2022<\/b>\u00a0bude AUTODROM MOST hostit ve dnech\u00a0<b>29. a\u017e 31. \u010dervence<\/b>. Fanou\u0161ci se mohou t\u011b\u0161it na souboje elitn\u00edch jezdc\u016f, mezi nimi\u017e nebudou chyb\u011bt ani \u010de\u0161t\u00ed z\u00e1stupci. Krom\u011b stabiln\u00edch \u00fa\u010dastn\u00edk\u016f, Olivera K\u00f6niga s Ond\u0159ejem Vostatkem, uvid\u00edme tak\u00e9 p\u011bt \u010desk\u00fdch jezdc\u016f, kte\u0159\u00ed startuj\u00ed na divokou kartu a budou tak moci pom\u011b\u0159it sv\u00e9 s\u00edly se sv\u011btovou \u0161pi\u010dkou.<\/p>\n<p>Pod ofici\u00e1ln\u00edm n\u00e1zvem\u00a0<b>Prosecco DOC Czech Round<\/b>\u00a0nab\u00eddne posledn\u00ed \u010dervencov\u00fd v\u00edkend v Most\u011b i z\u00e1vody t\u0159\u00edd\u00a0<b>WorldSSP<\/b>,<b>WorldSSP300<\/b>,\u00a0<b>Evropsk\u00fd poh\u00e1r Yamaha R3 bLU cRU<\/b>\u00a0a\u00a0<b>Northern Talent Cup<\/b>.<\/p>\n<p>V samotn\u00e9 s\u00e9rii\u00a0<b>WorldSBK<\/b>\u00a0potom startuj\u00ed nejrychlej\u0161\u00ed silni\u010dn\u00ed stroje zna\u010dek Ducati, Kawasaki, Yamaha, Honda a BMW.<\/p>\n<p><b>Pro komfortn\u00ed sledov\u00e1n\u00ed d\u011bn\u00ed na trati budou na div\u00e1ck\u00e9m svahu k\u00a0dispozici i velkoplo\u0161n\u00e9 obrazovky.<\/b><\/p>\n<p><b>AUTODROM MOST n\u00e1v\u0161t\u011bvn\u00edk\u016fm nav\u00edc nab\u00eddne vstup do paddocku a popul\u00e1rn\u00ed pit walk s autogrami\u00e1dou jezdc\u016f v cen\u011b vstupenky.<\/b>\u00a0Pot\u011b\u0161it m\u016f\u017ee ur\u010dit\u011b i to, \u017ee cel\u00e1 akce m\u00e1 prob\u00edhat bez jak\u00fdchkoliv omezen\u00ed souvisej\u00edc\u00edch s onemocn\u011bn\u00edm covid-19 a\u00a0<b>n\u00e1v\u0161t\u011bvn\u00edci do 18 let maj\u00ed vstup zdarma.<\/b><\/p>\n<p><b>Vstupenky na tuto v\u00fdjime\u010dnou akci lze zakoupit ji\u017e nyn\u00ed on-line:<\/b>\u00a0<a href=\"https:\/\/autodrom-mostcz.t.mailkit.eu\/mc\/VVQIVPPQ\/OTNJHEANVELRWKUZEM\/CQWMICIMMPV\" target=\"_blank\" rel=\"noopener noreferrer\">www.superbike-most.cz<\/a>. <b>P\u0159edprodej za zv\u00fdhodn\u011bn\u00e9 ceny kon\u010d\u00ed tento p\u00e1tek 22. \u010dervence!<\/b><\/p>\n","protected":false},"excerpt":{"rendered":"<div class=\"mh-excerpt\"><p>AUTODROM MOST je p\u0159ipraven na nadch\u00e1zej\u00edc\u00ed mistrovstv\u00ed sv\u011bta superbik\u016f, kter\u00e9 se uskute\u010dn\u00ed posledn\u00ed \u010dervencov\u00fd v\u00edkend. Severo\u010desk\u00fd okruh v lo\u0148sk\u00e9m a leto\u0161n\u00edm roce absolvoval \u0159adu \u00faprav, <a class=\"mh-excerpt-more\" href=\"https:\/\/www.automakersnews.cz\/index.php\/2022\/07\/20\/autodrom-most-laka-na-ms-superbiku\/\" title=\"Autodrom Most l\u00e1k\u00e1 na MS superbik\u016f\">[&#8230;]<\/a><\/p>\n<\/div>","protected":false},"author":1,"featured_media":180,"comment_status":"open","ping_status":"open","sticky":false,"template":"","format":"standard","meta":{"footnotes":""},"categories":[16,2],"tags":[],"class_list":["post-179","post","type-post","status-publish","format-standard","has-post-thumbnail","hentry","category-motorsport","category-news"],"_links":{"self":[{"href":"https:\/\/www.automakersnews.cz\/index.php\/wp-json\/wp\/v2\/posts\/179","targetHints":{"allow":["GET"]}}],"collection":[{"href":"https:\/\/www.automakersnews.cz\/index.php\/wp-json\/wp\/v2\/posts"}],"about":[{"href":"https:\/\/www.automakersnews.cz\/index.php\/wp-json\/wp\/v2\/types\/post"}],"author":[{"embeddable":true,"href":"https:\/\/www.automakersnews.cz\/index.php\/wp-json\/wp\/v2\/users\/1"}],"replies":[{"embeddable":true,"href":"https:\/\/www.automakersnews.cz\/index.php\/wp-json\/wp\/v2\/comments?post=179"}],"version-history":[{"count":0,"href":"https:\/\/www.automakersnews.cz\/index.php\/wp-json\/wp\/v2\/posts\/179\/revisions"}],"wp:featuredmedia":[{"embeddable":true,"href":"https:\/\/www.automakersnews.cz\/index.php\/wp-json\/wp\/v2\/media\/180"}],"wp:attachment":[{"href":"https:\/\/www.automakersnews.cz\/index.php\/wp-json\/wp\/v2\/media?parent=179"}],"wp:term":[{"taxonomy":"category","embeddable":true,"href":"https:\/\/www.automakersnews.cz\/index.php\/wp-json\/wp\/v2\/categories?post=179"},{"taxonomy":"post_tag","embeddable":true,"href":"https:\/\/www.automakersnews.cz\/index.php\/wp-json\/wp\/v2\/tags?post=179"}],"curies":[{"name":"wp","href":"https:\/\/api.w.org\/{rel}","templated":true}]}}