{"id":18093,"date":"2023-01-31T09:14:21","date_gmt":"2023-01-31T09:14:21","guid":{"rendered":"https:\/\/www.automakersnews.cz\/?p=18093"},"modified":"2023-01-31T09:18:52","modified_gmt":"2023-01-31T09:18:52","slug":"continental-brandys-podporil-kompetenci-4-0","status":"publish","type":"post","link":"https:\/\/www.automakersnews.cz\/index.php\/2023\/01\/31\/continental-brandys-podporil-kompetenci-4-0\/","title":{"rendered":"Continental Brand\u00fds podpo\u0159il Kompetenci 4.0"},"content":{"rendered":"<p><strong>Se zav\u00e1d\u011bn\u00edm digitalizace a automatizace se m\u011bn\u00ed i aktu\u00e1ln\u00ed n\u00e1roky trhu pr\u00e1ce. Na vytv\u00e1\u0159en\u00ed nov\u00fdch studijn\u00edch osnov st\u0159edn\u00edch \u0161kol se pod\u00edl\u00ed i Continental Automotive v Brand\u00fdse nad Labem, dodavatel elektroniky pro sv\u011btov\u00e9 automobilky, v r\u00e1mci projektu Kompetence 4.0.<\/strong><!--more--><\/p>\n<p>C\u00edlem projektu Kompetence 4.0 je zmapovat po\u017eadavky trhu pr\u00e1ce s\u00a0ohledem na pot\u0159eby nov\u00fdch znalost\u00ed a kompetenc\u00ed. Do programu se b\u011bhem uplynul\u00fdch t\u0159\u00ed let zapojily \u0161koly a firmy s p\u016fsobnost\u00ed ve St\u0159edo\u010desk\u00e9m, \u00dasteck\u00e9m, Moravskoslezsk\u00e9m a Zl\u00ednsk\u00e9m kraji. Continental v\u00a0Brand\u00fdse nad Labem tak nav\u00e1zal \u00fazkou spolupr\u00e1ci se St\u0159edn\u00ed odbornou \u0161kolou \u010cel\u00e1kovice.<\/p>\n<p><em>\u201eV partnersk\u00e9 \u0161kole jsme p\u0159ipravili n\u00e1vrh kompeten\u010dn\u00edho modelu oboru Mechatronik a zrevidovali jeho vzd\u011bl\u00e1vac\u00ed pl\u00e1ny a osnovy. S kolegy z projektov\u00e9 skupiny jsme d\u00e1le formulovali nov\u00e9 trendy v\u00a0oboru a definovali sadu zcela nov\u00fdch odborn\u00fdch kompetenc\u00ed. V\u00fdrazn\u011b jsme t\u00edm p\u0159isp\u011bli k\u00a0polo\u017een\u00ed z\u00e1klad\u016f budouc\u00edho multidisciplin\u00e1rn\u00edho st\u0159edo\u0161kolsk\u00e9ho studijn\u00edho oboru, kter\u00fd p\u0159iprav\u00ed studenty pro praxi ve firm\u00e1ch nebo navazuj\u00edc\u00ed studium na vysok\u00e9 \u0161kole,\u201c<\/em> \u0159\u00edk\u00e1 vedouc\u00ed t\u00fdmu rozvoje, vzd\u011bl\u00e1v\u00e1n\u00ed a\u00a0tr\u00e9ninkov\u00e9ho centra v\u00a0brand\u00fdsk\u00e9m Continentalu Petra Rand\u00e1kov\u00e1.<\/p>\n<p>Tato spolupr\u00e1ce sleduje c\u00edle projektu, mezi kter\u00e9 pat\u0159\u00ed nastaven\u00ed vhodn\u00fdch podm\u00ednek pro praktick\u00e9 vyu\u010dov\u00e1n\u00ed, jako je odborn\u00fd v\u00fdcvik a odborn\u00e9 praxe, v re\u00e1ln\u00e9m prost\u0159ed\u00ed firem a podpo\u0159en\u00ed implementace vybran\u00fdch prvk\u016f du\u00e1ln\u00edho vzd\u011bl\u00e1v\u00e1n\u00ed a prvk\u016f modern\u00edch technologi\u00ed v podm\u00ednk\u00e1ch \u010cesk\u00e9 republiky.<\/p>\n<p>Jak ukazuj\u00ed p\u0159\u00edklady ze zahrani\u010d\u00ed, syst\u00e9my identifikace kompetenc\u00ed maj\u00ed siln\u00fd pozitivn\u00ed dopad. Nap\u0159\u00edklad v\u00a0Rakousku d\u00e1vaj\u00ed d\u016fraz na zohledn\u011bn\u00ed soci\u00e1ln\u00edho rozm\u011bru dopad\u016f digitalizace. Ve Finsku zase k vypracov\u00e1n\u00ed n\u00e1vrh\u016f budouc\u00edch c\u00edl\u016f v oblasti vzd\u011bl\u00e1v\u00e1n\u00ed vyu\u017e\u00edvaj\u00ed dialog.<\/p>\n<p>Spole\u010dn\u00fdm jmenovatelem jednotliv\u00fdch program\u016f a jejich sm\u011b\u0159ov\u00e1n\u00ed je v\u017edy z\u00e1\u0161tita vl\u00e1dy a p\u0159\u00edslu\u0161n\u00fdch org\u00e1n\u016f, jako jsou ministerstva nebo \u00fa\u0159ady pr\u00e1ce, co\u017e se poda\u0159ilo v\u00a0z\u00e1v\u011bre\u010dn\u00e9 f\u00e1zi Kompetence 4.0 p\u0159ed dv\u011bma m\u011bs\u00edci i v\u00a0p\u0159\u00edpad\u011b Continentalu p\u0159i konferenci \u201eKompetence pro budoucnost\u201c za \u00fa\u010dasti ministra pr\u00e1ce a soci\u00e1ln\u00edch v\u011bc\u00ed Mariana Jure\u010dky.<\/p>\n<p>D\u016fle\u017eit\u00fdm aspektem v\u00a0pr\u016fmyslov\u00e9 v\u00fdrob\u011b nov\u00e9ho tis\u00edcilet\u00ed je tak\u00e9 rekvalifikace a zvy\u0161ov\u00e1n\u00ed kompetenc\u00ed nebo samotn\u00e1 p\u0159\u00edprava zam\u011bstnanc\u016f na budoucnost, co\u017e \u010dek\u00e1 s\u00a0p\u0159\u00edchodem digitalizace a chytr\u00e9 automatizace obory, kde zat\u00edm k\u00a0velk\u00fdm zm\u011bn\u00e1m nedoch\u00e1zelo. I proto v\u00a0brand\u00fdsk\u00e9m Continentalu pracuj\u00ed nap\u0159\u00edklad na projektu zaveden\u00ed virtu\u00e1ln\u00ed reality pro odborn\u00e1 \u0161kolen\u00ed v\u00a0r\u00e1mci tr\u00e9ninkov\u00e9ho centra. Ve v\u00fdvoji je tak\u00e9 aplikace pro \u00favodn\u00ed \u0161kolen\u00ed p\u0159i vstupu do firmy. V\u00a0neposledn\u00ed \u0159ad\u011b se zam\u011bstnanci pravideln\u011b \u00fa\u010dastn\u00ed odborn\u00fdch konferenc\u00ed na toto t\u00e9ma p\u0159i \u010cVUT.<\/p>\n<p><strong>Continental<\/strong><\/p>\n<p>Continental AG je inov\u00e1torem v oblasti technologi\u00ed a slu\u017eeb, jimi\u017e usiluje o udr\u017eitelnou a propojenou mobilitu lid\u00ed a\u00a0jejich zbo\u017e\u00ed. Technologick\u00e1 spole\u010dnost zalo\u017een\u00e1 v roce 1871 nab\u00edz\u00ed bezpe\u010dn\u00e1, efektivn\u00ed, inteligentn\u00ed a p\u0159edev\u0161\u00edm cenov\u011b dostupn\u00e1 \u0159e\u0161en\u00ed pro vozidla, stroje, dopravu i p\u0159epravu.<\/p>\n<p>V roce 2021 Continental vygeneroval tr\u017eby ve v\u00fd\u0161i 33,8\u00a0miliardy EUR a v sou\u010dasnosti zam\u011bstn\u00e1v\u00e1 v\u00edce ne\u017e 190\u00a0lid\u00ed v\u00a058 r\u016fzn\u00fdch zem\u00edch a trz\u00edch. Dne 8.\u00a0\u0159\u00edjna 2021 spole\u010dnost oslavila 150.\u00a0v\u00fdro\u010d\u00ed sv\u00e9ho zalo\u017een\u00ed.<\/p>\n<p><strong>Continental v Brand\u00fdse nad Labem<\/strong><\/p>\n<p>Ko\u0159eny brand\u00fdsk\u00e9ho z\u00e1vodu Continental Automotive sahaj\u00ed a\u017e k n\u00e1rodn\u00edmu podniku PAL. V roce 1998 se v\u00fdroba z\u00a0p\u016fvodn\u00edch pra\u017esk\u00fdch prostor p\u0159esunula do nov\u011b postaven\u00e9 budovy v Brand\u00fdse nad Labem. V\u00a0sou\u010dasn\u00e9 dob\u011b je brand\u00fdsk\u00fd z\u00e1vod p\u0159edn\u00edm dodavatelem elektroniky pro \u0161irok\u00e9 spektrum v\u00fdrobc\u016f automobil\u016f po cel\u00e9m sv\u011bt\u011b.<\/p>\n<p>Ve v\u00fdrobkov\u00e9m portfoliu najdeme velkoform\u00e1tov\u00e9 displejov\u00e9 \u0159e\u0161en\u00ed, palubn\u00ed p\u0159\u00edstroje, multimedi\u00e1ln\u00ed syst\u00e9my, ovl\u00e1dac\u00ed panely klimatizac\u00ed, autor\u00e1dia, displeje st\u0159edov\u00fdch panel\u016f, vysoce v\u00fdkonn\u00e9 po\u010d\u00edta\u010de, ale i\u00a0telematiku a connectivity boxy s\u00a0funkc\u00ed eCall. V\u00a0Brand\u00fdse dnes pracuje v\u00edce ne\u017e 2\u00a0800 zam\u011bstnanc\u016f.<\/p>\n","protected":false},"excerpt":{"rendered":"<div class=\"mh-excerpt\"><p>Se zav\u00e1d\u011bn\u00edm digitalizace a automatizace se m\u011bn\u00ed i aktu\u00e1ln\u00ed n\u00e1roky trhu pr\u00e1ce. Na vytv\u00e1\u0159en\u00ed nov\u00fdch studijn\u00edch osnov st\u0159edn\u00edch \u0161kol se pod\u00edl\u00ed i Continental Automotive v <a class=\"mh-excerpt-more\" href=\"https:\/\/www.automakersnews.cz\/index.php\/2023\/01\/31\/continental-brandys-podporil-kompetenci-4-0\/\" title=\"Continental Brand\u00fds podpo\u0159il Kompetenci 4.0\">[&#8230;]<\/a><\/p>\n<\/div>","protected":false},"author":1,"featured_media":18095,"comment_status":"open","ping_status":"open","sticky":false,"template":"","format":"standard","meta":{"footnotes":""},"categories":[51],"tags":[],"class_list":["post-18093","post","type-post","status-publish","format-standard","has-post-thumbnail","hentry","category-vzdelani"],"_links":{"self":[{"href":"https:\/\/www.automakersnews.cz\/index.php\/wp-json\/wp\/v2\/posts\/18093","targetHints":{"allow":["GET"]}}],"collection":[{"href":"https:\/\/www.automakersnews.cz\/index.php\/wp-json\/wp\/v2\/posts"}],"about":[{"href":"https:\/\/www.automakersnews.cz\/index.php\/wp-json\/wp\/v2\/types\/post"}],"author":[{"embeddable":true,"href":"https:\/\/www.automakersnews.cz\/index.php\/wp-json\/wp\/v2\/users\/1"}],"replies":[{"embeddable":true,"href":"https:\/\/www.automakersnews.cz\/index.php\/wp-json\/wp\/v2\/comments?post=18093"}],"version-history":[{"count":0,"href":"https:\/\/www.automakersnews.cz\/index.php\/wp-json\/wp\/v2\/posts\/18093\/revisions"}],"wp:featuredmedia":[{"embeddable":true,"href":"https:\/\/www.automakersnews.cz\/index.php\/wp-json\/wp\/v2\/media\/18095"}],"wp:attachment":[{"href":"https:\/\/www.automakersnews.cz\/index.php\/wp-json\/wp\/v2\/media?parent=18093"}],"wp:term":[{"taxonomy":"category","embeddable":true,"href":"https:\/\/www.automakersnews.cz\/index.php\/wp-json\/wp\/v2\/categories?post=18093"},{"taxonomy":"post_tag","embeddable":true,"href":"https:\/\/www.automakersnews.cz\/index.php\/wp-json\/wp\/v2\/tags?post=18093"}],"curies":[{"name":"wp","href":"https:\/\/api.w.org\/{rel}","templated":true}]}}