{"id":1811,"date":"2022-11-04T07:53:21","date_gmt":"2022-11-04T07:53:21","guid":{"rendered":"https:\/\/www.automakersnews.cz\/?p=1811"},"modified":"2022-11-04T07:54:17","modified_gmt":"2022-11-04T07:54:17","slug":"m-motors-miri-na-e-salon-s-mitsubishi-a-mg","status":"publish","type":"post","link":"https:\/\/www.automakersnews.cz\/index.php\/2022\/11\/04\/m-motors-miri-na-e-salon-s-mitsubishi-a-mg\/","title":{"rendered":"M Motors jde na e-Salon s Mitsubishi a MG"},"content":{"rendered":"<p><strong>Zna\u010dky MG a MITSUBISHI se chystaj\u00ed uk\u00e1zat novinky pro rok 2023 na E-SALONu , kter\u00fd se bude konat v Let\u0148anech od 10. do 13. listopadu. &#8222;Bohu\u017eel tam nebude nov\u00e9 MG4, nepoda\u0159ilo se ho dov\u00e9zt,&#8220; zalitoval PR mana\u017eer zna\u010dky Marek Vodi\u010dka. <\/strong><!--more--><\/p>\n<p>\u201cV\u00fdstava E-salon je vrcholem sez\u00f3ny a pro n\u00e1s v\u00a0naprosto ide\u00e1ln\u00edm term\u00ednu, proto\u017ee zanedlouho budeme uv\u00e1d\u011bt hlavn\u00ed novinky pro rok 2023. Rozhodli jsme se tedy p\u0159edstavit hned n\u011bkolik model\u016f MG a Mitsubishi\u201d, \u0159\u00edk\u00e1 Marek Vodi\u010dka, Marketingov\u00fd a PR mana\u017eer M Motors CZ\/SK.<\/p>\n<ul>\n<li><strong>Nov\u00e9 MG ZS EV \u00a0\u00a0\u00a0\u00a0 (elektrick\u00e1 verze modelu ZS)<\/strong><\/li>\n<li><strong>Nov\u00e9 MG5 (unik\u00e1tn\u00ed elektrick\u00fd komb\u00edk)<\/strong><\/li>\n<li><strong>Nov\u00e9 ASX HEV (n\u00e1stupce legendy ASX \u2013 v hybridn\u00ed verzi)<\/strong><\/li>\n<\/ul>\n<p>\u201cPro n\u00e1v\u0161t\u011bvn\u00edky i pro komunikaci na\u0161ich zna\u010dek to m\u00e1 z\u00e1sadn\u00ed v\u00fdznam, proto\u017ee se jedn\u00e1 o region\u00e1ln\u00ed premi\u00e9ry a my tak de facto zahajujeme propagaci t\u011bchto novinek a poprv\u00e9 ofici\u00e1ln\u011b oznamujeme jejich p\u0159\u00edchod na \u010desk\u00fd a slovensk\u00fd trh\u201d, dod\u00e1v\u00e1 Vodi\u010dka.<\/p>\n<p><strong>Spole\u010dn\u00e1 expozice MG a MITSUBISHI bude od 10. do 13. listopadu v\u00a0hale 4 v\u00a0are\u00e1lu PVA spolu s\u00a0hlavn\u00edmi konkuren\u010dn\u00edmi zna\u010dkami.<\/strong><\/p>\n","protected":false},"excerpt":{"rendered":"<div class=\"mh-excerpt\"><p>Zna\u010dky MG a MITSUBISHI se chystaj\u00ed uk\u00e1zat novinky pro rok 2023 na E-SALONu , kter\u00fd se bude konat v Let\u0148anech od 10. do 13. listopadu. <a class=\"mh-excerpt-more\" href=\"https:\/\/www.automakersnews.cz\/index.php\/2022\/11\/04\/m-motors-miri-na-e-salon-s-mitsubishi-a-mg\/\" title=\"M Motors jde na e-Salon s Mitsubishi a MG\">[&#8230;]<\/a><\/p>\n<\/div>","protected":false},"author":1,"featured_media":227,"comment_status":"open","ping_status":"open","sticky":false,"template":"","format":"standard","meta":{"footnotes":""},"categories":[28],"tags":[],"class_list":["post-1811","post","type-post","status-publish","format-standard","has-post-thumbnail","hentry","category-vystavy"],"_links":{"self":[{"href":"https:\/\/www.automakersnews.cz\/index.php\/wp-json\/wp\/v2\/posts\/1811","targetHints":{"allow":["GET"]}}],"collection":[{"href":"https:\/\/www.automakersnews.cz\/index.php\/wp-json\/wp\/v2\/posts"}],"about":[{"href":"https:\/\/www.automakersnews.cz\/index.php\/wp-json\/wp\/v2\/types\/post"}],"author":[{"embeddable":true,"href":"https:\/\/www.automakersnews.cz\/index.php\/wp-json\/wp\/v2\/users\/1"}],"replies":[{"embeddable":true,"href":"https:\/\/www.automakersnews.cz\/index.php\/wp-json\/wp\/v2\/comments?post=1811"}],"version-history":[{"count":0,"href":"https:\/\/www.automakersnews.cz\/index.php\/wp-json\/wp\/v2\/posts\/1811\/revisions"}],"wp:featuredmedia":[{"embeddable":true,"href":"https:\/\/www.automakersnews.cz\/index.php\/wp-json\/wp\/v2\/media\/227"}],"wp:attachment":[{"href":"https:\/\/www.automakersnews.cz\/index.php\/wp-json\/wp\/v2\/media?parent=1811"}],"wp:term":[{"taxonomy":"category","embeddable":true,"href":"https:\/\/www.automakersnews.cz\/index.php\/wp-json\/wp\/v2\/categories?post=1811"},{"taxonomy":"post_tag","embeddable":true,"href":"https:\/\/www.automakersnews.cz\/index.php\/wp-json\/wp\/v2\/tags?post=1811"}],"curies":[{"name":"wp","href":"https:\/\/api.w.org\/{rel}","templated":true}]}}