{"id":18125,"date":"2023-01-31T10:08:11","date_gmt":"2023-01-31T10:08:11","guid":{"rendered":"https:\/\/www.automakersnews.cz\/?p=18125"},"modified":"2023-01-31T10:09:03","modified_gmt":"2023-01-31T10:09:03","slug":"peugeot-loni-prodal-ve-svete-milion-aut","status":"publish","type":"post","link":"https:\/\/www.automakersnews.cz\/index.php\/2023\/01\/31\/peugeot-loni-prodal-ve-svete-milion-aut\/","title":{"rendered":"Peugeot loni prodal ve sv\u011bt\u011b milion aut"},"content":{"rendered":"<p class=\"xmprfx_MsoNormal\"><strong>Zna\u010dka Peugeot zve\u0159ejnila sv\u00e9 obchodn\u00ed v\u00fdsledky za rok 2022. Celkem loni registrovala 1 056 182 vozidel, z toho 722 466 v Evrop\u011b. Ohl\u00e1sila Pokra\u010duj\u00edc\u00ed r\u016fst prodej\u016f na mezin\u00e1rodn\u00edch trz\u00edch mimo Evropu na 27,4 % celosv\u011btov\u00e9ho prodeje, tj. +3,7 % oproti roku 2021.<\/strong><!--more--><\/p>\n<p>Celkem 38 zem\u00ed p\u0159ekonalo podle vlastn\u00edch statistik Peugeotu rekord z hlediska pod\u00edlu na trhu .<\/p>\n<p>Peugeot 208 je nejprod\u00e1van\u011bj\u0161\u00edm vozem na evropsk\u00e9m trhu v r\u00e1mci v\u0161ech segment\u016f (OV\/UV EUR30), stoj\u00ed s vozem e-208 v \u010dele elektromobil\u016f segmentu B. P\u011btina voz\u016f Peugeot na trhu EU30 je vybavena elektromotorem.<\/p>\n<p><em>\u201eVe velmi obt\u00ed\u017en\u00e9m celosv\u011btov\u00e9m kontextu mohu s hrdost\u00ed ozn\u00e1mit, \u017ee se zna\u010dce Peugeot poda\u0159ilo zv\u00fd\u0161it sv\u00e9 prodeje mimo Evropu o t\u00e9m\u011b\u0159 4 % a p\u011btina jej\u00edch voz\u016f prodan\u00fdch v Evrop\u011b je vybavena elektrick\u00fdm motorem. Peugeot e-208 stoj\u00ed v\u00a0Evrop\u011b v\u00a0\u010dele elektromobil\u016f segmentu B,\u201c <\/em>Linda Jackson, \u00a0gener\u00e1ln\u00ed \u0159editelka zna\u010dky Peugeot.<\/p>\n<figure id=\"attachment_712\" aria-describedby=\"caption-attachment-712\" style=\"width: 1024px\" class=\"wp-caption alignnone\"><img loading=\"lazy\" decoding=\"async\" class=\"size-large wp-image-712\" src=\"http:\/\/www.automakersnews.cz\/wp-content\/uploads\/2022\/10\/Peugeot-208-1024x576.jpg\" alt=\"\" width=\"1024\" height=\"576\" srcset=\"https:\/\/www.automakersnews.cz\/wp-content\/uploads\/2022\/10\/Peugeot-208-1024x576.jpg 1024w, https:\/\/www.automakersnews.cz\/wp-content\/uploads\/2022\/10\/Peugeot-208-300x169.jpg 300w, https:\/\/www.automakersnews.cz\/wp-content\/uploads\/2022\/10\/Peugeot-208-768x432.jpg 768w, https:\/\/www.automakersnews.cz\/wp-content\/uploads\/2022\/10\/Peugeot-208-1536x864.jpg 1536w, https:\/\/www.automakersnews.cz\/wp-content\/uploads\/2022\/10\/Peugeot-208-678x381.jpg 678w, https:\/\/www.automakersnews.cz\/wp-content\/uploads\/2022\/10\/Peugeot-208.jpg 1920w\" sizes=\"auto, (max-width: 1024px) 100vw, 1024px\" \/><figcaption id=\"caption-attachment-712\" class=\"wp-caption-text\">Model 208 pat\u0159\u00ed k tahoun\u016fm prodeje<\/figcaption><\/figure>\n<p><strong>Zdroj: Radka Matthey<\/strong><\/p>\n<p><strong>\u00a0<\/strong><\/p>\n","protected":false},"excerpt":{"rendered":"<div class=\"mh-excerpt\"><p>Zna\u010dka Peugeot zve\u0159ejnila sv\u00e9 obchodn\u00ed v\u00fdsledky za rok 2022. Celkem loni registrovala 1 056 182 vozidel, z toho 722 466 v Evrop\u011b. Ohl\u00e1sila Pokra\u010duj\u00edc\u00ed r\u016fst <a class=\"mh-excerpt-more\" href=\"https:\/\/www.automakersnews.cz\/index.php\/2023\/01\/31\/peugeot-loni-prodal-ve-svete-milion-aut\/\" title=\"Peugeot loni prodal ve sv\u011bt\u011b milion aut\">[&#8230;]<\/a><\/p>\n<\/div>","protected":false},"author":1,"featured_media":708,"comment_status":"open","ping_status":"open","sticky":false,"template":"","format":"standard","meta":{"footnotes":""},"categories":[8],"tags":[],"class_list":["post-18125","post","type-post","status-publish","format-standard","has-post-thumbnail","hentry","category-statistika"],"_links":{"self":[{"href":"https:\/\/www.automakersnews.cz\/index.php\/wp-json\/wp\/v2\/posts\/18125","targetHints":{"allow":["GET"]}}],"collection":[{"href":"https:\/\/www.automakersnews.cz\/index.php\/wp-json\/wp\/v2\/posts"}],"about":[{"href":"https:\/\/www.automakersnews.cz\/index.php\/wp-json\/wp\/v2\/types\/post"}],"author":[{"embeddable":true,"href":"https:\/\/www.automakersnews.cz\/index.php\/wp-json\/wp\/v2\/users\/1"}],"replies":[{"embeddable":true,"href":"https:\/\/www.automakersnews.cz\/index.php\/wp-json\/wp\/v2\/comments?post=18125"}],"version-history":[{"count":0,"href":"https:\/\/www.automakersnews.cz\/index.php\/wp-json\/wp\/v2\/posts\/18125\/revisions"}],"wp:featuredmedia":[{"embeddable":true,"href":"https:\/\/www.automakersnews.cz\/index.php\/wp-json\/wp\/v2\/media\/708"}],"wp:attachment":[{"href":"https:\/\/www.automakersnews.cz\/index.php\/wp-json\/wp\/v2\/media?parent=18125"}],"wp:term":[{"taxonomy":"category","embeddable":true,"href":"https:\/\/www.automakersnews.cz\/index.php\/wp-json\/wp\/v2\/categories?post=18125"},{"taxonomy":"post_tag","embeddable":true,"href":"https:\/\/www.automakersnews.cz\/index.php\/wp-json\/wp\/v2\/tags?post=18125"}],"curies":[{"name":"wp","href":"https:\/\/api.w.org\/{rel}","templated":true}]}}