{"id":18162,"date":"2023-01-31T12:35:02","date_gmt":"2023-01-31T12:35:02","guid":{"rendered":"https:\/\/www.automakersnews.cz\/?p=18162"},"modified":"2023-01-31T12:37:53","modified_gmt":"2023-01-31T12:37:53","slug":"znacka-mg-uvadi-na-trh-benzinovy-hs","status":"publish","type":"post","link":"https:\/\/www.automakersnews.cz\/index.php\/2023\/01\/31\/znacka-mg-uvadi-na-trh-benzinovy-hs\/","title":{"rendered":"Zna\u010dka MG uv\u00e1d\u00ed na trh benz\u00ednov\u00fd HS"},"content":{"rendered":"<p><strong>Po \u0161esti m\u011bs\u00edc\u00edch od vstupu na \u010desk\u00fd a slovensk\u00fd trh uv\u00e1d\u00ed MG na trh v po\u0159ad\u00ed t\u0159et\u00ed model v podob\u011b benz\u00ednov\u00e9ho SUV HS. Jedn\u00e1 se o SUV st\u0159edn\u00ed kategorie, kter\u00e9 vych\u00e1z\u00ed z plug-in hybridn\u00edho modelu EHS, s \u010dist\u011b benz\u00ednov\u00fdm pohonem.<\/strong><!--more--><\/p>\n<p>&#8222;Na tento model jsme se velice t\u011b\u0161ili, proto\u017ee v\u011b\u0159\u00edme, \u017ee d\u00edky skv\u011bl\u00e9mu pom\u011bru cena \/ v\u00fdkon se bude do budoucna jednat o jeden z pil\u00ed\u0159\u016f prodej\u016f v na\u0161em regionu. Ide\u00e1ln\u011b tak dopln\u00edme na\u0161e existuj\u00edc\u00ed modely ZS a EHS.\u201c, \u0159\u00edk\u00e1 Kamil \u0160ilhav\u00fd, gener\u00e1ln\u00ed \u0159editel MG Motor pro \u010cR a SR.<\/p>\n<p><strong>NOV\u00c9 MG HS<\/strong><\/p>\n<p>Nov\u00e9 HS chce zaujmout designem jasn\u011b ukazuj\u00edc\u00edm na jeho SUV schopnosti. P\u0159i v\u00fdvoji byla v\u011bnov\u00e1na zna\u010dn\u00e1 pozornost kvalit\u011b a v\u00fdb\u011bru \u0161pi\u010dkov\u00fdch materi\u00e1l\u016f palubn\u00ed desky i cel\u00e9ho komfortn\u00edho interi\u00e9ru.<\/p>\n<p>Centr\u00e1ln\u00ed dotykov\u00e1 obrazovka infotainmentu se chlub\u00ed \u00fahlop\u0159\u00ed\u010dkou 10,1 palc\u016f. Z v\u00fdb\u011bru bezpe\u010dnostn\u00edch technologi\u00ed stoj\u00ed za zm\u00ednku MG Pilot, kter\u00fd zast\u0159e\u0161uje hned n\u011bkolik d\u016fle\u017eit\u00fdch asisten\u010dn\u00edch syst\u00e9m\u016f najednou, kdy nap\u0159\u00edklad k detekov\u00e1n\u00ed prostoru p\u0159ed vozem vyu\u017e\u00edv\u00e1 kombinace kamery a radaru.<\/p>\n<p>K pohonu MG HS slou\u017e\u00ed z\u00e1\u017eehov\u00fd p\u0159epl\u0148ovan\u00fd \u010dty\u0159v\u00e1lec 1,5 TGI s v\u00fdkonem 119 kW \/ 162 kon\u00ed. Model je k dispozici s \u0161estistup\u0148ovou manu\u00e1ln\u00ed nebo sedmistup\u0148ovou automatickou dvouspojkovou p\u0159evodovkou. MG HS tak\u00e9 nab\u00edz\u00ed luxusn\u00ed \u010derven\u00fd interi\u00e9r, kter\u00fd je mo\u017en\u00e9 m\u00edt jako Paket Style v r\u00e1mci p\u0159\u00edplatkov\u00e9 v\u00fdbavy na p\u0159\u00e1n\u00ed.<\/p>\n<ul type=\"disc\">\n<li class=\"xmprfx_MsoNormal\">Model HS p\u0159ich\u00e1z\u00ed jako t\u0159et\u00ed novinka MG<\/li>\n<li class=\"xmprfx_MsoNormal\">Motor 1,5 TGI s v\u00fdkonem 119 kW \/ 162 kon\u00ed<\/li>\n<li class=\"xmprfx_MsoNormal\">\u0160estistup\u0148ov\u00e1 manu\u00e1ln\u00ed nebo sedmistup\u0148ov\u00e1 automatick\u00e1 dvouspojkov\u00e1 p\u0159evodovka<\/li>\n<li class=\"xmprfx_MsoNormal\">Z\u00e1ruka 7 let \/ 150\u00a0000 km<\/li>\n<li class=\"xmprfx_MsoNormal\">Cena od 663\u00a0940 K\u010d<\/li>\n<\/ul>\n<p><strong>Zdroj: Marek Vodi\u010dka<\/strong><\/p>\n","protected":false},"excerpt":{"rendered":"<div class=\"mh-excerpt\"><p>Po \u0161esti m\u011bs\u00edc\u00edch od vstupu na \u010desk\u00fd a slovensk\u00fd trh uv\u00e1d\u00ed MG na trh v po\u0159ad\u00ed t\u0159et\u00ed model v podob\u011b benz\u00ednov\u00e9ho SUV HS. Jedn\u00e1 se <a class=\"mh-excerpt-more\" href=\"https:\/\/www.automakersnews.cz\/index.php\/2023\/01\/31\/znacka-mg-uvadi-na-trh-benzinovy-hs\/\" title=\"Zna\u010dka MG uv\u00e1d\u00ed na trh benz\u00ednov\u00fd HS\">[&#8230;]<\/a><\/p>\n<\/div>","protected":false},"author":1,"featured_media":18164,"comment_status":"open","ping_status":"open","sticky":false,"template":"","format":"standard","meta":{"footnotes":""},"categories":[44,31],"tags":[],"class_list":["post-18162","post","type-post","status-publish","format-standard","has-post-thumbnail","hentry","category-ceny-novinek","category-premiery"],"_links":{"self":[{"href":"https:\/\/www.automakersnews.cz\/index.php\/wp-json\/wp\/v2\/posts\/18162","targetHints":{"allow":["GET"]}}],"collection":[{"href":"https:\/\/www.automakersnews.cz\/index.php\/wp-json\/wp\/v2\/posts"}],"about":[{"href":"https:\/\/www.automakersnews.cz\/index.php\/wp-json\/wp\/v2\/types\/post"}],"author":[{"embeddable":true,"href":"https:\/\/www.automakersnews.cz\/index.php\/wp-json\/wp\/v2\/users\/1"}],"replies":[{"embeddable":true,"href":"https:\/\/www.automakersnews.cz\/index.php\/wp-json\/wp\/v2\/comments?post=18162"}],"version-history":[{"count":0,"href":"https:\/\/www.automakersnews.cz\/index.php\/wp-json\/wp\/v2\/posts\/18162\/revisions"}],"wp:featuredmedia":[{"embeddable":true,"href":"https:\/\/www.automakersnews.cz\/index.php\/wp-json\/wp\/v2\/media\/18164"}],"wp:attachment":[{"href":"https:\/\/www.automakersnews.cz\/index.php\/wp-json\/wp\/v2\/media?parent=18162"}],"wp:term":[{"taxonomy":"category","embeddable":true,"href":"https:\/\/www.automakersnews.cz\/index.php\/wp-json\/wp\/v2\/categories?post=18162"},{"taxonomy":"post_tag","embeddable":true,"href":"https:\/\/www.automakersnews.cz\/index.php\/wp-json\/wp\/v2\/tags?post=18162"}],"curies":[{"name":"wp","href":"https:\/\/api.w.org\/{rel}","templated":true}]}}