{"id":18167,"date":"2023-01-31T12:52:17","date_gmt":"2023-01-31T12:52:17","guid":{"rendered":"https:\/\/www.automakersnews.cz\/?p=18167"},"modified":"2023-01-31T12:52:17","modified_gmt":"2023-01-31T12:52:17","slug":"skodovka-v-patek-omezi-vyrobu","status":"publish","type":"post","link":"https:\/\/www.automakersnews.cz\/index.php\/2023\/01\/31\/skodovka-v-patek-omezi-vyrobu\/","title":{"rendered":"\u0160kodovka v p\u00e1tek omez\u00ed v\u00fdrobu"},"content":{"rendered":"<p class=\"b_aH e_hO\" data-dot=\"ogm-article-perex\"><strong>\u0160koda Auto omez\u00ed od p\u00e1tku kv\u016fli nedostatku \u010dip\u016f v\u00fdrobu. Odst\u00e1vky se dotknou z\u00e1vod\u016f v Mlad\u00e9 Boleslavi a Vrchlab\u00ed, v Kvasin\u00e1ch se naopak d\u00e1l vyr\u00e1b\u00ed bez omezen\u00ed. Na informaci t\u00fdden\u00edku \u0160kodov\u00e1ck\u00fd odbor\u00e1\u0159 v pond\u011bl\u00ed upozornil server Novinky.cz.<\/strong><!--more--><\/p>\n<p class=\"b_aH e_hO\" data-dot=\"ogm-article-perex\">Ve \u0161kodov\u00e1ck\u00e9m z\u00e1vod\u011b MB I, kde se vyr\u00e1b\u011bj\u00ed modely Octavia a Enyaq, budou od \u00fater\u00fd do p\u00e1tku jen rann\u00ed sm\u011bny. \u201eStejn\u011b tak to bude ve sva\u0159ovn\u011b MB I, kde se nav\u00edc pojede no\u010dn\u00ed z pond\u011bl\u00ed na \u00fater\u00fd a \u010dtvrte\u010dn\u00ed odpoledn\u00ed v omezen\u00e9m re\u017eimu,\u201c uvedl t\u00fdden\u00edk. Pracovn\u00edci v lakovn\u011b MB B pak budou m\u00edt tento t\u00fdden jen rann\u00ed sm\u011bny v \u00fater\u00fd, st\u0159edu a \u010dtvrtek, \u00fatern\u00ed bude nav\u00edc v omezen\u00e9m re\u017eimu.<\/p>\n<div class=\"e_hM\" data-e2e=\"ogm-article-layout\">\n<article class=\"e_iu\" role=\"article\" aria-labelledby=\"accessibility-article\">\n<div class=\"e_iv\" data-dot=\"ogm-article-content\">\n<div class=\"c_en mol-rich-content--for-article\">\n<div class=\"c_aH\" data-dot=\"mol-paragraph\">\n<p class=\"b_aH\"><span class=\"atm-text-decorator\">V z\u00e1vod\u011b MB II, kde se vyr\u00e1b\u011bj\u00ed modely Fabia, Scala a Kamiq, odpadly v\u0161echny t\u0159i dne\u0161n\u00ed sm\u011bny, ve zbytku t\u00fddne bude fungovat norm\u00e1ln\u011b. Dne\u0161n\u00ed sm\u011bny zru\u0161ili tak\u00e9 v lakovn\u011b MB A, zbytek t\u00fddne bude v omezen\u00e9m re\u017eimu.<\/span><\/p>\n<\/div>\n<div class=\"c_aH\" data-dot=\"mol-paragraph\">\n<p class=\"b_aH\"><span class=\"atm-text-decorator\">Sm\u011bny se ru\u0161\u00ed rovn\u011b\u017e ve Vrchlab\u00ed ve dvacetism\u011bnn\u00e9m re\u017eimu na mont\u00e1\u017ei p\u0159evodovek a\u00a0obr\u00e1b\u011bn\u00ed. V\u00fdroba se tam zastav\u00ed ve \u010dtvrtek v\u00a018:00\u00a0a\u00a0za\u010dne znovu v\u00a0pond\u011bl\u00ed 6.\u00a0\u00fanora v\u00a018:00.\u00a0Na n\u011bkter\u00fdch dal\u0161\u00edch pracovi\u0161t\u00edch, nap\u0159\u00edklad v\u00a0kal\u00edrn\u011b, budou n\u011bkter\u00e9 sm\u011bny v\u00a0omezen\u00e9m re\u017eimu.<\/span><\/p>\n<\/div>\n<div class=\"c_fC js-ad c_bA\">\u201eOdbory KOVO pro dot\u010den\u00e9 zam\u011bstnance op\u011bt vyjednaly n\u00e1hradu ve v\u00fd\u0161i 80 procent pr\u016fm\u011brn\u00e9 mzdy, tedy cca denn\u00ed v\u00fdd\u011blek,\u201c dodal t\u00fdden\u00edk.<\/div>\n<div><\/div>\n<div><strong>V\u00fdrobu zastav\u00ed kol\u00ednsk\u00e1 Toyota\u00a0<\/strong><\/div>\n<div class=\"c_aH\" data-dot=\"mol-paragraph\">\n<p class=\"b_aH\">Tuzemsk\u00e9 automobilky masivn\u00ed zastavov\u00e1n\u00ed v\u00fdroby na t\u00fddny nebo dokonce m\u011bs\u00edce znaj\u00ed z krizov\u00e9ho roku 2008.<\/p>\n<p class=\"b_aH\">\u00a0<a class=\"b_an\" href=\"https:\/\/www.garaz.cz\/clanek\/novinky-kolinske-toyote-chybi-dily-na-cas-zastavi-vyrobni-linky-21009645\" target=\"_blank\" rel=\"noopener\">V\u00a0kol\u00ednsk\u00e9 automobilce Toyota je posledn\u00ed sm\u011bna napl\u00e1novan\u00e1 na \u00fater\u00fd<\/a>. Celkov\u00e1 doba odst\u00e1vky nen\u00ed zn\u00e1m\u00e1, ale m\u011bla by to b\u00fdt v\u011bt\u0161\u00ed \u010d\u00e1st \u00fater\u00fd. Chyb\u00ed komponenty do obou model\u016f, kter\u00e9 moment\u00e1ln\u011b v\u00a0Kol\u00edn\u011b vyr\u00e1b\u00ed, a\u00a0to Aygo a\u00a0Yaris.<\/p>\n<p><img loading=\"lazy\" decoding=\"async\" class=\"alignnone size-large wp-image-7314\" src=\"http:\/\/www.automakersnews.cz\/wp-content\/uploads\/2022\/12\/TMMCZ_AygoX-Toyota-Yaris-1024x683.jpg\" alt=\"\" width=\"1024\" height=\"683\" \/><\/p>\n<\/div>\n<\/div>\n<\/div>\n<\/article>\n<\/div>\n","protected":false},"excerpt":{"rendered":"<div class=\"mh-excerpt\"><p>\u0160koda Auto omez\u00ed od p\u00e1tku kv\u016fli nedostatku \u010dip\u016f v\u00fdrobu. Odst\u00e1vky se dotknou z\u00e1vod\u016f v Mlad\u00e9 Boleslavi a Vrchlab\u00ed, v Kvasin\u00e1ch se naopak d\u00e1l vyr\u00e1b\u00ed bez <a class=\"mh-excerpt-more\" href=\"https:\/\/www.automakersnews.cz\/index.php\/2023\/01\/31\/skodovka-v-patek-omezi-vyrobu\/\" title=\"\u0160kodovka v p\u00e1tek omez\u00ed v\u00fdrobu\">[&#8230;]<\/a><\/p>\n<\/div>","protected":false},"author":1,"featured_media":517,"comment_status":"open","ping_status":"open","sticky":false,"template":"","format":"standard","meta":{"footnotes":""},"categories":[2,41],"tags":[],"class_list":["post-18167","post","type-post","status-publish","format-standard","has-post-thumbnail","hentry","category-news","category-vyroba"],"_links":{"self":[{"href":"https:\/\/www.automakersnews.cz\/index.php\/wp-json\/wp\/v2\/posts\/18167","targetHints":{"allow":["GET"]}}],"collection":[{"href":"https:\/\/www.automakersnews.cz\/index.php\/wp-json\/wp\/v2\/posts"}],"about":[{"href":"https:\/\/www.automakersnews.cz\/index.php\/wp-json\/wp\/v2\/types\/post"}],"author":[{"embeddable":true,"href":"https:\/\/www.automakersnews.cz\/index.php\/wp-json\/wp\/v2\/users\/1"}],"replies":[{"embeddable":true,"href":"https:\/\/www.automakersnews.cz\/index.php\/wp-json\/wp\/v2\/comments?post=18167"}],"version-history":[{"count":0,"href":"https:\/\/www.automakersnews.cz\/index.php\/wp-json\/wp\/v2\/posts\/18167\/revisions"}],"wp:featuredmedia":[{"embeddable":true,"href":"https:\/\/www.automakersnews.cz\/index.php\/wp-json\/wp\/v2\/media\/517"}],"wp:attachment":[{"href":"https:\/\/www.automakersnews.cz\/index.php\/wp-json\/wp\/v2\/media?parent=18167"}],"wp:term":[{"taxonomy":"category","embeddable":true,"href":"https:\/\/www.automakersnews.cz\/index.php\/wp-json\/wp\/v2\/categories?post=18167"},{"taxonomy":"post_tag","embeddable":true,"href":"https:\/\/www.automakersnews.cz\/index.php\/wp-json\/wp\/v2\/tags?post=18167"}],"curies":[{"name":"wp","href":"https:\/\/api.w.org\/{rel}","templated":true}]}}