{"id":18198,"date":"2023-01-31T13:51:03","date_gmt":"2023-01-31T13:51:03","guid":{"rendered":"https:\/\/www.automakersnews.cz\/?p=18198"},"modified":"2023-01-31T14:03:53","modified_gmt":"2023-01-31T14:03:53","slug":"renault-meni-produktoveho-manazera","status":"publish","type":"post","link":"https:\/\/www.automakersnews.cz\/index.php\/2023\/01\/31\/renault-meni-produktoveho-manazera\/","title":{"rendered":"Renault m\u011bn\u00ed produktov\u00e9ho mana\u017eera"},"content":{"rendered":"<p><strong>Dosavadn\u00edho produktov\u00e9ho mana\u017eera pro segment C Mirka Dvo\u0159\u00e1ka nahrad\u00ed v Renaultu \u010cR na pozici jeho kolega z importu. Kam Dvo\u0159\u00e1k odch\u00e1z\u00ed?<\/strong><!--more--><\/p>\n<p>Mirek Dvo\u0159\u00e1k vystudoval V\u0160E Praha, pro\u0161el st\u00e1\u017e\u00ed u zna\u010dky KIA a v Renaultu pracoval na pln\u00fd \u00favazek p\u0159es t\u0159i roky jako produktov\u00fd specialista pro C segment.<\/p>\n<p>&#8222;Nyn\u00ed jsem dostal nab\u00eddku na pr\u00e1ci ve \u0160v\u00fdcarsku, jde o zaj\u00edmavou pozici v IT oboru,&#8220; \u0159ekl na\u0161emu port\u00e1lu Dvo\u0159\u00e1k, kter\u00fd je\u0161t\u011b jako posledn\u00ed model ze sv\u00e9ho ranku odprezentoval novin\u00e1\u0159\u016fm nov\u00fd Austral.<\/p>\n<section id=\"ember712\" class=\"artdeco-card ember-view relative break-words pb3 mt2 \" tabindex=\"-1\">\n<div class=\"pvs-list__outer-container\">\n<div class=\"pvs-entity pvs-entity--padded pvs-list__item--no-padding-when-nested \">\n<div class=\"display-flex flex-column full-width align-self-center\">\n<p>Na pozici ho v \u00fanoru nahrad\u00ed jeho kolega Tom\u00e1\u0161 B\u011bloch.<\/p>\n<\/div>\n<div><img loading=\"lazy\" decoding=\"async\" class=\"alignnone size-large wp-image-18200\" src=\"http:\/\/www.automakersnews.cz\/wp-content\/uploads\/2023\/01\/Renault-Dvorak-1024x768.jpg\" alt=\"\" width=\"1024\" height=\"768\" srcset=\"https:\/\/www.automakersnews.cz\/wp-content\/uploads\/2023\/01\/Renault-Dvorak-1024x768.jpg 1024w, https:\/\/www.automakersnews.cz\/wp-content\/uploads\/2023\/01\/Renault-Dvorak-300x225.jpg 300w, https:\/\/www.automakersnews.cz\/wp-content\/uploads\/2023\/01\/Renault-Dvorak-768x576.jpg 768w, https:\/\/www.automakersnews.cz\/wp-content\/uploads\/2023\/01\/Renault-Dvorak-1536x1152.jpg 1536w, https:\/\/www.automakersnews.cz\/wp-content\/uploads\/2023\/01\/Renault-Dvorak-678x509.jpg 678w, https:\/\/www.automakersnews.cz\/wp-content\/uploads\/2023\/01\/Renault-Dvorak-326x245.jpg 326w, https:\/\/www.automakersnews.cz\/wp-content\/uploads\/2023\/01\/Renault-Dvorak-80x60.jpg 80w, https:\/\/www.automakersnews.cz\/wp-content\/uploads\/2023\/01\/Renault-Dvorak.jpg 2040w\" sizes=\"auto, (max-width: 1024px) 100vw, 1024px\" \/><\/div>\n<\/div>\n<\/div>\n<\/section>\n","protected":false},"excerpt":{"rendered":"<div class=\"mh-excerpt\"><p>Dosavadn\u00edho produktov\u00e9ho mana\u017eera pro segment C Mirka Dvo\u0159\u00e1ka nahrad\u00ed v Renaultu \u010cR na pozici jeho kolega z importu. Kam Dvo\u0159\u00e1k odch\u00e1z\u00ed?<\/p>\n<\/div>","protected":false},"author":1,"featured_media":18199,"comment_status":"open","ping_status":"open","sticky":false,"template":"","format":"standard","meta":{"footnotes":""},"categories":[2,3],"tags":[],"class_list":["post-18198","post","type-post","status-publish","format-standard","has-post-thumbnail","hentry","category-news","category-personalie"],"_links":{"self":[{"href":"https:\/\/www.automakersnews.cz\/index.php\/wp-json\/wp\/v2\/posts\/18198","targetHints":{"allow":["GET"]}}],"collection":[{"href":"https:\/\/www.automakersnews.cz\/index.php\/wp-json\/wp\/v2\/posts"}],"about":[{"href":"https:\/\/www.automakersnews.cz\/index.php\/wp-json\/wp\/v2\/types\/post"}],"author":[{"embeddable":true,"href":"https:\/\/www.automakersnews.cz\/index.php\/wp-json\/wp\/v2\/users\/1"}],"replies":[{"embeddable":true,"href":"https:\/\/www.automakersnews.cz\/index.php\/wp-json\/wp\/v2\/comments?post=18198"}],"version-history":[{"count":0,"href":"https:\/\/www.automakersnews.cz\/index.php\/wp-json\/wp\/v2\/posts\/18198\/revisions"}],"wp:featuredmedia":[{"embeddable":true,"href":"https:\/\/www.automakersnews.cz\/index.php\/wp-json\/wp\/v2\/media\/18199"}],"wp:attachment":[{"href":"https:\/\/www.automakersnews.cz\/index.php\/wp-json\/wp\/v2\/media?parent=18198"}],"wp:term":[{"taxonomy":"category","embeddable":true,"href":"https:\/\/www.automakersnews.cz\/index.php\/wp-json\/wp\/v2\/categories?post=18198"},{"taxonomy":"post_tag","embeddable":true,"href":"https:\/\/www.automakersnews.cz\/index.php\/wp-json\/wp\/v2\/tags?post=18198"}],"curies":[{"name":"wp","href":"https:\/\/api.w.org\/{rel}","templated":true}]}}