{"id":183,"date":"2022-07-20T14:11:46","date_gmt":"2022-07-20T14:11:46","guid":{"rendered":"http:\/\/www.automakersnews.cz\/?p=183"},"modified":"2022-07-20T14:12:45","modified_gmt":"2022-07-20T14:12:45","slug":"zebra-se-podili-na-vyvoji-vodikoveho-pohonu","status":"publish","type":"post","link":"https:\/\/www.automakersnews.cz\/index.php\/2022\/07\/20\/zebra-se-podili-na-vyvoji-vodikoveho-pohonu\/","title":{"rendered":"ZEBRA Group chce vyv\u00edjet vod\u00edkov\u00fd pohon"},"content":{"rendered":"<p align=\"JUSTIFY\"><span style=\"font-family: Corbel, serif;\"><b>\u010cesk\u00e1 <\/b><\/span><a href=\"#utm_source=firmy.cz&amp;utm_medium=ppd&amp;utm_campaign=firmy.cz-12911480\"><span style=\"color: #1155cc;\"><span style=\"font-family: Corbel, serif;\"><u><b>ZEBRA GROUP<\/b><\/u><\/span><\/span><\/a><span style=\"font-family: Corbel, serif;\"><b> vyr\u00e1b\u011bj\u00edc\u00ed u\u017eitkov\u00e9 multifunk\u010dn\u00ed vozy ZEBRA se stala signat\u00e1\u0159em mezin\u00e1rodn\u00edho memoranda o spolupr\u00e1ci v oblasti v\u00fdvoje vod\u00edkov\u00e9ho pohonu. Spole\u010dn\u011b s dal\u0161\u00edmi \u00fa\u010dastn\u00edky a korejskou asociac\u00ed H2Korea, podepsala ZEBRA memorandum o spolupr\u00e1ci na konci \u010dervna 2022.<\/b><\/span><!--more--><\/p>\n<p align=\"JUSTIFY\"><span style=\"font-family: Corbel, serif;\"> Podpisu se z\u00fa\u010dastnily i dal\u0161\u00ed \u010desk\u00e9 spole\u010dnosti v \u010dele s \u010ceskou vod\u00edkovou technologickou platformou (HYTEP). Cel\u00e1 akce prob\u011bhla za p\u0159\u00edtomnosti ministra pr\u016fmyslu a obchodu \u010cR Jozefa S\u00edkely a korejsk\u00e9ho ministra pr\u016fmyslu Chang Yanga.<\/span><\/p>\n<p align=\"JUSTIFY\"><span style=\"color: #000000;\"><span style=\"font-family: Corbel, serif;\">Hlavn\u00edm c\u00edlem nov\u00e9 spolupr\u00e1ce je podpora vod\u00edkov\u00e9 mobility v \u010cesk\u00e9 republice, p\u0159edev\u0161\u00edm v oblasti n\u00e1kladn\u00ed a autobusov\u00e9 dopravy. Program se soust\u0159ed\u00ed na pilotn\u00ed projekty zam\u011b\u0159en\u00e9 na v\u00fdrobu za\u0159\u00edzen\u00ed a vozidel i na jejich n\u00e1sledn\u00fd provoz. \u010cesk\u00e1 automobilka ZEBRA GROUP je jedn\u00edm z \u010desk\u00fdch signat\u00e1\u0159\u016f, kter\u00fd vyv\u00edj\u00ed vlastn\u00ed vod\u00edkov\u00e9 vozidlo s ozna\u010den\u00edm HTZEBRA.<\/span><\/span><\/p>\n<p align=\"JUSTIFY\"><span style=\"color: #000000;\"><span style=\"font-family: Corbel, serif;\">Spole\u010dn\u011b se ZEBROU jsou dal\u0161\u00edmi \u010desk\u00fdmi signat\u00e1\u0159i smlouvy spole\u010dnosti Tatra Trucks, Spolek pro chemickou a hutn\u00ed v\u00fdrobu, Orlen Unipetrol RPA, V\u00edtkovice Cylinders, DEVINN, W.A.G. payment solutions (EUROWAG), \u00daJV \u0158e\u017e, Z\u00e1silkovna a Iveco Bus. Za Korejskou republiku se \u00fa\u010dastn\u00ed spole\u010dnosti Hyundai Motor Company a Hyundai Glovis. V\u0161echny spole\u010dnosti sd\u00edl\u00ed n\u00e1zor, \u017ee v p\u0159echodu k ekologick\u00fdm zdroj\u016fm energie bude hr\u00e1t vod\u00edk velice d\u016fle\u017eitou roli. <\/span><\/span><\/p>\n<p align=\"JUSTIFY\"><span style=\"color: #000000;\"><span style=\"font-family: Corbel, serif;\"><b>Jednatel spole\u010dnosti ZEBRA GROUP Petr \u0158ih\u00e1k<\/b><\/span><span style=\"font-family: Corbel, serif;\"> k podpisu memoranda \u0159\u00edk\u00e1:<\/span><\/span><\/p>\n<p align=\"JUSTIFY\"><span style=\"color: #000000;\"> <span style=\"font-family: Corbel, serif;\"><i>\u201cV\u0161ude v z\u00e1padn\u00ed Evrop\u011b u\u017e mezi v\u00fdrobci n\u00e1kladn\u00ed i u\u017eitkov\u00e9 techniky panuje v podstat\u011b absolutn\u00ed konsensus: Nab\u00eddka nov\u00fdch typ\u016f pohon\u016f vozidel, a\u0165 u\u017e elektro, nebo vod\u00edku, se do n\u011bkolika let stane naprosto nezbytnou. V \u010cesk\u00e9 republice p\u0159ed t\u00edmto faktem podle m\u011b je\u0161t\u011b trochu zav\u00edr\u00e1me o\u010di. ZEBRA GROUP chce p\u0159istoupen\u00edm k t\u00e9to mezin\u00e1rodn\u00ed spolupr\u00e1ci zejm\u00e9na urychlit v\u00fdvoj sv\u00e9ho vozidla s vod\u00edkov\u00fdm pohonem. Vn\u00edm\u00e1me to jako logick\u00e9 pokra\u010dov\u00e1n\u00ed projektu u\u017eitkov\u00e9ho vozidla s vod\u00edkov\u00fdm prodlu\u017eova\u010dem dojezdu, na kter\u00e9m ZEBRA ji\u017e n\u011bkolik let spolupracuje s \u00daJV \u0158e\u017e a SV\u00daM \u010cel\u00e1kovice.\u201d<\/i><\/span> <\/span><\/p>\n<p align=\"JUSTIFY\"><span style=\"color: #000000;\"><span style=\"font-family: Corbel, serif;\">Asociace H2Korea pova\u017euje tuto spolupr\u00e1ci za velkou p\u0159\u00edle\u017eitost v oblasti rozvoje vod\u00edkov\u00fdch technologi\u00ed v \u010cesk\u00e9 republice. Sou\u010dasn\u011b je otev\u0159ena hled\u00e1n\u00ed nov\u00fdch partner\u016f pro spolupr\u00e1ci. Zapoj\u00ed se tak\u00e9 Hyundai Motor, kter\u00fd bude podporovat dod\u00e1vky a v\u00fdvoj syst\u00e9m\u016f palivov\u00fdch \u010dl\u00e1nk\u016f, edukaci o vod\u00edkov\u00e9m pr\u016fmyslu, v\u00fdstavbu infrastruktury pro distribuci vod\u00edku a nab\u00edjen\u00ed.<\/span><\/span><\/p>\n<p align=\"JUSTIFY\"><span style=\"color: #000000;\"><span style=\"font-family: Corbel, serif;\"><span style=\"font-size: small;\"><u><b>O spole\u010dnosti ZEBRA GROUP:<\/b><\/u><\/span><\/span><\/span><\/p>\n<p align=\"JUSTIFY\"><span style=\"color: #000000;\"><span style=\"font-family: Corbel, serif;\"><span style=\"font-size: small;\">Spole\u010dnost ZEBRA GROUP vznikla v roce 2014, aby obnovila v\u00fdrobu mal\u00fdch u\u017eitkov\u00fdch voz\u016f v \u010cesk\u00e9 republice. Navazuje na v\u00fdrobu \u201c\u010desk\u00fdch multik\u00e1r MAGMA\u201d ze za\u010d\u00e1tku 90. let ale vyr\u00e1b\u00ed na z\u00e1klad\u011b vlastn\u00edch konstruk\u010dn\u00edch podklad\u016f. U\u017eitkov\u00fd v\u016fz ZEBRA m\u016f\u017ee n\u00e9st v\u00edce ne\u017e 45 druh\u016f v\u00fdm\u011bnn\u00fdch n\u00e1staveb. V\u00edce\u00fa\u010delov\u00e1 vozidla jsou vybavena t\u0159\u00edokruhovou hydraulikou, kter\u00e1 umo\u017e\u0148uje n\u00e9st n\u00e1stavby vp\u0159edu, vzadu i na korb\u011b. Mohou m\u00edt vzduchov\u00fd podvozek, d\u011blen\u00e9 n\u00e1pravy, nebo pohon 4&#215;4. Vozy existuj\u00ed v kr\u00e1tk\u00e9 i prodlou\u017een\u00e9 verzi.<\/span><\/span><\/span><\/p>\n<p align=\"JUSTIFY\"><span style=\"color: #000000;\"><span style=\"font-family: Corbel, serif;\"><span style=\"font-size: small;\">ZEBRA GROUP je \u010dlenem Sdru\u017een\u00ed automobilov\u00e9ho pr\u016fmyslu Autosap (\u0160koda, Tatra, Jawa, SOR Libchavy), Hospod\u00e1\u0159sk\u00e9 komory \u010cesk\u00e9 republiky, Spolku ve\u0159ejn\u011b prosp\u011b\u0161n\u00fdch slu\u017eeb a jako jedin\u00fd \u010desk\u00fd v\u00fdrobce je tak\u00e9 \u010dlenem evropsk\u00e9 organizace VAK se s\u00eddlem Berl\u00edn\u011b. Od roku 2015 je s\u00e9riov\u00e1 v\u00fdroba vozidel ZEBRA schv\u00e1len\u00e1 Ministerstvem dopravy \u010cesk\u00e9 republiky.<\/span><\/span><\/span><\/p>\n<p align=\"JUSTIFY\">\n","protected":false},"excerpt":{"rendered":"<div class=\"mh-excerpt\"><p>\u010cesk\u00e1 ZEBRA GROUP vyr\u00e1b\u011bj\u00edc\u00ed u\u017eitkov\u00e9 multifunk\u010dn\u00ed vozy ZEBRA se stala signat\u00e1\u0159em mezin\u00e1rodn\u00edho memoranda o spolupr\u00e1ci v oblasti v\u00fdvoje vod\u00edkov\u00e9ho pohonu. Spole\u010dn\u011b s dal\u0161\u00edmi \u00fa\u010dastn\u00edky a <a class=\"mh-excerpt-more\" href=\"https:\/\/www.automakersnews.cz\/index.php\/2022\/07\/20\/zebra-se-podili-na-vyvoji-vodikoveho-pohonu\/\" title=\"ZEBRA Group chce vyv\u00edjet vod\u00edkov\u00fd pohon\">[&#8230;]<\/a><\/p>\n<\/div>","protected":false},"author":1,"featured_media":184,"comment_status":"open","ping_status":"open","sticky":false,"template":"","format":"standard","meta":{"footnotes":""},"categories":[9],"tags":[],"class_list":["post-183","post","type-post","status-publish","format-standard","has-post-thumbnail","hentry","category-investice"],"_links":{"self":[{"href":"https:\/\/www.automakersnews.cz\/index.php\/wp-json\/wp\/v2\/posts\/183","targetHints":{"allow":["GET"]}}],"collection":[{"href":"https:\/\/www.automakersnews.cz\/index.php\/wp-json\/wp\/v2\/posts"}],"about":[{"href":"https:\/\/www.automakersnews.cz\/index.php\/wp-json\/wp\/v2\/types\/post"}],"author":[{"embeddable":true,"href":"https:\/\/www.automakersnews.cz\/index.php\/wp-json\/wp\/v2\/users\/1"}],"replies":[{"embeddable":true,"href":"https:\/\/www.automakersnews.cz\/index.php\/wp-json\/wp\/v2\/comments?post=183"}],"version-history":[{"count":0,"href":"https:\/\/www.automakersnews.cz\/index.php\/wp-json\/wp\/v2\/posts\/183\/revisions"}],"wp:featuredmedia":[{"embeddable":true,"href":"https:\/\/www.automakersnews.cz\/index.php\/wp-json\/wp\/v2\/media\/184"}],"wp:attachment":[{"href":"https:\/\/www.automakersnews.cz\/index.php\/wp-json\/wp\/v2\/media?parent=183"}],"wp:term":[{"taxonomy":"category","embeddable":true,"href":"https:\/\/www.automakersnews.cz\/index.php\/wp-json\/wp\/v2\/categories?post=183"},{"taxonomy":"post_tag","embeddable":true,"href":"https:\/\/www.automakersnews.cz\/index.php\/wp-json\/wp\/v2\/tags?post=183"}],"curies":[{"name":"wp","href":"https:\/\/api.w.org\/{rel}","templated":true}]}}