{"id":18460,"date":"2023-02-01T12:13:00","date_gmt":"2023-02-01T12:13:00","guid":{"rendered":"https:\/\/www.automakersnews.cz\/?p=18460"},"modified":"2023-02-01T12:13:00","modified_gmt":"2023-02-01T12:13:00","slug":"sefdesignerem-volvo-cars-bude-offer","status":"publish","type":"post","link":"https:\/\/www.automakersnews.cz\/index.php\/2023\/02\/01\/sefdesignerem-volvo-cars-bude-offer\/","title":{"rendered":"\u0160\u00e9fdesign\u00e9rem Volvo Cars bude Offer"},"content":{"rendered":"<p><span style=\"color: #333333;\"><span style=\"font-family: Arial, serif;\"><span style=\"font-size: small;\"><strong>Volvo Cars jmenovala sv\u00fdm glob\u00e1ln\u00edm \u0159editelem pro design Jeremyho Offera, kter\u00fd m\u00e1 za sebou 35 let zku\u0161enost\u00ed v oblasti designu v r\u016fzn\u00fdch pr\u016fmyslov\u00fdch odv\u011btv\u00edch. Jeremy, kter\u00fd se bude zodpov\u00eddat p\u0159\u00edmo gener\u00e1ln\u00edmu \u0159editeli Jimu Rowanovi, se stane sou\u010d\u00e1st\u00ed veden\u00ed cel\u00e9 skupiny.<\/strong><\/p>\n<p>Offer nastoup\u00ed na pozici glob\u00e1ln\u00edho \u0159editele pro design 1. kv\u011btna, kde nahrad\u00ed Robina Page, kter\u00fd bude pro spole\u010dnost Volvo Cars i nad\u00e1le pracovat jako senior poradce.<\/p>\n<p>\u201eVelmi m\u011b t\u011b\u0161\u00ed, \u017ee mohu v \u0159ad\u00e1ch spole\u010dnosti Volvo Cars p\u0159iv\u00edtat pr\u00e1v\u011b Jeremyho,\u201c uvedl gener\u00e1ln\u00ed \u0159editel spole\u010dnosti Jim Rowan. \u201eP\u0159in\u00e1\u0161\u00ed s sebou bohat\u00e9 design\u00e9rsk\u00e9 zku\u0161enosti sahaj\u00edc\u00ed od elektrick\u00fdch vozidel a pr\u016fmyslov\u00e9ho designu a\u017e po digit\u00e1ln\u00ed produkty a slu\u017eby, co\u017e jsou v\u0161echno kl\u00ed\u010dov\u00e9 sf\u00e9ry pro budoucnost spole\u010dnosti Volvo Cars, kter\u00e1 se ponese ve znamen\u00ed bezpe\u010dn\u00fdch, pln\u011b elektrick\u00fdch vozidel, definovan\u00fdch sv\u00fdm softwarem.\u201c<\/p>\n<p>Jeremy Offer naposledy pracoval na pozici senior viceprezidenta a \u0159editele pro design ve spole\u010dnosti Arrival. Zde vedl design\u00e9rsk\u00fd t\u00fdm, kter\u00fd se pod\u00edlel na \u0159ad\u011b program\u016f na v\u00fdrobu vozidel a zab\u00fdval se designem r\u016fzn\u00fdch komponent\u016f, zna\u010dek i u\u017eivatelsk\u00e9ho z\u00e1\u017eitku. P\u0159ed sv\u00fdm n\u00e1stupem do spole\u010dnosti Arrival byl Jeremy \u0159editelem pro pr\u016fmyslov\u00fd design a \u010dlenem senior mana\u017eersk\u00e9ho t\u00fdmu v glob\u00e1ln\u011b p\u016fsob\u00edc\u00ed poradensk\u00e9 spole\u010dnosti EPAM, kde pom\u00e1hal za\u010dlenit slu\u017eby a pr\u016fmyslov\u00fd design do \u0161ir\u0161\u00ed poradensk\u00e9 praxe spole\u010dnosti. Za svou kari\u00e9ru obdr\u017eel Jeremy spoustu ocen\u011bn\u00ed za design.<\/p>\n<p>\u201eJe mi velkou ct\u00ed zaujmout tuto pozici ve spole\u010dnosti Volvo Cars, kter\u00e1 m\u00e1 za sebou fantastickou tradici a sou\u010dasn\u011b stoj\u00ed na po\u010d\u00e1tku nov\u00e9 \u00e9ry,\u201c uvedl Jeremy Offer. \u201eDefinovat designov\u00fd jazyk a principy pro Volvo Cars a spolupracovat s velk\u00fdmi talenty nap\u0159\u00ed\u010d celou touto spole\u010dnost\u00ed, kter\u00e1 ji\u017e brzy vejde do druh\u00e9ho stolet\u00ed sv\u00e9 existence, v r\u00e1mci n\u00ed\u017e poskytuje sv\u00fdm z\u00e1kazn\u00edk\u016fm inovativn\u00ed produkty, je \u00fa\u017easnou p\u0159\u00edle\u017eitost\u00ed.\u201c<\/span><\/span><\/span><!--more--><\/p>\n<p><span style=\"color: #333333;\">\u00a0<\/span><\/p>\n","protected":false},"excerpt":{"rendered":"<div class=\"mh-excerpt\"><p>Volvo Cars jmenovala sv\u00fdm glob\u00e1ln\u00edm \u0159editelem pro design Jeremyho Offera, kter\u00fd m\u00e1 za sebou 35 let zku\u0161enost\u00ed v oblasti designu v r\u016fzn\u00fdch pr\u016fmyslov\u00fdch odv\u011btv\u00edch. Jeremy, <a class=\"mh-excerpt-more\" href=\"https:\/\/www.automakersnews.cz\/index.php\/2023\/02\/01\/sefdesignerem-volvo-cars-bude-offer\/\" title=\"\u0160\u00e9fdesign\u00e9rem Volvo Cars bude Offer\">[&#8230;]<\/a><\/p>\n<\/div>","protected":false},"author":1,"featured_media":69,"comment_status":"open","ping_status":"open","sticky":false,"template":"","format":"standard","meta":{"footnotes":""},"categories":[19,3],"tags":[],"class_list":["post-18460","post","type-post","status-publish","format-standard","has-post-thumbnail","hentry","category-design","category-personalie"],"_links":{"self":[{"href":"https:\/\/www.automakersnews.cz\/index.php\/wp-json\/wp\/v2\/posts\/18460","targetHints":{"allow":["GET"]}}],"collection":[{"href":"https:\/\/www.automakersnews.cz\/index.php\/wp-json\/wp\/v2\/posts"}],"about":[{"href":"https:\/\/www.automakersnews.cz\/index.php\/wp-json\/wp\/v2\/types\/post"}],"author":[{"embeddable":true,"href":"https:\/\/www.automakersnews.cz\/index.php\/wp-json\/wp\/v2\/users\/1"}],"replies":[{"embeddable":true,"href":"https:\/\/www.automakersnews.cz\/index.php\/wp-json\/wp\/v2\/comments?post=18460"}],"version-history":[{"count":0,"href":"https:\/\/www.automakersnews.cz\/index.php\/wp-json\/wp\/v2\/posts\/18460\/revisions"}],"wp:featuredmedia":[{"embeddable":true,"href":"https:\/\/www.automakersnews.cz\/index.php\/wp-json\/wp\/v2\/media\/69"}],"wp:attachment":[{"href":"https:\/\/www.automakersnews.cz\/index.php\/wp-json\/wp\/v2\/media?parent=18460"}],"wp:term":[{"taxonomy":"category","embeddable":true,"href":"https:\/\/www.automakersnews.cz\/index.php\/wp-json\/wp\/v2\/categories?post=18460"},{"taxonomy":"post_tag","embeddable":true,"href":"https:\/\/www.automakersnews.cz\/index.php\/wp-json\/wp\/v2\/tags?post=18460"}],"curies":[{"name":"wp","href":"https:\/\/api.w.org\/{rel}","templated":true}]}}