{"id":18463,"date":"2023-02-01T12:16:46","date_gmt":"2023-02-01T12:16:46","guid":{"rendered":"https:\/\/www.automakersnews.cz\/?p=18463"},"modified":"2023-02-01T12:18:03","modified_gmt":"2023-02-01T12:18:03","slug":"skupina-srovnejto-s-novym-sefem","status":"publish","type":"post","link":"https:\/\/www.automakersnews.cz\/index.php\/2023\/02\/01\/skupina-srovnejto-s-novym-sefem\/","title":{"rendered":"Skupina Srovnejto s nov\u00fdm \u0161\u00e9fem"},"content":{"rendered":"<p align=\"JUSTIFY\"><span style=\"font-family: Poppins, serif;\"><b>Skupina srovn\u00e1vac\u00edch port\u00e1l\u016f pro poradenstv\u00ed a sjedn\u00e1n\u00ed finan\u010dn\u00edch produkt\u016f, kam spad\u00e1 nap\u0159\u00edklad Srovnejto.cz, Porovnajto.sk, ePoji\u0161t\u011bn\u00ed.cz nebo Superpoistenie.sk, m\u00e1 nov\u00e9ho CEO. Na za\u010d\u00e1tku \u00fanora p\u0159i\u0161el do \u010dela skupiny vlastn\u011bn\u00e9 n\u011bmeck\u00fdm medi\u00e1ln\u00edm domem Bauer Media Group Nicolas Eich.<br \/>\n<\/b><\/span><br \/>\n<!--more--><\/p>\n<p align=\"JUSTIFY\">\u201e<span style=\"font-family: Poppins, serif;\">Nicolas p\u0159ich\u00e1z\u00ed s bohat\u00fdmi zku\u0161enostmi v oblasti srovn\u00e1vac\u00edch port\u00e1l\u016f a \u00a0osobn\u00edch financ\u00ed. Mimo jin\u00e9 p\u016fsobil ve veden\u00ed p\u0159edn\u00edho francouzsk\u00e9ho srovn\u00e1va\u010de Meilleurtaux.com, jedn\u00e9 z\u00a0nejlep\u0161\u00edch firem ve sv\u00e9m odboru a to je zku\u0161enost, kter\u00e1 je pro n\u00e1s velmi cenn\u00e1. Na\u0161li jsme v\u00a0n\u011bm modern\u00edho a \u00a0mezin\u00e1rodn\u00edho l\u00eddra, kter\u00fd m\u00e1 zku\u0161enosti s transformac\u00ed a \u00a0akcelerac\u00ed technologick\u00fdch spole\u010dnost\u00ed,\u201c <\/span><span style=\"font-family: Poppins, serif;\">\u0159\u00edk\u00e1 o nov\u00e9m gener\u00e1ln\u00edm \u0159editeli Skupiny Srovnejto Morten Heuing, \u0161\u00e9f evropsk\u00fdch srovn\u00e1vac\u00edch port\u00e1l\u016f spadaj\u00edc\u00edch pod Bauer Media Group.<\/span><\/p>\n<p align=\"JUSTIFY\"><span style=\"font-family: Poppins, serif;\">Nicolas Eich p\u0159ich\u00e1z\u00ed do Skupiny Srovnejto z\u00a0AEVI, kter\u00e1 se v\u011bnuje technologi\u00edm v\u00a0platebn\u00edm styku. P\u0159edt\u00edm p\u016fsobil na pozici gener\u00e1ln\u00edho \u0159editele ve spole\u010dnosti Edenred, kde vedl digit\u00e1ln\u00ed transformaci v\u00a0\u010cesk\u00e9 republice. M\u00e1 zku\u0161enosti i z\u00a0oblasti srovn\u00e1vac\u00edch port\u00e1l\u016f a zprost\u0159edkov\u00e1n\u00ed na \u010desk\u00e9m trhu, jako CEO vedl spole\u010dnost ChytryHonza.<\/span><\/p>\n<p align=\"JUSTIFY\"><span style=\"font-family: Poppins, serif;\"><i>&#8222;Jsem velmi r\u00e1d, \u017ee m\u00e1m mo\u017enost vstoupit do veden\u00ed skupiny s\u00a0p\u0159edn\u00edmi srovn\u00e1vac\u00edmi port\u00e1ly financ\u00ed v\u00a0\u010cech\u00e1ch a na Slovensku,\u201c<\/i><\/span><span style=\"font-family: Poppins, serif;\"> p\u0159ibli\u017euje sv\u00e9 nov\u00e9 p\u016fsoben\u00ed gener\u00e1ln\u00ed \u0159editel Nicolas Eich. <\/span><span style=\"font-family: Poppins, serif;\"><i>\u201eM\u00fdm c\u00edlem je pracovat s\u00a0nov\u00fdmi kolegy na dal\u0161\u00edm <\/i><\/span><span style=\"color: #000000;\"><span style=\"font-family: Poppins, serif;\"><i>zlep\u0161ov\u00e1n\u00ed z\u00e1kaznick\u00e9 spokojenosti, modernizaci syst\u00e9mu i rozvoji nab\u00edzen\u00fdch slu\u017eeb. Chceme z\u00e1kazn\u00edk\u016fm zjednodu\u0161it jejich rozhodov\u00e1n\u00ed a pomoci jim u\u0161et\u0159it \u010das i pen\u00edze nejen v\u00a0t\u00e9to finan\u010dn\u011b n\u00e1ro\u010dn\u00e9 dob\u011b.\u201c <\/i><\/span><\/span><\/p>\n","protected":false},"excerpt":{"rendered":"<div class=\"mh-excerpt\"><p>Skupina srovn\u00e1vac\u00edch port\u00e1l\u016f pro poradenstv\u00ed a sjedn\u00e1n\u00ed finan\u010dn\u00edch produkt\u016f, kam spad\u00e1 nap\u0159\u00edklad Srovnejto.cz, Porovnajto.sk, ePoji\u0161t\u011bn\u00ed.cz nebo Superpoistenie.sk, m\u00e1 nov\u00e9ho CEO. Na za\u010d\u00e1tku \u00fanora p\u0159i\u0161el do <a class=\"mh-excerpt-more\" href=\"https:\/\/www.automakersnews.cz\/index.php\/2023\/02\/01\/skupina-srovnejto-s-novym-sefem\/\" title=\"Skupina Srovnejto s nov\u00fdm \u0161\u00e9fem\">[&#8230;]<\/a><\/p>\n<\/div>","protected":false},"author":1,"featured_media":18465,"comment_status":"open","ping_status":"open","sticky":false,"template":"","format":"standard","meta":{"footnotes":""},"categories":[24,2,3],"tags":[],"class_list":["post-18463","post","type-post","status-publish","format-standard","has-post-thumbnail","hentry","category-management","category-news","category-personalie"],"_links":{"self":[{"href":"https:\/\/www.automakersnews.cz\/index.php\/wp-json\/wp\/v2\/posts\/18463","targetHints":{"allow":["GET"]}}],"collection":[{"href":"https:\/\/www.automakersnews.cz\/index.php\/wp-json\/wp\/v2\/posts"}],"about":[{"href":"https:\/\/www.automakersnews.cz\/index.php\/wp-json\/wp\/v2\/types\/post"}],"author":[{"embeddable":true,"href":"https:\/\/www.automakersnews.cz\/index.php\/wp-json\/wp\/v2\/users\/1"}],"replies":[{"embeddable":true,"href":"https:\/\/www.automakersnews.cz\/index.php\/wp-json\/wp\/v2\/comments?post=18463"}],"version-history":[{"count":0,"href":"https:\/\/www.automakersnews.cz\/index.php\/wp-json\/wp\/v2\/posts\/18463\/revisions"}],"wp:featuredmedia":[{"embeddable":true,"href":"https:\/\/www.automakersnews.cz\/index.php\/wp-json\/wp\/v2\/media\/18465"}],"wp:attachment":[{"href":"https:\/\/www.automakersnews.cz\/index.php\/wp-json\/wp\/v2\/media?parent=18463"}],"wp:term":[{"taxonomy":"category","embeddable":true,"href":"https:\/\/www.automakersnews.cz\/index.php\/wp-json\/wp\/v2\/categories?post=18463"},{"taxonomy":"post_tag","embeddable":true,"href":"https:\/\/www.automakersnews.cz\/index.php\/wp-json\/wp\/v2\/tags?post=18463"}],"curies":[{"name":"wp","href":"https:\/\/api.w.org\/{rel}","templated":true}]}}