{"id":18467,"date":"2023-02-01T16:20:48","date_gmt":"2023-02-01T16:20:48","guid":{"rendered":"https:\/\/www.automakersnews.cz\/?p=18467"},"modified":"2023-02-01T17:00:44","modified_gmt":"2023-02-01T17:00:44","slug":"ministr-kupka-spustil-500-dobijecku-cez","status":"publish","type":"post","link":"https:\/\/www.automakersnews.cz\/index.php\/2023\/02\/01\/ministr-kupka-spustil-500-dobijecku-cez\/","title":{"rendered":"Ministr Kupka spustil 500. dob\u00edje\u010dku \u010cEZ"},"content":{"rendered":"<p><strong>\u010cEZ spustil 31. ledna za \u00fa\u010dasti ministra dopravy Martina Kupky v are\u00e1lu OC Let\u0148any u d\u00e1lnice D8 u\u017e 500. stojan nejv\u011bt\u0161\u00ed \u010desk\u00e9 s\u00edt\u011b ve\u0159ejn\u00fdch dob\u00edjec\u00edch stanic pro elektromobily.<\/strong><!--more--><\/p>\n<p>S\u00ed\u0165 \u010cEZ te\u010f m\u016f\u017ee najednou dod\u00e1vat bezemisn\u00ed energii a\u017e tis\u00edcovce elektromobil\u016f. P\u011btistou dob\u00edje\u010dkou je ultrarychl\u00fd stojan s v\u00fdkonem 150 kW, kde e-auta dopln\u00ed energii nap\u0159. na cestu z Prahy do Dr\u00e1\u017e\u010fan v \u0159\u00e1du minut.<\/p>\n<p>&#8222;Podobn\u011b rychl\u00fdch stojan\u016f letos p\u0159id\u00e1 \u010cEZ dal\u0161\u00ed des\u00edtky. Sou\u010dasn\u011b roz\u0161i\u0159uje s\u00ed\u0165 m\u00edst, kde je mo\u017en\u00e9 dob\u00edjet v\u00edce elektroaut najednou. To v\u0161e v\u00fdrazn\u011b zkracuje dobu dob\u00edjen\u00ed i \u010dek\u00e1n\u00ed na n\u011bj, a \u0161et\u0159\u00ed tak \u010das \u0159idi\u010d\u016f,&#8220; uvedl \u010cEZ.<\/p>\n<p align=\"JUSTIFY\"><span style=\"color: #63666a;\">\u201e<i>V p\u0159\u00ed\u0161t\u00edch letech n\u00e1s \u010dek\u00e1 velk\u00e1 prom\u011bna cel\u00e9ho automobilov\u00e9ho pr\u016fmyslu. Vl\u00e1da si je v\u011bdoma kl\u00ed\u010dov\u00e9 role tohoto odv\u011btv\u00ed pro \u010deskou ekonomiku a chce p\u0159isp\u011bt k tomu, aby jeho transformace prob\u011bhla co nejl\u00e9pe. Vedle kl\u00ed\u010dov\u00e9 stavby \u010desk\u00e9 gigafactory se tak\u00e9 prost\u0159ednictv\u00edm spr\u00e1vy dota\u010dn\u00edch program\u016f pod\u00edl\u00edme na roz\u0161i\u0159ov\u00e1n\u00ed po\u010dtu a zv\u00fd\u0161en\u00ed kvality dob\u00edjec\u00edch stanic. Roste v\u00fdznam lokalit jako t\u00e9to v Let\u0148anech, kter\u00e9 jsou velmi rychl\u00e9 a nar\u00e1z obslou\u017e\u00ed v\u00edce voz\u016f najednou. Ministerstvo dopravy dosud podpo\u0159ilo v\u00fdstavbu v\u00edce ne\u017e dvou tis\u00edc dob\u00edjec\u00edch bod\u016f a v p\u0159\u00ed\u0161t\u00edch letech zn\u00e1sob\u00edme investice do nab\u00edjec\u00ed infrastruktury u d\u00e1lnic a ve m\u011bstech a\u017e na \u00farove\u0148 6 miliard korun,\u201c<\/i><\/span><span style=\"color: #63666a;\"> uvedl <\/span><span style=\"color: #63666a;\"><b>ministr dopravy Martin Kupka<\/b><\/span><span style=\"color: #63666a;\">.<\/span><\/p>\n<p align=\"JUSTIFY\"><img loading=\"lazy\" decoding=\"async\" class=\"alignnone size-full wp-image-18560\" src=\"http:\/\/www.automakersnews.cz\/wp-content\/uploads\/2023\/02\/CEZ-Stojan-c.-500-ministr-dopravy-M.-Kupka-a-mistopredseda-predstavenstavenstva-CEZ-P.-Cyrani-small.jpg\" alt=\"\" width=\"629\" height=\"416\" srcset=\"https:\/\/www.automakersnews.cz\/wp-content\/uploads\/2023\/02\/CEZ-Stojan-c.-500-ministr-dopravy-M.-Kupka-a-mistopredseda-predstavenstavenstva-CEZ-P.-Cyrani-small.jpg 629w, https:\/\/www.automakersnews.cz\/wp-content\/uploads\/2023\/02\/CEZ-Stojan-c.-500-ministr-dopravy-M.-Kupka-a-mistopredseda-predstavenstavenstva-CEZ-P.-Cyrani-small-300x198.jpg 300w\" sizes=\"auto, (max-width: 629px) 100vw, 629px\" \/><\/p>\n<p align=\"JUSTIFY\"><span style=\"color: #63666a;\">\u201e<i>Elektromobilita dnes postupn\u011b srovn\u00e1v\u00e1 krok s\u00a0rychlost\u00ed tankov\u00e1n\u00edm klasick\u00fdch aut, co\u017e je dobrou zpr\u00e1vou pro z\u00e1kazn\u00edky. Ultrarychl\u00e9 stanice zvl\u00e1dnou b\u011bhem kr\u00e1tk\u00e9 pauzy na ob\u010derstven\u00ed dodat bezemisn\u00ed energii pro v\u00edce ne\u017e 200 kilometr\u016f j\u00edzdy. Stojany o vysok\u00fdch v\u00fdkonech proto te\u010f dopl\u0148ujeme na\u0161e nejfrekventovan\u011bj\u0161\u00ed lokality a p\u0159isp\u00edv\u00e1me k posilov\u00e1n\u00ed u\u017e tak velmi robustn\u00ed \u010desk\u00e9 dob\u00edjec\u00ed s\u00edt\u011b. Pod\u00edl rychl\u00fdch a ultrarychl\u00fdch stanic se u n\u00e1s pohybuje na \u00farovni 60 procent, zat\u00edmco evropsk\u00fd pr\u016fm\u011br je okolo deseti procent,\u201c \u0159\u00edk\u00e1 <\/i><\/span><span style=\"color: #63666a;\"><b>m\u00edstop\u0159edseda p\u0159edstavenstva \u010cEZ Pavel Cyrani<\/b><\/span><span style=\"color: #63666a;\"><i>.<\/i><\/span><\/p>\n<p align=\"JUSTIFY\"><span style=\"color: #63666a;\">Robustnost \u010desk\u00e9 s\u00edt\u011b potvrzuje i to, \u017ee na sto elektromobil\u016f p\u0159ipad\u00e1 v\u00a0\u010cesku 22 dob\u00edjec\u00edch stanic, zat\u00edmco v\u00a0Evropsk\u00e9 unii 15. <\/span><\/p>\n<p align=\"JUSTIFY\"><span style=\"color: #63666a;\">\u201e<i>Na\u0161e obchodn\u00ed centrum t\u011b\u017e\u00ed z\u00a0v\u00fdborn\u00e9 sp\u00e1dov\u00e9 polohy na severov\u00fdchodn\u00edm okraji Prahy u d\u00e1lnice D8. D\u00edky tomu u\u017e dnes mnoho na\u0161ich z\u00e1kazn\u00edk\u016f p\u0159ij\u00ed\u017ed\u00ed elektromobilem a dosavadn\u00ed trojice dob\u00edjec\u00edch stanic byla v\u00a0posledn\u00edch dvou letech hodn\u011b vyt\u00ed\u017een\u00e1. Proto\u017ee chceme b\u00fdt p\u0159ipraveni na n\u011bkolikan\u00e1sobn\u00e9 po\u010dty elektromobil\u016f na \u010desk\u00fdch silnic\u00edch, roz\u0161i\u0159ujeme nyn\u00ed ve spolupr\u00e1ci s\u00a0\u010cEZ na\u0161i nab\u00eddku o dal\u0161\u00edch dev\u011bt stojan\u016f v\u010detn\u011b jednoho ultrarychl\u00e9ho. V\u011b\u0159\u00edme, \u017ee d\u00edky tomu p\u0159il\u00e1k\u00e1me dal\u0161\u00ed nov\u00e9 z\u00e1kazn\u00edky, kte\u0159\u00ed u n\u00e1s b\u011bhem n\u00e1kup\u016f dopln\u00ed nejen svou energii, ale tak\u00e9 energii do sv\u00fdch elektromobil\u016f,\u201c <\/i><\/span><span style=\"color: #63666a;\">uvedl<\/span><i> <\/i><span style=\"color: #63666a;\"><b>Pavel Klime\u0161, mana\u017eer CBRE, spole\u010dnosti provozuj\u00edc\u00ed OC Let\u0148any<\/b><\/span><span style=\"color: #63666a;\"><i>.<\/i><\/span><\/p>\n<p align=\"JUSTIFY\"><span style=\"color: #63666a;\"><b>Stavba elektromobiln\u00ed s\u00edt\u011b se zrychluje<\/b><\/span><\/p>\n<p align=\"JUSTIFY\"><span style=\"color: #63666a;\">U prvn\u00ed dob\u00edjec\u00ed stanice \u010cEZ spu\u0161t\u011bn\u00e9 v\u00a0roce 2011 trvalo e-autu dopln\u011bn\u00ed pot\u0159ebn\u00e9 energie n\u011bkolik hodin, ta p\u011btist\u00e1 u Obchodn\u00edho centra v Let\u0148anech to zvl\u00e1dne za 10 minut. Zat\u00edmco prvn\u00ed stovka stojan\u016f vznikala p\u0159es 6 let, druh\u00e1 u\u017e necel\u00e9 dva roky, t\u0159et\u00ed a \u010dtvrt\u00e1 p\u0159ibyla v\u017edy zhruba po roce, a t\u00e9 posledn\u00ed sta\u010dilo jen n\u011bco m\u00e1lo p\u0159es sedm m\u011bs\u00edc\u016f. Lep\u0161\u00ed d\u016fkazy o st\u00e1le zrychluj\u00edc\u00edm boomu elektromobility v\u00a0\u010cesk\u00e9 republice by se asi hledaly jen t\u011b\u017eko.<\/span><\/p>\n<p align=\"JUSTIFY\"><span style=\"color: #63666a;\"><i><b>Jak rostly stojany \u010cEZ v \u010cesk\u00e9 republice<\/b><\/i><\/span><\/p>\n<table border=\"1\" width=\"623\" cellspacing=\"0\" cellpadding=\"7\">\n<tbody>\n<tr valign=\"TOP\">\n<td width=\"136\">\n<p align=\"JUSTIFY\"><span style=\"color: #5f6163;\"><span style=\"font-family: Arial, serif;\"><b>Po\u0159ad\u00ed<\/b><\/span><\/span><\/p>\n<\/td>\n<td width=\"175\">\n<p align=\"JUSTIFY\"><span style=\"color: #5f6163;\"><span style=\"font-family: Arial, serif;\"><b>Lokalita<\/b><\/span><\/span><\/p>\n<\/td>\n<td width=\"137\">\n<p align=\"JUSTIFY\"><span style=\"color: #5f6163;\"><span style=\"font-family: Arial, serif;\"><b>Datum zprovozn\u011bn\u00ed<\/b><\/span><\/span><\/p>\n<\/td>\n<td width=\"117\">\n<p align=\"JUSTIFY\"><span style=\"color: #5f6163;\"><span style=\"font-family: Arial, serif;\"><b>V\u00fdkon stanice<\/b><\/span><\/span><\/p>\n<\/td>\n<\/tr>\n<tr valign=\"TOP\">\n<td width=\"136\">\n<p align=\"JUSTIFY\"><span style=\"color: #5f6163;\"><span style=\"font-family: Arial, serif;\">1.<\/span><\/span><\/p>\n<\/td>\n<td width=\"175\"><span style=\"color: #5f6163;\"><span style=\"font-family: Arial, serif;\">Duhov\u00e1, Praha<\/span><\/span><\/td>\n<td width=\"137\">\n<p align=\"JUSTIFY\"><span style=\"color: #5f6163;\"><span style=\"font-family: Arial, serif;\">30.11.2011<\/span><\/span><\/p>\n<\/td>\n<td width=\"117\">\n<p align=\"JUSTIFY\"><span style=\"color: #5f6163;\"><span style=\"font-family: Arial, serif;\">2&#215;11 kW<\/span><\/span><\/p>\n<\/td>\n<\/tr>\n<tr valign=\"TOP\">\n<td width=\"136\">\n<p align=\"JUSTIFY\"><span style=\"color: #5f6163;\"><span style=\"font-family: Arial, serif;\">100.<\/span><\/span><\/p>\n<\/td>\n<td width=\"175\"><span style=\"color: #5f6163;\"><span style=\"font-family: Arial, serif;\">Kaufland Hodon\u00edn<\/span><\/span><\/td>\n<td width=\"137\">\n<p align=\"JUSTIFY\"><span style=\"color: #5f6163;\"><span style=\"font-family: Arial, serif;\">26.6.2018<\/span><\/span><\/p>\n<\/td>\n<td width=\"117\">\n<p align=\"JUSTIFY\"><span style=\"color: #5f6163;\"><span style=\"font-family: Arial, serif;\">22+50 kW<\/span><\/span><\/p>\n<\/td>\n<\/tr>\n<tr valign=\"TOP\">\n<td width=\"136\">\n<p align=\"JUSTIFY\"><span style=\"color: #5f6163;\"><span style=\"font-family: Arial, serif;\">200.<\/span><\/span><\/p>\n<\/td>\n<td width=\"175\"><span style=\"color: #5f6163;\"><span style=\"font-family: Arial, serif;\">OC Kr\u00e1lovo Pole Brno<\/span><\/span><\/td>\n<td width=\"137\">\n<p align=\"JUSTIFY\"><span style=\"color: #5f6163;\"><span style=\"font-family: Arial, serif;\">20.4.2020<\/span><\/span><\/p>\n<\/td>\n<td width=\"117\">\n<p align=\"JUSTIFY\"><span style=\"color: #5f6163;\"><span style=\"font-family: Arial, serif;\">22+50 kW<\/span><\/span><\/p>\n<\/td>\n<\/tr>\n<tr valign=\"TOP\">\n<td width=\"136\">\n<p align=\"JUSTIFY\"><span style=\"color: #5f6163;\"><span style=\"font-family: Arial, serif;\">300.<\/span><\/span><\/p>\n<\/td>\n<td width=\"175\"><span style=\"color: #5f6163;\"><span style=\"font-family: Arial, serif;\">Kaufland Nymburk<\/span><\/span><\/td>\n<td width=\"137\">\n<p align=\"JUSTIFY\"><span style=\"color: #5f6163;\"><span style=\"font-family: Arial, serif;\">3.5.2021<\/span><\/span><\/p>\n<\/td>\n<td width=\"117\">\n<p align=\"JUSTIFY\"><span style=\"color: #5f6163;\"><span style=\"font-family: Arial, serif;\">22+50 kW<\/span><\/span><\/p>\n<\/td>\n<\/tr>\n<tr valign=\"TOP\">\n<td width=\"136\">\n<p align=\"JUSTIFY\"><span style=\"color: #5f6163;\"><span style=\"font-family: Arial, serif;\">400.<\/span><\/span><\/p>\n<\/td>\n<td width=\"175\"><span style=\"color: #5f6163;\"><span style=\"font-family: Arial, serif;\">POP Airport Tuchom\u011b\u0159ice<\/span><\/span><\/td>\n<td width=\"137\">\n<p align=\"JUSTIFY\"><span style=\"color: #5f6163;\"><span style=\"font-family: Arial, serif;\">9.6.2022<\/span><\/span><\/p>\n<\/td>\n<td width=\"117\">\n<p align=\"JUSTIFY\"><span style=\"color: #5f6163;\"><span style=\"font-family: Arial, serif;\">22+50 kW<\/span><\/span><\/p>\n<\/td>\n<\/tr>\n<tr valign=\"TOP\">\n<td width=\"136\">\n<p align=\"JUSTIFY\"><span style=\"color: #5f6163;\"><span style=\"font-family: Arial, serif;\">500.<\/span><\/span><\/p>\n<\/td>\n<td width=\"175\"><span style=\"color: #5f6163;\"><span style=\"font-family: Arial, serif;\">OC Let\u0148any Praha<\/span><\/span><\/td>\n<td width=\"137\">\n<p align=\"JUSTIFY\"><span style=\"color: #5f6163;\"><span style=\"font-family: Arial, serif;\">31.1.2023<\/span><\/span><\/p>\n<\/td>\n<td width=\"117\">\n<p align=\"JUSTIFY\"><span style=\"color: #5f6163;\"><span style=\"font-family: Arial, serif;\">150 kW<\/span><\/span><\/p>\n<\/td>\n<\/tr>\n<\/tbody>\n<\/table>\n<p align=\"JUSTIFY\"><span style=\"color: #63666a;\">Nejv\u011bt\u0161\u00ed dom\u00e1c\u00ed s\u00ed\u0165 ve\u0159ejn\u00fdch dob\u00edjec\u00edch stojan\u016f srovnateln\u00e1 se st\u0159edn\u011b velk\u00fdmi \u0159et\u011bzci \u010derpac\u00edch stanic m\u016f\u017ee v jednu chv\u00edli obslou\u017eit a\u017e 1000 e-aut. Celkov\u00fd instalovan\u00fd v\u00fdkon v\u0161ech stojan\u016f p\u0159es\u00e1hla koncem roku 35 MW, co\u017e je nap\u0159. ekvivalent st\u0159edn\u011b velk\u00e9 vodn\u00ed elektr\u00e1rny z\u00e1sobuj\u00edc\u00ed elekt\u0159inou dom\u00e1cnosti 80tis\u00edcov\u00e9ho m\u011bsta. \u010cEZ chce do roku 2030 zv\u00fd\u0161it v\u00fdkon s\u00edt\u011b v\u00edce ne\u017e \u010dty\u0159n\u00e1sobn\u011b, a to zejm\u00e9na rozvojem vysokov\u00fdkonn\u00fdch hub\u016f. P\u0159es 200 stanic s\u00edt\u011b vyrostlo i d\u00edky evropsk\u00e9mu grantu Connecting Europe Facility (CEF) a Opera\u010dn\u00edmu programu doprava, dal\u0161\u00ed des\u00edtky \u010cEZ postavil z vlastn\u00edch prost\u0159edk\u016f. <\/span><\/p>\n<p align=\"JUSTIFY\"><span style=\"color: #63666a;\">P\u0159i vyu\u017e\u00edv\u00e1n\u00ed s\u00edt\u011b se u\u017eivatel p\u0159ed dob\u00edjen\u00edm identifikuje RFID kartou nebo pomoc\u00ed aplikace FUTUR\/E\/GO. Ta zefektiv\u0148uje dob\u00edjen\u00ed d\u00edky sp\u00e1rov\u00e1n\u00ed mobiln\u00edho telefonu s dob\u00edjec\u00ed stanic\u00ed, vyhled\u00e1 nejbli\u017e\u0161\u00ed dob\u00edjec\u00ed m\u00edsto v\u010detn\u011b aktu\u00e1ln\u00ed doby dojezdu nebo uk\u00e1\u017ee aktu\u00e1ln\u00ed obsazenost stojan\u016f. V\u00edce ne\u017e 80% s\u00edt\u011b \u010cEZ tvo\u0159\u00ed dnes dob\u00edjec\u00ed stojany o v\u00fdkonu 50 kW, v budoucnu ale poroste pr\u00e1v\u011b pod\u00edl ultrarychl\u00fdch stanic.<\/span><\/p>\n<figure id=\"attachment_16748\" aria-describedby=\"caption-attachment-16748\" style=\"width: 990px\" class=\"wp-caption alignnone\"><img loading=\"lazy\" decoding=\"async\" class=\"size-full wp-image-16748\" src=\"http:\/\/www.automakersnews.cz\/wp-content\/uploads\/2023\/01\/prvni-ciste-ultrarychla-lokalita-CEZ-Loket-66.-km-dalnice-D1.jpg\" alt=\"\" width=\"990\" height=\"735\" srcset=\"https:\/\/www.automakersnews.cz\/wp-content\/uploads\/2023\/01\/prvni-ciste-ultrarychla-lokalita-CEZ-Loket-66.-km-dalnice-D1.jpg 990w, https:\/\/www.automakersnews.cz\/wp-content\/uploads\/2023\/01\/prvni-ciste-ultrarychla-lokalita-CEZ-Loket-66.-km-dalnice-D1-300x223.jpg 300w, https:\/\/www.automakersnews.cz\/wp-content\/uploads\/2023\/01\/prvni-ciste-ultrarychla-lokalita-CEZ-Loket-66.-km-dalnice-D1-768x570.jpg 768w, https:\/\/www.automakersnews.cz\/wp-content\/uploads\/2023\/01\/prvni-ciste-ultrarychla-lokalita-CEZ-Loket-66.-km-dalnice-D1-80x60.jpg 80w\" sizes=\"auto, (max-width: 990px) 100vw, 990px\" \/><figcaption id=\"caption-attachment-16748\" class=\"wp-caption-text\">Prvn\u00ed \u010dist\u011b ultrarychl\u00e1 lokalita \u010cEZ &#8211; Loket, 66. km d\u00e1lnice D1<\/figcaption><\/figure>\n","protected":false},"excerpt":{"rendered":"<div class=\"mh-excerpt\"><p>\u010cEZ spustil 31. ledna za \u00fa\u010dasti ministra dopravy Martina Kupky v are\u00e1lu OC Let\u0148any u d\u00e1lnice D8 u\u017e 500. stojan nejv\u011bt\u0161\u00ed \u010desk\u00e9 s\u00edt\u011b ve\u0159ejn\u00fdch dob\u00edjec\u00edch <a class=\"mh-excerpt-more\" href=\"https:\/\/www.automakersnews.cz\/index.php\/2023\/02\/01\/ministr-kupka-spustil-500-dobijecku-cez\/\" title=\"Ministr Kupka spustil 500. dob\u00edje\u010dku \u010cEZ\">[&#8230;]<\/a><\/p>\n<\/div>","protected":false},"author":1,"featured_media":378,"comment_status":"open","ping_status":"open","sticky":false,"template":"","format":"standard","meta":{"footnotes":""},"categories":[22],"tags":[],"class_list":["post-18467","post","type-post","status-publish","format-standard","has-post-thumbnail","hentry","category-elektromobily"],"_links":{"self":[{"href":"https:\/\/www.automakersnews.cz\/index.php\/wp-json\/wp\/v2\/posts\/18467","targetHints":{"allow":["GET"]}}],"collection":[{"href":"https:\/\/www.automakersnews.cz\/index.php\/wp-json\/wp\/v2\/posts"}],"about":[{"href":"https:\/\/www.automakersnews.cz\/index.php\/wp-json\/wp\/v2\/types\/post"}],"author":[{"embeddable":true,"href":"https:\/\/www.automakersnews.cz\/index.php\/wp-json\/wp\/v2\/users\/1"}],"replies":[{"embeddable":true,"href":"https:\/\/www.automakersnews.cz\/index.php\/wp-json\/wp\/v2\/comments?post=18467"}],"version-history":[{"count":0,"href":"https:\/\/www.automakersnews.cz\/index.php\/wp-json\/wp\/v2\/posts\/18467\/revisions"}],"wp:featuredmedia":[{"embeddable":true,"href":"https:\/\/www.automakersnews.cz\/index.php\/wp-json\/wp\/v2\/media\/378"}],"wp:attachment":[{"href":"https:\/\/www.automakersnews.cz\/index.php\/wp-json\/wp\/v2\/media?parent=18467"}],"wp:term":[{"taxonomy":"category","embeddable":true,"href":"https:\/\/www.automakersnews.cz\/index.php\/wp-json\/wp\/v2\/categories?post=18467"},{"taxonomy":"post_tag","embeddable":true,"href":"https:\/\/www.automakersnews.cz\/index.php\/wp-json\/wp\/v2\/tags?post=18467"}],"curies":[{"name":"wp","href":"https:\/\/api.w.org\/{rel}","templated":true}]}}