{"id":18527,"date":"2023-02-01T16:29:35","date_gmt":"2023-02-01T16:29:35","guid":{"rendered":"https:\/\/www.automakersnews.cz\/?p=18527"},"modified":"2023-02-01T17:11:04","modified_gmt":"2023-02-01T17:11:04","slug":"zetor-rozsiruje-modelovou-radu-compax","status":"publish","type":"post","link":"https:\/\/www.automakersnews.cz\/index.php\/2023\/02\/01\/zetor-rozsiruje-modelovou-radu-compax\/","title":{"rendered":"ZETOR roz\u0161i\u0159uje modelovou \u0159adu COMPAX"},"content":{"rendered":"<p align=\"JUSTIFY\"><span style=\"font-family: Calibri, serif;\"><b>ZETOR TRACTORS, v\u00fdrobce zem\u011bd\u011blsk\u00e9 techniky, roz\u0161i\u0159uje nab\u00eddku v modelov\u00e9 \u0159ad\u011b COMPAX. Z\u00e1kazn\u00edci si nov\u011b budou moci vybrat ze \u0161esti model\u016f o v\u00fdkonu 18 a\u017e 37 ko\u0148sk\u00fdch sil. Jedn\u00e1 se o univerz\u00e1ln\u00ed a kompaktn\u00ed stroje, nov\u00e9 traktory je u\u017e mo\u017en\u00e9 objedn\u00e1vat u autorizovan\u00fdch prodejc\u016f zna\u010dky.<\/b><\/span><!--more--><\/p>\n<p align=\"JUSTIFY\"><span style=\"font-family: Calibri, serif;\"><span style=\"font-size: small;\">Modelov\u00e1 \u0159ada COMPAX byla p\u0159edstavena v roce 2020 a roz\u0161\u00ed\u0159ila tak nab\u00eddku zna\u010dky ZETOR v ni\u017e\u0161\u00edm v\u00fdkonnostn\u00edm segmentu kompaktn\u00edch traktor\u016f. Z\u00e1kazn\u00edci si je rychle obl\u00edbili d\u00edky n\u00edzk\u00fdm provozn\u00edm n\u00e1klad\u016fm, dostate\u010dn\u00e9mu v\u00fdkonu a \u0161irok\u00e9mu vyu\u017eit\u00ed p\u0159edev\u0161\u00edm p\u0159i letn\u00ed a zimn\u00ed \u00fadr\u017eb\u011b obc\u00ed, sportovi\u0161\u0165 nebo firemn\u00edch are\u00e1l\u016f. Perfektn\u011b se hod\u00ed tak\u00e9 pro pr\u00e1ci v zahradnictv\u00ed.<\/span><\/span><\/p>\n<p align=\"JUSTIFY\">\u201e<span style=\"font-family: Calibri, serif;\"><span style=\"font-size: small;\"><i>P\u0159i roz\u0161i\u0159ov\u00e1n\u00ed \u0159ady COMPAX jsme vych\u00e1zeli p\u0159edev\u0161\u00edm ze zku\u0161enost\u00ed a p\u0159\u00e1n\u00ed na\u0161ich z\u00e1kazn\u00edk\u016f tak, aby nov\u00e9 traktory spl\u0148ovaly jejich aktu\u00e1ln\u00ed po\u017eadavky p\u0159i pracovn\u00edm nasazen\u00ed. Nov\u011b roz\u0161\u00ed\u0159en\u00e1 modelov\u00e1 \u0159ada tak nyn\u00ed nab\u00edz\u00ed \u0161irok\u00fd v\u00fdb\u011br stroj\u016f jak pro profesion\u00e1ly, tak pro hobby u\u017eivatele,\u201c<\/i><\/span><\/span><span style=\"font-family: Calibri, serif;\"><span style=\"font-size: small;\"> \u0159\u00edk\u00e1 Petr Kon\u0161tack\u00fd, \u0159editel \u00daseku prodeje a marketingu spole\u010dnosti ZETOR TRACTORS a.s.<\/span><\/span><\/p>\n<p align=\"JUSTIFY\"><span style=\"font-family: Calibri, serif;\"><span style=\"font-size: small;\">Nov\u00e9 modely jsou vyr\u00e1b\u011bny ve spolupr\u00e1ci se spole\u010dnost\u00ed VST Tillers Tractors Ltd. Kooperace mezi ob\u011bma v\u00fdrobci trv\u00e1 ji\u017e t\u0159et\u00edm rokem. Jej\u00edm prvn\u00edm v\u00fdsledkem je nov\u00fd traktor vyvinut\u00fd speci\u00e1ln\u011b pro indick\u00fd trh, kter\u00fd byl slavnostn\u011b p\u0159edstaven\u00fd vloni na podzim na veletrhu CII Agro Tech India 2022 v indick\u00e9m Chandigarhu.<\/span><\/span><\/p>\n<p align=\"JUSTIFY\"><img loading=\"lazy\" decoding=\"async\" class=\"alignnone size-large wp-image-18563\" src=\"http:\/\/www.automakersnews.cz\/wp-content\/uploads\/2023\/02\/Zetor-COMPAX_2022-1024x768.jpg\" alt=\"\" width=\"1024\" height=\"768\" \/><\/p>\n<p align=\"JUSTIFY\">\u201e<span style=\"font-family: Calibri, serif;\"><span style=\"font-size: small;\"><i>Nov\u00e9 COMPAXY byly poprv\u00e9 k vid\u011bn\u00ed minul\u00fd t\u00fdden na mezin\u00e1rodn\u00ed zem\u011bd\u011blsk\u00e9 v\u00fdstav\u011b AGROmashEXPO v Ma\u010farsku a v n\u00e1sleduj\u00edc\u00edch m\u011bs\u00edc\u00edch se je chyst\u00e1me p\u0159edstavit na dal\u0161\u00edch v\u00fdstav\u00e1ch v \u010cesku i v zahrani\u010d\u00ed. K prvn\u00edm z\u00e1kazn\u00edk\u016fm zam\u00ed\u0159\u00ed nov\u00e9 traktory v nejbli\u017e\u0161\u00edch t\u00fddnech,\u201c<\/i><\/span><\/span><span style=\"font-family: Calibri, serif;\"><span style=\"font-size: small;\"> dodal na z\u00e1v\u011br Petr Kon\u0161tack\u00fd.<\/span><\/span><\/p>\n","protected":false},"excerpt":{"rendered":"<div class=\"mh-excerpt\"><p>ZETOR TRACTORS, v\u00fdrobce zem\u011bd\u011blsk\u00e9 techniky, roz\u0161i\u0159uje nab\u00eddku v modelov\u00e9 \u0159ad\u011b COMPAX. Z\u00e1kazn\u00edci si nov\u011b budou moci vybrat ze \u0161esti model\u016f o v\u00fdkonu 18 a\u017e 37 <a class=\"mh-excerpt-more\" href=\"https:\/\/www.automakersnews.cz\/index.php\/2023\/02\/01\/zetor-rozsiruje-modelovou-radu-compax\/\" title=\"ZETOR roz\u0161i\u0159uje modelovou \u0159adu COMPAX\">[&#8230;]<\/a><\/p>\n<\/div>","protected":false},"author":1,"featured_media":18530,"comment_status":"open","ping_status":"open","sticky":false,"template":"","format":"standard","meta":{"footnotes":""},"categories":[31],"tags":[],"class_list":["post-18527","post","type-post","status-publish","format-standard","has-post-thumbnail","hentry","category-premiery"],"_links":{"self":[{"href":"https:\/\/www.automakersnews.cz\/index.php\/wp-json\/wp\/v2\/posts\/18527","targetHints":{"allow":["GET"]}}],"collection":[{"href":"https:\/\/www.automakersnews.cz\/index.php\/wp-json\/wp\/v2\/posts"}],"about":[{"href":"https:\/\/www.automakersnews.cz\/index.php\/wp-json\/wp\/v2\/types\/post"}],"author":[{"embeddable":true,"href":"https:\/\/www.automakersnews.cz\/index.php\/wp-json\/wp\/v2\/users\/1"}],"replies":[{"embeddable":true,"href":"https:\/\/www.automakersnews.cz\/index.php\/wp-json\/wp\/v2\/comments?post=18527"}],"version-history":[{"count":0,"href":"https:\/\/www.automakersnews.cz\/index.php\/wp-json\/wp\/v2\/posts\/18527\/revisions"}],"wp:featuredmedia":[{"embeddable":true,"href":"https:\/\/www.automakersnews.cz\/index.php\/wp-json\/wp\/v2\/media\/18530"}],"wp:attachment":[{"href":"https:\/\/www.automakersnews.cz\/index.php\/wp-json\/wp\/v2\/media?parent=18527"}],"wp:term":[{"taxonomy":"category","embeddable":true,"href":"https:\/\/www.automakersnews.cz\/index.php\/wp-json\/wp\/v2\/categories?post=18527"},{"taxonomy":"post_tag","embeddable":true,"href":"https:\/\/www.automakersnews.cz\/index.php\/wp-json\/wp\/v2\/tags?post=18527"}],"curies":[{"name":"wp","href":"https:\/\/api.w.org\/{rel}","templated":true}]}}