{"id":18678,"date":"2023-02-01T07:42:54","date_gmt":"2023-02-01T07:42:54","guid":{"rendered":"https:\/\/www.automakersnews.cz\/?p=18678"},"modified":"2023-02-03T09:24:43","modified_gmt":"2023-02-03T09:24:43","slug":"anketa-fleet-derby-zna-sve-viteze","status":"publish","type":"post","link":"https:\/\/www.automakersnews.cz\/index.php\/2023\/02\/01\/anketa-fleet-derby-zna-sve-viteze\/","title":{"rendered":"Anketa Fleet Derby zn\u00e1 sv\u00e9 v\u00edt\u011bze"},"content":{"rendered":"<p><b>Hotel Artemis hostil 1. \u00fanora vyhla\u0161ov\u00e1n\u00ed v\u00fdsledk\u016f 9. ro\u010dn\u00edku ankety Fleet Derby, kterou organizuje agentura IKSS s \u010dasopisem Business Car.\u00a0<\/b><!--more--><\/p>\n<p>Po dvou letech mimo\u0159\u00e1dn\u00fdch covidov\u00fdch opat\u0159en\u00ed z\u00edskalo op\u011bt vyhl\u00e1\u0161en\u00ed nejlep\u0161\u00edch voz\u016f ankety FLEET DERBY slavnostn\u00ed spole\u010densk\u00fd charakter. P\u0159es osmdes\u00e1t host\u016f v\u010detn\u011b \u010dlen\u016f odborn\u00e9 poroty, z\u00e1stupc\u016f automobilek a PR mana\u017eer\u016f se se\u0161ly v\u00a0ji\u017e dob\u0159e zn\u00e1m\u00fdch prostor\u00e1ch hotelu Artemis v Praze 8, kam se ud\u00e1lost s\u00a0dvouletou pauzou vr\u00e1tila.<\/p>\n<p>Cel\u00fdm programem doprov\u00e1zel hudebn\u00edk a skladatel Robert Ferenc a zp\u011bva\u010dka Luisa J\u00edrov\u00e1. Role moder\u00e1tora se zhosti Jan Smetana, zn\u00e1m\u00fd report\u00e9r \u010cesk\u00e9 televize.<\/p>\n<p>I kdy\u017e je z\u00e1kladn\u00ed koncept ankety st\u00e1le stejn\u00fd, s\u00a0ka\u017ed\u00fdm rokem se jej\u00ed podoba m\u011bn\u00ed v\u00a0r\u00e1mci dynamick\u00e9 reakce na zm\u011bny trhu s\u00a0nov\u00fdmi automobily. Nap\u0159\u00edklad kategorie ekologick\u00fdch voz\u016f, kter\u00e1 d\u0159\u00edve spojovala v\u0161echny automobily s\u00a0alternativn\u00edm a elektrick\u00fdm pohonem, byla letos rozd\u011blena. Ve t\u0159\u00edd\u011b ekologick\u00fdch voz\u016f tak spolu bojovaly v\u0161echny druhy hybrid\u016f i verze s\u00a0LPG \u010di CNG pohonem, elektromobily se o v\u00edt\u011bzstv\u00ed p\u0159edh\u00e1n\u011bly ve sv\u00e9 vlastn\u00ed kategorii. Bateriov\u00e9 vozy v\u0161ak promluvily i do mana\u017eersk\u00fdch a u\u017eitkov\u00fdch voz\u016f, \u010di SUV. To dodalo leto\u0161n\u00edmu ro\u010dn\u00edku mnohem pest\u0159ej\u0161\u00ed charakter.<\/p>\n<p>Anketa byla rozd\u011blena na internetov\u00e9 hlasov\u00e1n\u00ed, v\u00a0n\u011bm\u017e flotilov\u00ed mana\u017ee\u0159i vyb\u00edrali nejlep\u0161\u00ed automobily v\u00a0jednotliv\u00fdch t\u0159\u00edd\u00e1ch, v druh\u00e9 \u010d\u00e1sti ankety dostala hlas odborn\u00e1 porota, kter\u00e1 volila dva absolutn\u00ed v\u00edt\u011bze ankety Fleet Derby: Flotilov\u00e9 auto roku a Flotilov\u00fd elektromobil roku.<\/p>\n<p>Odborn\u00e1 porota p\u0159i rozhodov\u00e1n\u00ed brala v\u00a0potaz p\u0159edev\u0161\u00edm celkov\u00e9 n\u00e1klady na provoz (TCO), emisn\u00ed z\u00e1t\u011b\u017e, u\u017eitnou hodnotu, vysp\u011blost komfortn\u00edch i bezpe\u010dnostn\u00edch prvk\u016f a vhodnost dan\u00e9ho pohonu do vozov\u00e9ho parku. Na konci dne pak porota odevzdala hlasovac\u00ed l\u00edstky, z\u00a0nich\u017e vze\u0161el nejlep\u0161\u00ed flotilov\u00fd elektromobil a absolutn\u00ed v\u00edt\u011bz. V\u0161echny hlasovac\u00ed l\u00edstky jsou k\u00a0dispozici na str\u00e1nk\u00e1ch ankety FLEET DERBY.<\/p>\n<p><u><b>\u0160koda op\u011bt sb\u00edrala trofeje<\/b><\/u><\/p>\n<p>Dom\u00e1c\u00ed automobilka se v\u00a0anket\u011b FLEET DERBY tradi\u010dn\u011b umis\u0165uje hodn\u011b vysoko. Letos sice hlavn\u00ed titul celkov\u00e9ho v\u00edt\u011bze nez\u00edskala, ale s\u00a0modelem \u0160koda Enyaq Coup\u00e9 RS iV dos\u00e1hla na stejn\u011b hodnotn\u00e9 ocen\u011bn\u00ed v\u00a0podob\u011b nejlep\u0161\u00edho elektromobilu roku 2023. Stejn\u00fd n\u00e1zor jako odborn\u00e1 porota m\u011bla i ve\u0159ejnost, jeliko\u017e dynamick\u00e9 SUV vyhr\u00e1lo internetovou kategorii elektromobil\u016f. Z\u00e1v\u011bre\u010dnou trofej dovezla \u0160koda Karoq za t\u0159et\u00ed m\u00edsto mezi SUV vozy a crossovery. Kategorii SUV tentokr\u00e1t ovl\u00e1dlo Subaru Forester za solidn\u00ed TCO, vynikaj\u00edc\u00ed z\u016fstatkov\u00e9 hodnoty a mimo\u0159\u00e1dn\u011b \u00fasp\u011b\u0161n\u00e9 ta\u017een\u00ed v\u00a0oblasti bezpe\u010dnosti v n\u00e1razov\u00fdch testech v\u00a0Japonsku, Evrop\u011b a USA.<\/p>\n<p><u><b>Prvenstv\u00ed letos pat\u0159ilo Volkswagenu<\/b><\/u><\/p>\n<p>Jako nejlep\u0161\u00ed v\u016fz leto\u0161n\u00edho kl\u00e1n\u00ed vybrala porota Volkswagen Golf za vyv\u00e1\u017een\u00e9 TCO, dostupn\u00fd a rychl\u00fd servis a skv\u011bl\u00fd pom\u011br ceny a u\u017eitn\u00e9 hodnota. Tak\u00e9 zde se odborn\u00edci shodli se \u0161irok\u00fdm publikem, jeliko\u017e praktick\u00fd Golf nena\u0161el p\u0159emo\u017eitele ani mezi referentsk\u00fdmi vozy. Volkswagen rovn\u011b\u017e z\u00edskal dohromady t\u0159i so\u0161ky. Posledn\u00ed p\u0159idal Volkswagen Tiguan e-Hybrid za t\u0159et\u00ed m\u00edsto mezi ekologick\u00fdmi vozy.<\/p>\n<p><u><b>Da\u0159ilo se N\u011bmc\u016fm i Korejc\u016fm<\/b><\/u><\/p>\n<p>V\u00a0div\u00e1ck\u00e9m internetov\u00e9m hlasov\u00e1n\u00ed si d\u00e1le velice dob\u0159e vedlo BMW s\u00a0elektromobilem i4. Ten se um\u00edstil jako t\u0159et\u00ed mezi mana\u017eersk\u00fdmi vozy a cestou dom\u016f pobral je\u0161t\u011b druh\u00e9 m\u00edsto ve t\u0159\u00edd\u011b elektromobil\u016f.<\/p>\n<p>Mercedes-Benz prok\u00e1zal schopnost oslovit v\u00a0odli\u0161n\u00fdch segmentech. Model Citan zaparkoval na t\u0159et\u00edm m\u00edst\u011b mezi u\u017eitkov\u00fdmi vozy a t\u0159\u00edda C, kter\u00e1 loni kategorii mana\u017eersk\u00fdch voz\u016f vyhr\u00e1la, se letos udr\u017eela na druh\u00e9m m\u00edst\u011b.<\/p>\n<p>Vedle n\u011bmeck\u00fdch zna\u010dek se da\u0159ilo tak\u00e9 duu z\u00a0Koreje. Plug-in hybridn\u00ed Kia Niro byla zvolena nejlep\u0161\u00edm ekologick\u00fdm vozem a v\u011bt\u0161\u00ed Sportage z\u00edskala druh\u00e9 m\u00edsto mezi SUV vozy a crossovery. Hyundai se s\u00a0modelem Staria um\u00edstil na druh\u00e9m m\u00edst\u011b ve t\u0159\u00edd\u011b u\u017eitkov\u00fdch voz\u016f. Doplnil jej elektrick\u00fd Ioniq 5 coby t\u0159et\u00ed nejlep\u0161\u00ed elektromobil.<\/p>\n<p><u><b>Ocen\u011bn\u00ed za flotilov\u00e9 prodeje roku 2022<\/b><\/u><\/p>\n<p>Vzhledem k\u00a0p\u0159etrv\u00e1vaj\u00edc\u00edm \u00faskal\u00edm, kter\u00e1 doprov\u00e1zej\u00ed v\u00fdrobu a dod\u00e1vky nov\u00fdch voz\u016f, je t\u0159eba zvl\u00e1\u0161t\u011b ocenit tvrdou pr\u00e1ci flotilov\u00fdch mana\u017eer\u016f jednotliv\u00fdch zna\u010dek.<\/p>\n<p><b>V\u00a0uplynul\u00e9m roce poutal pozornost i dynamick\u00fd rozvoj zna\u010dky CUPRA<\/b>, kter\u00e1 v\u00a0\u010cesku zaznamenala n\u00e1r\u016fst prodej\u016f o 260 %. Zat\u00edmco v roce 2021 prodala 643 automobil\u016f, loni to bylo p\u0159es 2300. Nej\u00fasp\u011b\u0161n\u011bj\u0161\u00edm flotilov\u00fdm modelem se stal Formentor, kter\u00e9mu se da\u0159ilo p\u0159edev\u0161\u00edm v autop\u016fj\u010dovn\u00e1ch. Sedmdes\u00e1t jich odebral SIXT, dal\u0161\u00edch \u010dty\u0159icet Europcar. Ob\u011b spole\u010dnosti tak\u00e9 po\u010d\u00edtaj\u00ed s\u00a0dod\u00e1n\u00edm \u0161edes\u00e1ti model\u016f CUPRA Leon. Z\u00a0uveden\u00e9ho mno\u017estv\u00ed se loni poda\u0159il p\u0159edat 90 automobil\u016f. Za mimo\u0159\u00e1dn\u00fd v\u00fdkon si ocen\u011bn\u00ed Firemn\u00ed prodeje roku 2022 odnesl Petr Schmidt, flotilov\u00fd mana\u017eer zna\u010dek CUPRA a SEAT.<\/p>\n<p><b>Dal\u0161\u00ed ocen\u011bn\u00ed za flotilov\u00e9 prodeje roku 2022 dost\u00e1v\u00e1 Ford<\/b>. Meziro\u010dn\u00ed n\u00e1r\u016fst prodej\u016f osobn\u00edch vozidel t\u00e9to zna\u010dky je p\u0159es 15 %. Fordu se da\u0159ilo jak s\u00a0pick-upem Ranger, tak s\u00a0velkou elektrickou dod\u00e1vkou Transit. Ranger zv\u00edt\u011bzil ve v\u00fdb\u011brov\u00e9m \u0159\u00edzen\u00ed spole\u010dnosti Lesy \u010cesk\u00e9 republiky. R\u00e1mcov\u00e1 smlouva po\u010d\u00edt\u00e1 s\u00a0dod\u00e1n\u00edm 235 pick-up\u016f. \u00dasp\u011bch zaznamenal tak\u00e9 E-Transit. Spole\u010dnost DHL loni odebrala 14 elektrick\u00fd dod\u00e1vek a p\u0159es 10 jich bude p\u0159ed\u00e1no letos. Mimochodem E-Transit v\u00a0anket\u011b Fleet Derby zv\u00edt\u011bzil v\u00a0kategorii u\u017eitkov\u00fdch automobil\u016f. Mimo\u0159\u00e1dn\u00e9 ocen\u011bn\u00ed tedy p\u0159ebral Petr Fuz\u00e1k, flotilov\u00fd mana\u017eer zna\u010dky Ford<\/p>\n<p><b>Ocen\u011bn\u00ed za flotilov\u00e9 prodeje roku 2022 putovalo tak\u00e9 ke zna\u010dce \u0160koda.<\/b> Komer\u010dn\u00ed banka se rozhodla celou svou flotilu postupn\u011b obm\u011bnit za elektromobily. V\u00a0r\u00e1mci rozs\u00e1hl\u00e9ho v\u00fdb\u011brov\u00e9ho \u0159\u00edzen\u00ed zv\u00edt\u011bzil model Enyaq. B\u011bhem po\u010d\u00e1te\u010dn\u00ed f\u00e1ze obm\u011bny Komer\u010dn\u00ed banka loni odebrala 131 elektrick\u00fdch \u0161kodovek. Zb\u00fdvaj\u00edc\u00edch 500 automobil\u016f bude n\u00e1sledovat v\u00a0dal\u0161\u00edch letech.<\/p>\n<p>Mimo\u0159\u00e1dn\u00e9 ocen\u011bn\u00ed za Firemn\u00ed prodeje roku 2022 p\u0159evzal Michal Nykl, koordin\u00e1tor fleetov\u00fdch prodej\u016f<i> <\/i>spole\u010dnosti \u0160koda Auto.<\/p>\n<p><img loading=\"lazy\" decoding=\"async\" class=\"alignnone size-large wp-image-18788\" src=\"http:\/\/www.automakersnews.cz\/wp-content\/uploads\/2023\/02\/Fleet-Derby-vyherci-1024x607.jpg\" alt=\"\" width=\"1024\" height=\"607\" \/><\/p>\n<p><span style=\"color: #6f6f6f;\"><u><b>ABSOLUTN\u00cd V\u00cdT\u011aZOV\u00c9 ANKETY FLEET DERBY 2023<\/b><\/u><\/span><\/p>\n<p><span style=\"color: #800000;\"><b>Flotilov\u00fd automobil roku 2023<\/b><\/span><\/p>\n<p><span style=\"color: #000000;\"><span style=\"font-family: Roboto, serif;\"><span style=\"font-size: small;\">Volkswagen Golf Variant<\/span><\/span><\/span><\/p>\n<p><span style=\"color: #800000;\"><b>Flotilov\u00e9 elektroauto roku 2023<\/b><\/span><\/p>\n<p><span style=\"color: #000000;\"><span style=\"font-family: Roboto, serif;\"><span style=\"font-size: small;\">\u0160koda Enyaq Coup\u00e9 RS Iv<\/span><\/span><\/span><\/p>\n<p><span style=\"color: #6f6f6f;\"><u><b>V\u00cdT\u011aZOV\u00c9 ANKETY FLEET DERBY 2023 podle t\u0159\u00edd<\/b><\/u><\/span><\/p>\n<p><span style=\"color: #800000;\">\u00a0<b>Mana\u017eersk\u00e9 vozy<\/b><\/span><\/p>\n<ol>\n<li><span style=\"color: #000000;\"><span style=\"font-family: Roboto, serif;\"><span style=\"font-size: small;\">Audi A6<\/span><\/span><\/span><\/li>\n<li><span style=\"color: #000000;\"><span style=\"font-family: Roboto, serif;\"><span style=\"font-size: small;\">Mercedes-Benz C<\/span><\/span><\/span><\/li>\n<li><span style=\"color: #000000;\"><span style=\"font-family: Roboto, serif;\"><span style=\"font-size: small;\">BMW i4<\/span><\/span><\/span><\/li>\n<\/ol>\n<p><span style=\"color: #800000;\"><b>SUV vozy a crossovery\u00a0\u00a0\u00a0\u00a0\u00a0\u00a0\u00a0<\/b><\/span><span style=\"color: #6f6f6f;\"><b>\u00a0<\/b><\/span><\/p>\n<ol>\n<li><span style=\"color: #000000;\"><span style=\"font-family: Roboto, serif;\"><span style=\"font-size: small;\">Subaru Forester<\/span><\/span><\/span><\/li>\n<li><span style=\"color: #000000;\"><span style=\"font-family: Roboto, serif;\"><span style=\"font-size: small;\">Kia Sportage<\/span><\/span><\/span><\/li>\n<li><span style=\"color: #000000;\"><span style=\"font-family: Roboto, serif;\"><span style=\"font-size: small;\">\u0160koda Karoq<\/span><\/span><\/span><\/li>\n<\/ol>\n<p><span style=\"color: #800000;\"><b>Referentsk\u00e9 vozy<\/b><\/span><\/p>\n<ol>\n<li><span style=\"color: #000000;\"><span style=\"font-family: Roboto, serif;\"><span style=\"font-size: small;\">Volkswagen Golf Variant<\/span><\/span><\/span><\/li>\n<li><span style=\"color: #000000;\"><span style=\"font-family: Roboto, serif;\"><span style=\"font-size: small;\">Opel Astra<\/span><\/span><\/span><\/li>\n<li><span style=\"color: #000000;\"><span style=\"font-family: Roboto, serif;\"><span style=\"font-size: small;\">SEAT Leon Sportstourer<\/span><\/span><\/span><\/li>\n<\/ol>\n<p><span style=\"color: #800000;\"><b>Elektromobily<\/b><\/span><\/p>\n<ol>\n<li><span style=\"color: #000000;\"><span style=\"font-family: Roboto, serif;\"><span style=\"font-size: small;\">\u0160koda Enyaq Coup\u00e9 RS iV<\/span><\/span><\/span><\/li>\n<li><span style=\"color: #000000;\"><span style=\"font-family: Roboto, serif;\"><span style=\"font-size: small;\">BMW i4<\/span><\/span><\/span><\/li>\n<li><span style=\"color: #000000;\"><span style=\"font-family: Roboto, serif;\"><span style=\"font-size: small;\">Hyundai Ioniq 5<\/span><\/span><\/span><\/li>\n<\/ol>\n<p><span style=\"color: #800000;\"><b>Ekologick\u00e9 vozy<\/b><\/span><\/p>\n<ol>\n<li><span style=\"color: #000000;\"><span style=\"font-family: Roboto, serif;\"><span style=\"font-size: small;\">Kia Niro PHEV<\/span><\/span><\/span><\/li>\n<li><span style=\"color: #000000;\"><span style=\"font-family: Roboto, serif;\"><span style=\"font-size: small;\">Peugeot 308 SW PHEV<\/span><\/span><\/span><\/li>\n<li><span style=\"color: #000000;\"><span style=\"font-family: Roboto, serif;\"><span style=\"font-size: small;\">Volkswagen Tiguan e-Hybrid<\/span><\/span><\/span><\/li>\n<\/ol>\n<p><span style=\"color: #800000;\">\u00a0<b>U\u017eitkov\u00e9 vozy do 3,5 t<\/b><\/span><\/p>\n<ol>\n<li><span style=\"color: #000000;\"><span style=\"font-family: Roboto, serif;\"><span style=\"font-size: small;\">Ford E-Transit<\/span><\/span><\/span><\/li>\n<li><span style=\"color: #000000;\"><span style=\"font-family: Roboto, serif;\"><span style=\"font-size: small;\">Hyundai Staria<\/span><\/span><\/span><\/li>\n<li><span style=\"color: #000000;\"><span style=\"font-family: Roboto, serif;\"><span style=\"font-size: small;\">Mercedes-Benz Citan<\/span><\/span><\/span><\/li>\n<\/ol>\n<p>&nbsp;<\/p>\n","protected":false},"excerpt":{"rendered":"<div class=\"mh-excerpt\"><p>Hotel Artemis hostil 1. \u00fanora vyhla\u0161ov\u00e1n\u00ed v\u00fdsledk\u016f 9. ro\u010dn\u00edku ankety Fleet Derby, kterou organizuje agentura IKSS s \u010dasopisem Business Car.\u00a0<\/p>\n<\/div>","protected":false},"author":1,"featured_media":18680,"comment_status":"open","ping_status":"open","sticky":false,"template":"","format":"standard","meta":{"footnotes":""},"categories":[7],"tags":[],"class_list":["post-18678","post","type-post","status-publish","format-standard","has-post-thumbnail","hentry","category-ankety"],"_links":{"self":[{"href":"https:\/\/www.automakersnews.cz\/index.php\/wp-json\/wp\/v2\/posts\/18678","targetHints":{"allow":["GET"]}}],"collection":[{"href":"https:\/\/www.automakersnews.cz\/index.php\/wp-json\/wp\/v2\/posts"}],"about":[{"href":"https:\/\/www.automakersnews.cz\/index.php\/wp-json\/wp\/v2\/types\/post"}],"author":[{"embeddable":true,"href":"https:\/\/www.automakersnews.cz\/index.php\/wp-json\/wp\/v2\/users\/1"}],"replies":[{"embeddable":true,"href":"https:\/\/www.automakersnews.cz\/index.php\/wp-json\/wp\/v2\/comments?post=18678"}],"version-history":[{"count":0,"href":"https:\/\/www.automakersnews.cz\/index.php\/wp-json\/wp\/v2\/posts\/18678\/revisions"}],"wp:featuredmedia":[{"embeddable":true,"href":"https:\/\/www.automakersnews.cz\/index.php\/wp-json\/wp\/v2\/media\/18680"}],"wp:attachment":[{"href":"https:\/\/www.automakersnews.cz\/index.php\/wp-json\/wp\/v2\/media?parent=18678"}],"wp:term":[{"taxonomy":"category","embeddable":true,"href":"https:\/\/www.automakersnews.cz\/index.php\/wp-json\/wp\/v2\/categories?post=18678"},{"taxonomy":"post_tag","embeddable":true,"href":"https:\/\/www.automakersnews.cz\/index.php\/wp-json\/wp\/v2\/tags?post=18678"}],"curies":[{"name":"wp","href":"https:\/\/api.w.org\/{rel}","templated":true}]}}