{"id":18683,"date":"2023-02-02T10:38:57","date_gmt":"2023-02-02T10:38:57","guid":{"rendered":"https:\/\/www.automakersnews.cz\/?p=18683"},"modified":"2023-02-03T13:19:44","modified_gmt":"2023-02-03T13:19:44","slug":"prodej-aut-v-cr-chybi-nejen-vozy-ale-i-lide","status":"publish","type":"post","link":"https:\/\/www.automakersnews.cz\/index.php\/2023\/02\/02\/prodej-aut-v-cr-chybi-nejen-vozy-ale-i-lide\/","title":{"rendered":"Prodej aut v \u010cR: Chyb\u00ed nejen vozy, ale i lid\u00e9"},"content":{"rendered":"<p><strong>\u017de je na trhu nedostatek nov\u00fdch aut nen\u00ed \u017e\u00e1dn\u00e1 novinka. Probl\u00e9m tr\u00e1p\u00ed v\u00fdrobce, prodejce i z\u00e1kazn\u00edky ji\u017e skoro dva roky. Vedle nov\u00fdch aut chyb\u00ed v oboru ale tak\u00e9 kvalitn\u00ed pracovn\u00edci. To se te\u010f z\u00e1bavn\u00fdm klipem sna\u017e\u00ed zm\u011bnit spole\u010dnosti Auto Pr\u016fhonice a Albion Cars, kter\u00e9 najaly zn\u00e1m\u00e9 osobnosti, aby nov\u00e9 zam\u011bstnance do jejich dealerstv\u00ed p\u0159il\u00e1kaly.<\/strong><!--more--><\/p>\n<p>Jen si to p\u0159edstavte. P\u0159ijdete do autosalonu a hned na recepci v\u00e1s p\u0159iv\u00edt\u00e1 p\u016fvabn\u00e1\u00a0 here\u010dka A\u0148a Geislerov\u00e1. Auto v\u00e1m p\u0159ijme do opravy trochu zmaten\u00fd hudebn\u00edk Roman Hol\u00fd, n\u00e1sledn\u011b v\u00e1m ho oprav\u00ed zp\u011bv\u00e1k Mat\u011bj Ruppert a tomu v\u0161emu hrd\u011b \u0161\u00e9fuje herec Marek Tacl\u00edk. \u017de se v\u00e1m to mus\u00ed z\u00e1konit\u011b zd\u00e1t? Ale nemus\u00ed\u2026<\/p>\n<p>P\u0159esn\u011b takhle vypadalo na konci lo\u0148sk\u00e9ho dubna person\u00e1ln\u00ed obsazen\u00ed pobo\u010dek Auto Pr\u016fhonice a Albion Cars v \u010cestlic\u00edch nedaleko Prahy. A ne\u0161lo o n\u011bjak\u00fd bizarn\u00ed ve\u010d\u00edrek celebrit, ale o nat\u00e1\u010den\u00ed reklamn\u00edho spotu, ve kter\u00e9m si zn\u00e1m\u00e9 tv\u00e1\u0159e vyzkou\u0161eli na vlastn\u00ed k\u016f\u017ei pr\u00e1ci v autorizovan\u00e9m dealerstv\u00ed voz\u016f Volvo a Jaguar a Land Rover.<\/p>\n<iframe loading=\"lazy\"  style=\"display: block; margin: 0px auto;\"  id=\"_ytid_78126\"  width=\"800\" height=\"450\"  data-origwidth=\"800\" data-origheight=\"450\" src=\"https:\/\/www.youtube.com\/embed\/ShFIk1JekKQ?enablejsapi=1&autoplay=1&cc_load_policy=0&iv_load_policy=1&loop=1&playlist=ShFIk1JekKQ&modestbranding=0&fs=1&playsinline=0&controls=1&color=red&cc_lang_pref=&rel=1&autohide=2&theme=dark&\" class=\"__youtube_prefs__  no-lazyload\" title=\"YouTube player\"  allow=\"accelerometer; autoplay; clipboard-write; encrypted-media; gyroscope; picture-in-picture\" allowfullscreen data-no-lazy=\"1\" data-skipgform_ajax_framebjll=\"\"><\/iframe>\n<p>Vedle ji\u017e zm\u00edn\u011bn\u00fdch osobnost\u00ed se p\u0159ed kamerou p\u0159edstavili nap\u0159\u00edklad satirick\u00fd grafik TMBK, moder\u00e1tor Patrik Hezuck\u00fd, fotograf Tom\u00e1\u0161 T\u0159e\u0161t\u00edk, jazzov\u00fd kytarista Rudy Linka, moder\u00e1torka La\u010fka N\u011brge\u0161ov\u00e1, zp\u011bv\u00e1k Ond\u0159ej Ruml, herec Hynek \u010cerm\u00e1k, moder\u00e1tor Libor Bou\u010dek nebo zp\u011bva\u010dka Tereza \u010cernochov\u00e1.<\/p>\n<p>Ti v\u0161ichni se dle p\u0159\u00edb\u011bhu z klipu v dealerstv\u00ed potkali b\u011bhem koronavirov\u00e9 pandemie, kdy jejich odv\u011btv\u00ed z velk\u00e9 v\u011bt\u0161iny stagnovalo a oni tak nem\u011bli pr\u00e1ci.<\/p>\n<p>Jedin\u00fdm skute\u010dn\u00fdm \u201czam\u011bstnancem\u201d spole\u010dnosti, kter\u00fd v z\u00e1bavn\u00e9m videu tak\u00e9 hraje, je\u00a0 spolumajitel obou dealerstv\u00ed Karel Stolejda, kter\u00fd si st\u0159ihl men\u0161\u00ed roli, ve kter\u00e9 hraje s\u00e1m sebe:<\/p>\n<p>\u201cJsem r\u00e1d, \u017ee jsem se mohl potkat na place s Markem Tacl\u00edkem, kter\u00fd je jeden z m\u00fdch obl\u00edben\u00fdch herc\u016f. O to v\u00edc m\u011b t\u011b\u0161\u00ed, \u017ee m\u011b ve videu \u010d\u00e1ste\u010dn\u011b hraje pr\u00e1v\u011b on,\u201d popisuje trochu tajemn\u011b jednu ze sc\u00e9n videa s potuteln\u00fdm \u00fasm\u011bvem na tv\u00e1\u0159i Karel Stolejda.<\/p>\n<iframe loading=\"lazy\"  style=\"display: block; margin: 0px auto;\"  id=\"_ytid_24931\"  width=\"800\" height=\"450\"  data-origwidth=\"800\" data-origheight=\"450\" src=\"https:\/\/www.youtube.com\/embed\/Icg1DAoqsLc?enablejsapi=1&autoplay=1&cc_load_policy=0&iv_load_policy=1&loop=1&playlist=Icg1DAoqsLc&modestbranding=0&fs=1&playsinline=0&controls=1&color=red&cc_lang_pref=&rel=1&autohide=2&theme=dark&\" class=\"__youtube_prefs__  no-lazyload\" title=\"YouTube player\"  allow=\"accelerometer; autoplay; clipboard-write; encrypted-media; gyroscope; picture-in-picture\" allowfullscreen data-no-lazy=\"1\" data-skipgform_ajax_framebjll=\"\"><\/iframe>\n<p>C\u00edlem videospotu je nejen zviditeln\u011bn\u00ed spole\u010dnost\u00ed Auto Pr\u016fhonice a Albion Cars, ale tak\u00e9 snaha p\u0159il\u00e1kat nov\u00e9 zam\u011bstnance. \u201eChceme vtipn\u00fdm videem uk\u00e1zat, \u017ee pracovat u n\u00e1s je z\u00e1bava. Nab\u00edz\u00edme modern\u00ed a vl\u00eddn\u00e9 prost\u0159ed\u00ed pro zam\u011bstnance na v\u0161ech pozic\u00edch a zaj\u00edmav\u00e9 zam\u011bstnaneck\u00e9 benefity, jako jsou sn\u00eddan\u011b zdarma, firemn\u00ed fitko nebo dokonce vlastn\u00ed kinos\u00e1l,\u201d dod\u00e1v\u00e1 k cel\u00e9mu projektu HR mana\u017eerka spole\u010dnost\u00ed Auto Pr\u016fhonice a Albion Cars Krist\u00fdna Hrdli\u010dkov\u00e1.<\/p>\n<p><strong>P\u0159ehled voln\u00fdch pozic najdete na:<\/strong><\/p>\n<p><a href=\"https:\/\/kariera.volvista.cz\/\"> kariera.volvista.cz<\/a> a <a href=\"https:\/\/kariera.albioncars.cz\/\">kariera.albioncars.cz<\/a><\/p>\n<iframe loading=\"lazy\"  style=\"display: block; margin: 0px auto;\"  id=\"_ytid_23738\"  width=\"800\" height=\"450\"  data-origwidth=\"800\" data-origheight=\"450\" src=\"https:\/\/www.youtube.com\/embed\/Py-XIhTFpY4?enablejsapi=1&autoplay=1&cc_load_policy=0&iv_load_policy=1&loop=1&playlist=Py-XIhTFpY4&modestbranding=0&fs=1&playsinline=0&controls=1&color=red&cc_lang_pref=&rel=1&autohide=2&theme=dark&\" class=\"__youtube_prefs__  no-lazyload\" title=\"YouTube player\"  allow=\"accelerometer; autoplay; clipboard-write; encrypted-media; gyroscope; picture-in-picture\" allowfullscreen data-no-lazy=\"1\" data-skipgform_ajax_framebjll=\"\"><\/iframe>\n<p>\u201eA\u010dkoliv je situace na trhu s nov\u00fdmi vozy pon\u011bkud komplikovan\u00e1, my navzdory tomu st\u00e1le rosteme. Loni jsme nap\u0159\u00edklad otev\u0159eli novou pobo\u010dku Albion Cars v Brn\u011b,\u201d popisuje v\u00fdkonn\u00fd \u0159editel obou zmi\u0148ovan\u00fdch dealerstv\u00ed Du\u0161an Chlad a dod\u00e1v\u00e1:<\/p>\n<p>\u201eSpolu s expanz\u00ed na\u0161ich dealerstv\u00ed jde samoz\u0159ejm\u011b ruku v ruce pot\u0159eba nov\u00fdch zam\u011bstnanc\u016f. Naj\u00edt v dne\u0161n\u00ed dob\u011b na trhu kvalitn\u00ed a kvalifikovan\u00e9 lidi nen\u00ed jednoduch\u00e9, my ale douf\u00e1me, \u017ee se n\u00e1m to i d\u00edky neot\u0159el\u00fdm videospot\u016fm rychle poda\u0159\u00ed.\u201d<\/p>\n<p><img loading=\"lazy\" decoding=\"async\" class=\"alignnone size-large wp-image-18685\" src=\"http:\/\/www.automakersnews.cz\/wp-content\/uploads\/2023\/02\/Albion-Cars-Geislerova-1024x576.jpg\" alt=\"\" width=\"1024\" height=\"576\" \/><\/p>\n<p>Nat\u00e1\u010den\u00ed videospot\u016f se zn\u00e1m\u00fdmi osobnostmi prob\u00edhalo t\u0159i dny na konci dubna 2022 v dealerstv\u00edch Auto Pr\u016fhonice a Albion Cars v \u010cestlic\u00edch nedaleko Prahy.<\/p>\n<iframe loading=\"lazy\"  style=\"display: block; margin: 0px auto;\"  id=\"_ytid_85573\"  width=\"800\" height=\"450\"  data-origwidth=\"800\" data-origheight=\"450\" src=\"https:\/\/www.youtube.com\/embed\/b7O73OYDSMk?enablejsapi=1&autoplay=1&cc_load_policy=0&iv_load_policy=1&loop=1&playlist=b7O73OYDSMk&modestbranding=0&fs=1&playsinline=0&controls=1&color=red&cc_lang_pref=&rel=1&autohide=2&theme=dark&\" class=\"__youtube_prefs__  no-lazyload\" title=\"YouTube player\"  allow=\"accelerometer; autoplay; clipboard-write; encrypted-media; gyroscope; picture-in-picture\" allowfullscreen data-no-lazy=\"1\" data-skipgform_ajax_framebjll=\"\"><\/iframe>\n<p>O v\u00fdrobu spot\u016f se postarala produkce BEZE STRACHU, re\u017eie se ujal Jan Strach, kameru obstaral Petr \u017di\u017eka, za sc\u00e9n\u00e1\u0159em stoj\u00ed Barbora Guzdkov\u00e1.<\/p>\n<p>&nbsp;<\/p>\n","protected":false},"excerpt":{"rendered":"<div class=\"mh-excerpt\"><p>\u017de je na trhu nedostatek nov\u00fdch aut nen\u00ed \u017e\u00e1dn\u00e1 novinka. Probl\u00e9m tr\u00e1p\u00ed v\u00fdrobce, prodejce i z\u00e1kazn\u00edky ji\u017e skoro dva roky. Vedle nov\u00fdch aut chyb\u00ed v <a class=\"mh-excerpt-more\" href=\"https:\/\/www.automakersnews.cz\/index.php\/2023\/02\/02\/prodej-aut-v-cr-chybi-nejen-vozy-ale-i-lide\/\" title=\"Prodej aut v \u010cR: Chyb\u00ed nejen vozy, ale i lid\u00e9\">[&#8230;]<\/a><\/p>\n<\/div>","protected":false},"author":1,"featured_media":18684,"comment_status":"open","ping_status":"open","sticky":false,"template":"","format":"standard","meta":{"footnotes":""},"categories":[39,3],"tags":[],"class_list":["post-18683","post","type-post","status-publish","format-standard","has-post-thumbnail","hentry","category-dealeri","category-personalie"],"_links":{"self":[{"href":"https:\/\/www.automakersnews.cz\/index.php\/wp-json\/wp\/v2\/posts\/18683","targetHints":{"allow":["GET"]}}],"collection":[{"href":"https:\/\/www.automakersnews.cz\/index.php\/wp-json\/wp\/v2\/posts"}],"about":[{"href":"https:\/\/www.automakersnews.cz\/index.php\/wp-json\/wp\/v2\/types\/post"}],"author":[{"embeddable":true,"href":"https:\/\/www.automakersnews.cz\/index.php\/wp-json\/wp\/v2\/users\/1"}],"replies":[{"embeddable":true,"href":"https:\/\/www.automakersnews.cz\/index.php\/wp-json\/wp\/v2\/comments?post=18683"}],"version-history":[{"count":0,"href":"https:\/\/www.automakersnews.cz\/index.php\/wp-json\/wp\/v2\/posts\/18683\/revisions"}],"wp:featuredmedia":[{"embeddable":true,"href":"https:\/\/www.automakersnews.cz\/index.php\/wp-json\/wp\/v2\/media\/18684"}],"wp:attachment":[{"href":"https:\/\/www.automakersnews.cz\/index.php\/wp-json\/wp\/v2\/media?parent=18683"}],"wp:term":[{"taxonomy":"category","embeddable":true,"href":"https:\/\/www.automakersnews.cz\/index.php\/wp-json\/wp\/v2\/categories?post=18683"},{"taxonomy":"post_tag","embeddable":true,"href":"https:\/\/www.automakersnews.cz\/index.php\/wp-json\/wp\/v2\/tags?post=18683"}],"curies":[{"name":"wp","href":"https:\/\/api.w.org\/{rel}","templated":true}]}}